{"id":3273,"date":"2019-08-27T21:32:43","date_gmt":"2019-08-27T21:32:43","guid":{"rendered":"http:\/\/defensoriaparana.com.ar\/?p=3273"},"modified":"2022-08-26T21:33:18","modified_gmt":"2022-08-26T21:33:18","slug":"colectivos-el-defensor-del-pueblo-pidio-al-municipio-que-arbitre-medidas-para-garantizar-la-continuidad-del-servicio","status":"publish","type":"post","link":"https:\/\/defensoriaparana.com.ar\/index.php\/2019\/08\/27\/colectivos-el-defensor-del-pueblo-pidio-al-municipio-que-arbitre-medidas-para-garantizar-la-continuidad-del-servicio\/","title":{"rendered":"Colectivos: el Defensor del Pueblo pidi\u00f3 al Municipio que arbitre medidas para garantizar la continuidad del servicio"},"content":{"rendered":"<p>Ante la proximidad del cambio de mes, el Defensor del Pueblo Adjunto de la Ciudad, Pablo Donad\u00edo, solicit\u00f3 al Secretario de Servicios P\u00fablicos de la Municipalidad de Paran\u00e1, Ricardo Frank, se arbitren \u201clas acciones necesarias para garantizar la transferencia de subsidios y verificar el pago de haberes correspondiente a agosto del personal\u201d de las empresas prestadoras del servicio de colectivos urbanos. Asimismo, requiri\u00f3 que se controle el cumplimiento de frecuencias y horarios actuales.<\/p>\n<p>La primera solicitud fue realizada por una nota elevada el jueves y se basa en la proximidad de un nuevo pago de salarios, cuesti\u00f3n que este mes dej\u00f3 a la ciudad sin servicio durante 15 d\u00edas. Con el fin de anticipar acciones, el Defensor Donad\u00edo sugiri\u00f3 que se convoque a una reuni\u00f3n del Sistema Integral de Transporte Urbano (SITU), \u00e1mbito de an\u00e1lisis y control en el que participa la Defensor\u00eda junto a representantes de sectores involucrados en la prestaci\u00f3n del servicio.<\/p>\n<p>\u201cDe ning\u00fan modo puede repetirse la suspensi\u00f3n del servicio, tal como ocurri\u00f3 d\u00edas pasados, cuando los usuarios se vieron imposibilitados de contar con el mismo, dado que \u00e9ste es responsabilidad del Estado Municipal\u201d, expres\u00f3 el Defensor en la nota.<\/p>\n<p>Respecto al funcionamiento de los colectivos tras las medidas de fuerza, la Defensor\u00eda ha recibido reclamos de usuarios que dan cuenta de incumplimientos en frecuencias y horarios. Por ello, se solicit\u00f3 tambi\u00e9n por nota a la Secretar\u00eda de Servicios P\u00fablicos se controle la prestaci\u00f3n, puesto que pasajeros advierten que \u201cno se estar\u00edan cumpliendo los horarios y el tiempo de espera ha resultado ser similar al de fines de semanas y feriados\u201d.<\/p>\n","protected":false},"excerpt":{"rendered":"<p>Ante la proximidad del cambio de mes, el Defensor del Pueblo Adjunto de la Ciudad, Pablo Donad\u00edo, solicit\u00f3 al Secretario de Servicios P\u00fablicos de la Municipalidad de Paran\u00e1, Ricardo Frank, se arbitren \u201clas acciones necesarias para garantizar la transferencia de subsidios y verificar el pago de haberes correspondiente a agosto del personal\u201d de las empresas [&hellip;]<\/p>\n","protected":false},"author":1,"featured_media":0,"comment_status":"open","ping_status":"open","sticky":false,"template":"","format":"standard","meta":{"om_disable_all_campaigns":false,"_monsterinsights_skip_tracking":false,"_monsterinsights_sitenote_active":false,"_monsterinsights_sitenote_note":"","_monsterinsights_sitenote_category":0},"categories":[1],"tags":[],"_links":{"self":[{"href":"https:\/\/defensoriaparana.com.ar\/index.php\/wp-json\/wp\/v2\/posts\/3273"}],"collection":[{"href":"https:\/\/defensoriaparana.com.ar\/index.php\/wp-json\/wp\/v2\/posts"}],"about":[{"href":"https:\/\/defensoriaparana.com.ar\/index.php\/wp-json\/wp\/v2\/types\/post"}],"author":[{"embeddable":true,"href":"https:\/\/defensoriaparana.com.ar\/index.php\/wp-json\/wp\/v2\/users\/1"}],"replies":[{"embeddable":true,"href":"https:\/\/defensoriaparana.com.ar\/index.php\/wp-json\/wp\/v2\/comments?post=3273"}],"version-history":[{"count":1,"href":"https:\/\/defensoriaparana.com.ar\/index.php\/wp-json\/wp\/v2\/posts\/3273\/revisions"}],"predecessor-version":[{"id":3276,"href":"https:\/\/defensoriaparana.com.ar\/index.php\/wp-json\/wp\/v2\/posts\/3273\/revisions\/3276"}],"wp:attachment":[{"href":"https:\/\/defensoriaparana.com.ar\/index.php\/wp-json\/wp\/v2\/media?parent=3273"}],"wp:term":[{"taxonomy":"category","embeddable":true,"href":"https:\/\/defensoriaparana.com.ar\/index.php\/wp-json\/wp\/v2\/categories?post=3273"},{"taxonomy":"post_tag","embeddable":true,"href":"https:\/\/defensoriaparana.com.ar\/index.php\/wp-json\/wp\/v2\/tags?post=3273"}],"curies":[{"name":"wp","href":"https:\/\/api.w.org\/{rel}","templated":true}]}}