{"id":3275,"date":"2019-08-17T21:32:45","date_gmt":"2019-08-17T21:32:45","guid":{"rendered":"http:\/\/defensoriaparana.com.ar\/?p=3275"},"modified":"2022-08-26T21:33:48","modified_gmt":"2022-08-26T21:33:48","slug":"apoyo-a-las-modificaciones-propuestas-para-el-funcionamiento-de-la-defensoria-del-pueblo-de-parana","status":"publish","type":"post","link":"https:\/\/defensoriaparana.com.ar\/index.php\/2019\/08\/17\/apoyo-a-las-modificaciones-propuestas-para-el-funcionamiento-de-la-defensoria-del-pueblo-de-parana\/","title":{"rendered":"Apoyo a las modificaciones propuestas para el funcionamiento de la Defensor\u00eda del Pueblo de Paran\u00e1"},"content":{"rendered":"<p>El Defensor del Pueblo Adjunto de la Ciudad, Pablo Donad\u00edo, y la Coordinadora del Centro de Mediaci\u00f3n Comunitario de la instituci\u00f3n, Irina Chausovsky, participaron esta ma\u00f1ana de una reuni\u00f3n de las comisiones de Legislaci\u00f3n e Interpretaci\u00f3n y de Presupuesto y Hacienda del Concejo Deliberante, en la que se analiz\u00f3 un proyecto de ordenanza que propone modificaciones sustanciales en el funcionamiento de la Defensor\u00eda del Pueblo de Paran\u00e1.<\/p>\n<p>Al respecto, los referentes de la instituci\u00f3n consideraron favorables las reformas propuestas, en vista de que algunas de ellas \u2013como la autarqu\u00eda, la independencia econ\u00f3mica y una mejora en la proporci\u00f3n presupuestaria- ven\u00edan siendo un reclamo de la Defensor\u00eda de Paran\u00e1. Tambi\u00e9n, la institucionalizaci\u00f3n del Registro de Mediadores Comunitarios Voluntarios que tiene el Centro de Mediaci\u00f3n desde 2003 y la incorporaci\u00f3n en la norma de la creaci\u00f3n del Defensor de los Derechos de las Personas Mayores (Ord. 9.389) son otros de los aspectos fundamentales incluidos en el proyecto.<\/p>\n<p>El Defensor del Pueblo Adjunto y la Coordinadora del Centro de Mediaci\u00f3n expresaron su acompa\u00f1amiento a la iniciativa y destacaron el hecho de que fueron consultados en la etapa de redacci\u00f3n del proyecto y, ahora, convocados a participar de su an\u00e1lisis, siendo escuchados y tomados en cuenta sus aportes. En ese marco, se introdujeron algunas modificaciones al texto.<\/p>\n<p>La instituci\u00f3n local fue creada a trav\u00e9s de la Ordenanza N\u00ba 8.391, sancionada el 30 de diciembre de 2002 y promulgada en el inicio de 2003. Cinco a\u00f1os despu\u00e9s, en 2008, la reforma de la Constituci\u00f3n de la provincia introdujo definiciones sobre la instituci\u00f3n, que se mencionan en el fundamento del nuevo proyecto de ordenanza. Se citan el art\u00edculo 215 de la Constituci\u00f3n que dispone que \u201cla Defensor\u00eda del Pueblo es un \u00f3rgano unipersonal e independiente\u201d y el art\u00edculo 217 que consigna que \u201cel defensor del Pueblo, la Fiscal\u00eda de Estado, el Tribunal de Cuentas y la Contadur\u00eda General son \u00f3rganos aut\u00f3nomos en sus funciones, proponen y ejecutan su propio presupuesto, designan y remueven su personal\u201d.<\/p>\n","protected":false},"excerpt":{"rendered":"<p>El Defensor del Pueblo Adjunto de la Ciudad, Pablo Donad\u00edo, y la Coordinadora del Centro de Mediaci\u00f3n Comunitario de la instituci\u00f3n, Irina Chausovsky, participaron esta ma\u00f1ana de una reuni\u00f3n de las comisiones de Legislaci\u00f3n e Interpretaci\u00f3n y de Presupuesto y Hacienda del Concejo Deliberante, en la que se analiz\u00f3 un proyecto de ordenanza que propone [&hellip;]<\/p>\n","protected":false},"author":1,"featured_media":0,"comment_status":"open","ping_status":"open","sticky":false,"template":"","format":"standard","meta":{"om_disable_all_campaigns":false,"_monsterinsights_skip_tracking":false,"_monsterinsights_sitenote_active":false,"_monsterinsights_sitenote_note":"","_monsterinsights_sitenote_category":0},"categories":[1],"tags":[],"_links":{"self":[{"href":"https:\/\/defensoriaparana.com.ar\/index.php\/wp-json\/wp\/v2\/posts\/3275"}],"collection":[{"href":"https:\/\/defensoriaparana.com.ar\/index.php\/wp-json\/wp\/v2\/posts"}],"about":[{"href":"https:\/\/defensoriaparana.com.ar\/index.php\/wp-json\/wp\/v2\/types\/post"}],"author":[{"embeddable":true,"href":"https:\/\/defensoriaparana.com.ar\/index.php\/wp-json\/wp\/v2\/users\/1"}],"replies":[{"embeddable":true,"href":"https:\/\/defensoriaparana.com.ar\/index.php\/wp-json\/wp\/v2\/comments?post=3275"}],"version-history":[{"count":2,"href":"https:\/\/defensoriaparana.com.ar\/index.php\/wp-json\/wp\/v2\/posts\/3275\/revisions"}],"predecessor-version":[{"id":3279,"href":"https:\/\/defensoriaparana.com.ar\/index.php\/wp-json\/wp\/v2\/posts\/3275\/revisions\/3279"}],"wp:attachment":[{"href":"https:\/\/defensoriaparana.com.ar\/index.php\/wp-json\/wp\/v2\/media?parent=3275"}],"wp:term":[{"taxonomy":"category","embeddable":true,"href":"https:\/\/defensoriaparana.com.ar\/index.php\/wp-json\/wp\/v2\/categories?post=3275"},{"taxonomy":"post_tag","embeddable":true,"href":"https:\/\/defensoriaparana.com.ar\/index.php\/wp-json\/wp\/v2\/tags?post=3275"}],"curies":[{"name":"wp","href":"https:\/\/api.w.org\/{rel}","templated":true}]}}