{"id":3280,"date":"2018-09-24T21:34:12","date_gmt":"2018-09-24T21:34:12","guid":{"rendered":"http:\/\/defensoriaparana.com.ar\/?p=3280"},"modified":"2022-08-26T21:34:59","modified_gmt":"2022-08-26T21:34:59","slug":"participacion-y-una-visita-especial-en-el-encuentro-del-sabado","status":"publish","type":"post","link":"https:\/\/defensoriaparana.com.ar\/index.php\/2018\/09\/24\/participacion-y-una-visita-especial-en-el-encuentro-del-sabado\/","title":{"rendered":"Participaci\u00f3n y una visita especial en el encuentro del s\u00e1bado"},"content":{"rendered":"<p>Este s\u00e1bado concluy\u00f3 Di\u00e1logos en la Comunidad 2018, con el taller El lenguaje art\u00edstico. Construcci\u00f3n de v\u00ednculos de confianza a cargo de Mar\u00eda Luz G\u00f3mez y Ezequiel Buch. El encuentro tuvo la participaci\u00f3n especial de Oscar Negredo Carrillo, un reconocido mediador comunitario proveniente de Barcelona, quien lleg\u00f3 a la ciudad interesado en conocer de cerca la experiencia y el trabajo del Centro de Mediaci\u00f3n de la Defensor\u00eda del Pueblo de la Ciudad de Paran\u00e1.<br \/>\n<img loading=\"lazy\" class=\"alignnone size-thumbnail wp-image-5933\" src=\"http:\/\/www.defensoriaparana.gov.ar\/wp-content\/uploads\/FOT10-150x150.jpg\" sizes=\"(max-width: 150px) 100vw, 150px\" srcset=\"https:\/\/www.defensoriaparana.gov.ar\/wp-content\/uploads\/FOT10-150x150.jpg 150w, https:\/\/www.defensoriaparana.gov.ar\/wp-content\/uploads\/FOT10-32x32.jpg 32w\" alt=\"\" width=\"150\" height=\"150\" \/>\u201cHermosos momentos vivimos a lo largo de todo el ciclo, con excelentes docentes que propiciaron espacios de reflexi\u00f3n profunda y vivencias compartidas, que nos demuestran una vez m\u00e1s que vale la pena generar propuestas en las que sigamos apostando a mejorar la convivencia cotidiana\u201d, escribi\u00f3 Irina Chausovsky, Coordinadora del Centro de Mediaci\u00f3n de Paran\u00e1, en relaci\u00f3n a la experiencia de Di\u00e1logos 2018, en su cuarta edici\u00f3n.<br \/>\nA continuaci\u00f3n, una serie de im\u00e1genes que dan cuenta de la actividad en el encuentro del \u00faltimo s\u00e1bado.<br \/>\n<img loading=\"lazy\" class=\"alignnone size-thumbnail wp-image-5935\" src=\"http:\/\/www.defensoriaparana.gov.ar\/wp-content\/uploads\/FOT-1-150x150.jpg\" sizes=\"(max-width: 150px) 100vw, 150px\" srcset=\"https:\/\/www.defensoriaparana.gov.ar\/wp-content\/uploads\/FOT-1-150x150.jpg 150w, https:\/\/www.defensoriaparana.gov.ar\/wp-content\/uploads\/FOT-1-32x32.jpg 32w\" alt=\"\" width=\"150\" height=\"150\" \/><br \/>\n<img loading=\"lazy\" class=\"alignnone size-thumbnail wp-image-5936\" src=\"http:\/\/www.defensoriaparana.gov.ar\/wp-content\/uploads\/FOT2-150x150.jpg\" sizes=\"(max-width: 150px) 100vw, 150px\" srcset=\"https:\/\/www.defensoriaparana.gov.ar\/wp-content\/uploads\/FOT2-150x150.jpg 150w, https:\/\/www.defensoriaparana.gov.ar\/wp-content\/uploads\/FOT2-32x32.jpg 32w\" alt=\"\" width=\"150\" height=\"150\" \/>\u00a0<img loading=\"lazy\" class=\"alignnone size-thumbnail wp-image-5937\" src=\"http:\/\/www.defensoriaparana.gov.ar\/wp-content\/uploads\/FOT3-150x150.jpg\" sizes=\"(max-width: 150px) 100vw, 150px\" srcset=\"https:\/\/www.defensoriaparana.gov.ar\/wp-content\/uploads\/FOT3-150x150.jpg 150w, https:\/\/www.defensoriaparana.gov.ar\/wp-content\/uploads\/FOT3-32x32.jpg 32w\" alt=\"\" width=\"150\" height=\"150\" \/>\u00a0<img loading=\"lazy\" class=\"alignnone size-thumbnail wp-image-5938\" src=\"http:\/\/www.defensoriaparana.gov.ar\/wp-content\/uploads\/FOT4-150x150.jpg\" sizes=\"(max-width: 150px) 100vw, 150px\" srcset=\"https:\/\/www.defensoriaparana.gov.ar\/wp-content\/uploads\/FOT4-150x150.jpg 150w, https:\/\/www.defensoriaparana.gov.ar\/wp-content\/uploads\/FOT4-32x32.jpg 32w\" alt=\"\" width=\"150\" height=\"150\" \/>\u00a0<img loading=\"lazy\" class=\"alignnone size-thumbnail wp-image-5939\" src=\"http:\/\/www.defensoriaparana.gov.ar\/wp-content\/uploads\/FOT5-150x150.jpg\" sizes=\"(max-width: 150px) 100vw, 150px\" srcset=\"https:\/\/www.defensoriaparana.gov.ar\/wp-content\/uploads\/FOT5-150x150.jpg 150w, https:\/\/www.defensoriaparana.gov.ar\/wp-content\/uploads\/FOT5-32x32.jpg 32w\" alt=\"\" width=\"150\" height=\"150\" \/>\u00a0<img loading=\"lazy\" class=\"alignnone size-thumbnail wp-image-5940\" src=\"http:\/\/www.defensoriaparana.gov.ar\/wp-content\/uploads\/FOT6-150x150.jpg\" sizes=\"(max-width: 150px) 100vw, 150px\" srcset=\"https:\/\/www.defensoriaparana.gov.ar\/wp-content\/uploads\/FOT6-150x150.jpg 150w, https:\/\/www.defensoriaparana.gov.ar\/wp-content\/uploads\/FOT6-32x32.jpg 32w\" alt=\"\" width=\"150\" height=\"150\" \/>\u00a0<img loading=\"lazy\" class=\"alignnone size-thumbnail wp-image-5941\" src=\"http:\/\/www.defensoriaparana.gov.ar\/wp-content\/uploads\/FOT7-150x150.jpg\" sizes=\"(max-width: 150px) 100vw, 150px\" srcset=\"https:\/\/www.defensoriaparana.gov.ar\/wp-content\/uploads\/FOT7-150x150.jpg 150w, https:\/\/www.defensoriaparana.gov.ar\/wp-content\/uploads\/FOT7-32x32.jpg 32w\" alt=\"\" width=\"150\" height=\"150\" \/>\u00a0<img loading=\"lazy\" class=\"alignnone size-thumbnail wp-image-5942\" src=\"http:\/\/www.defensoriaparana.gov.ar\/wp-content\/uploads\/FOT8-150x150.jpg\" sizes=\"(max-width: 150px) 100vw, 150px\" srcset=\"https:\/\/www.defensoriaparana.gov.ar\/wp-content\/uploads\/FOT8-150x150.jpg 150w, https:\/\/www.defensoriaparana.gov.ar\/wp-content\/uploads\/FOT8-32x32.jpg 32w\" alt=\"\" width=\"150\" height=\"150\" \/>\u00a0<img loading=\"lazy\" class=\"alignnone size-thumbnail wp-image-5943\" src=\"http:\/\/www.defensoriaparana.gov.ar\/wp-content\/uploads\/FOT9-150x150.jpg\" sizes=\"(max-width: 150px) 100vw, 150px\" srcset=\"https:\/\/www.defensoriaparana.gov.ar\/wp-content\/uploads\/FOT9-150x150.jpg 150w, https:\/\/www.defensoriaparana.gov.ar\/wp-content\/uploads\/FOT9-32x32.jpg 32w\" alt=\"\" width=\"150\" height=\"150\" \/><\/p>\n","protected":false},"excerpt":{"rendered":"<p>Este s\u00e1bado concluy\u00f3 Di\u00e1logos en la Comunidad 2018, con el taller El lenguaje art\u00edstico. Construcci\u00f3n de v\u00ednculos de confianza a cargo de Mar\u00eda Luz G\u00f3mez y Ezequiel Buch. El encuentro tuvo la participaci\u00f3n especial de Oscar Negredo Carrillo, un reconocido mediador comunitario proveniente de Barcelona, quien lleg\u00f3 a la ciudad interesado en conocer de cerca [&hellip;]<\/p>\n","protected":false},"author":1,"featured_media":0,"comment_status":"open","ping_status":"open","sticky":false,"template":"","format":"standard","meta":{"om_disable_all_campaigns":false,"_monsterinsights_skip_tracking":false,"_monsterinsights_sitenote_active":false,"_monsterinsights_sitenote_note":"","_monsterinsights_sitenote_category":0},"categories":[1],"tags":[],"_links":{"self":[{"href":"https:\/\/defensoriaparana.com.ar\/index.php\/wp-json\/wp\/v2\/posts\/3280"}],"collection":[{"href":"https:\/\/defensoriaparana.com.ar\/index.php\/wp-json\/wp\/v2\/posts"}],"about":[{"href":"https:\/\/defensoriaparana.com.ar\/index.php\/wp-json\/wp\/v2\/types\/post"}],"author":[{"embeddable":true,"href":"https:\/\/defensoriaparana.com.ar\/index.php\/wp-json\/wp\/v2\/users\/1"}],"replies":[{"embeddable":true,"href":"https:\/\/defensoriaparana.com.ar\/index.php\/wp-json\/wp\/v2\/comments?post=3280"}],"version-history":[{"count":1,"href":"https:\/\/defensoriaparana.com.ar\/index.php\/wp-json\/wp\/v2\/posts\/3280\/revisions"}],"predecessor-version":[{"id":3283,"href":"https:\/\/defensoriaparana.com.ar\/index.php\/wp-json\/wp\/v2\/posts\/3280\/revisions\/3283"}],"wp:attachment":[{"href":"https:\/\/defensoriaparana.com.ar\/index.php\/wp-json\/wp\/v2\/media?parent=3280"}],"wp:term":[{"taxonomy":"category","embeddable":true,"href":"https:\/\/defensoriaparana.com.ar\/index.php\/wp-json\/wp\/v2\/categories?post=3280"},{"taxonomy":"post_tag","embeddable":true,"href":"https:\/\/defensoriaparana.com.ar\/index.php\/wp-json\/wp\/v2\/tags?post=3280"}],"curies":[{"name":"wp","href":"https:\/\/api.w.org\/{rel}","templated":true}]}}