{"id":3281,"date":"2018-09-16T21:34:13","date_gmt":"2018-09-16T21:34:13","guid":{"rendered":"http:\/\/defensoriaparana.com.ar\/?p=3281"},"modified":"2022-08-26T21:35:19","modified_gmt":"2022-08-26T21:35:19","slug":"un-nuevo-taller-del-ciclo-de-dialogos-en-la-comunidad","status":"publish","type":"post","link":"https:\/\/defensoriaparana.com.ar\/index.php\/2018\/09\/16\/un-nuevo-taller-del-ciclo-de-dialogos-en-la-comunidad\/","title":{"rendered":"Un nuevo taller del Ciclo de Di\u00e1logos en la Comunidad"},"content":{"rendered":"<p>En el marco de la 4ta. edici\u00f3n del Ciclo de Talleres Abiertos Di\u00e1logos en la Comunidad 2018 del Centro de Mediaci\u00f3n de la Defensor\u00eda del Pueblo de Paran\u00e1, se desarroll\u00f3 este s\u00e1bado el tercer encuentro destinado especialmente a docentes y facilitadores grupales. Los tres espacios fueron dise\u00f1ados por reconocidos profesionales de nuestra ciudad para compartir reflexiones y recursos desde distintas disciplinas en relaci\u00f3n a la construcci\u00f3n de confianza y de v\u00ednculos saludables, el manejo adecuado de conflictos, la expresi\u00f3n de emociones y la prevenci\u00f3n de la violencia.<br \/>\nEn el tercer taller, de este s\u00e1bado 15, se abord\u00f3 el Lenguaje art\u00edstico. Construcci\u00f3n de v\u00ednculos de confianza. Los docentes a cargo fueron Mar\u00eda Luz G\u00f3mez y Ezequiel Buch y se desarroll\u00f3 en Sala AGMER Paran\u00e1 (Laprida 136).<br \/>\nEl primer taller de esta serie fue sobre Espejos de lecturas. Mundos distintos, lenguajes diversos y estuvo a cargo de Biblioteca Popular \u201cCaminantes\u201d. Se realiz\u00f3 el s\u00e1bado 25 de agosto de 9 a 13, en el Centro Cultural Juan L. Ortiz (Bv. Racedo 250).<br \/>\nEl Juego dram\u00e1tico. Recorrido alternativo hacia nuevas habilidades fue la propuesta que estuvo a cargo de Grupo \u201cSaltimbanquis\u201d. Se llev\u00f3 a cabo el s\u00e1bado 1 de septiembre en Sala \u201cSaltimbanquis\u201d (Feliciano 546).<br \/>\nLa Defensor\u00eda del Pueblo de la Ciudad de Paran\u00e1, a trav\u00e9s de su Centro de Mediaci\u00f3n Comunitaria, inici\u00f3 por cuarto a\u00f1o consecutivo el Ciclo de talleres Di\u00e1logos en la Comunidad con una propuesta novedosa, dirigida a adolescentes de entre 13 y 18 a\u00f1os.<\/p>\n<div id=\"attachment_5930\" class=\"wp-caption alignnone\"><img loading=\"lazy\" class=\"size-thumbnail wp-image-5930\" src=\"http:\/\/www.defensoriaparana.gov.ar\/wp-content\/uploads\/FOTO-5-150x150.jpg\" sizes=\"(max-width: 150px) 100vw, 150px\" srcset=\"https:\/\/www.defensoriaparana.gov.ar\/wp-content\/uploads\/FOTO-5-150x150.jpg 150w, https:\/\/www.defensoriaparana.gov.ar\/wp-content\/uploads\/FOTO-5-32x32.jpg 32w\" alt=\"\" width=\"150\" height=\"150\" \/><\/p>\n<p class=\"wp-caption-text\">Imagen de uno de los encuentros de j\u00f3venes.<\/p>\n<\/div>\n<p>Se trataron de dos encuentros pensados especialmente para \u201ccompartir momentos de diversi\u00f3n, expresi\u00f3n, m\u00fasica y creatividad. La propuesta es reflexionar en torno a la construcci\u00f3n de confianza y de v\u00ednculos saludables, el manejo adecuado de conflictos, las emociones y la prevenci\u00f3n de la violencia\u201d.<br \/>\nEl primer taller se titul\u00f3 Arte y juego, multiespacio para el encuentro y se desarroll\u00f3 el s\u00e1bado 4 de agosto, de 10 a 14, en calle Laprida 136 (Agmer Paran\u00e1), a cargo de Emilio \u201cPata\u201d Ruberto, Andr\u00e9s Leiva y Florencia Albornoz.<br \/>\nEl segundo, Ritmo y Palabra. Rapear para comunicar, fue el s\u00e1bado 11 de agosto, de 10 a 14, en la Secretar\u00eda de la Juventud, en calle Alameda de la Federaci\u00f3n 317. Los docentes fueron Gabriela Zonis y Lisandro Soler.<br \/>\nLa convocatoria obtuvo una excelente respuesta de parte de un grupo nutrido y heterog\u00e9neo de j\u00f3venes.<br \/>\nEl Ciclo de talleres Di\u00e1logos en la Comunidad se inici\u00f3 en 2015 y que este a\u00f1o tuvo la particularidad de empezar con dos encuentros para adolescentes. Luego, continu\u00f3, a partir del 25 de agosto, con tres propuestas para docentes y facilitadores grupales.<br \/>\nEn 2015, la propuesta obtuvo una excelente respuesta de parte de la comunidad, lo que motiv\u00f3 la reedici\u00f3n de la convocatoria con una ampliaci\u00f3n del alcance y de p\u00fablico. El objetivo fundacional de la iniciativa se mantiene en el tiempo y consiste en promover acciones y reflexiones en relaci\u00f3n al abordaje de los conflictos cotidianos y la prevenci\u00f3n de la violencia.<br \/>\nEn 2015 participaron m\u00e1s de 400 personas de los ocho talleres, independientes entre s\u00ed, que tuvieron lugar en la Casa de la Ciudad, y m\u00e1s de 200 de la edici\u00f3n 2016, que tuvo la particularidad de desarrollarse en diferentes puntos de la ciudad y profundizar cuatro ejes tem\u00e1ticos (tres encuentros por tema). En tanto, en 2017 se realizaron cinco talleres propuestos especialmente para docentes y personas que trabajan con grupos, a los que asistieron 250 participantes. Se trabaj\u00f3 la mirada del abordaje de conflictos desde la pl\u00e1stica, el teatro, la promoci\u00f3n de la literatura y la expresi\u00f3n corporal.<\/p>\n","protected":false},"excerpt":{"rendered":"<p>En el marco de la 4ta. edici\u00f3n del Ciclo de Talleres Abiertos Di\u00e1logos en la Comunidad 2018 del Centro de Mediaci\u00f3n de la Defensor\u00eda del Pueblo de Paran\u00e1, se desarroll\u00f3 este s\u00e1bado el tercer encuentro destinado especialmente a docentes y facilitadores grupales. Los tres espacios fueron dise\u00f1ados por reconocidos profesionales de nuestra ciudad para compartir [&hellip;]<\/p>\n","protected":false},"author":1,"featured_media":0,"comment_status":"open","ping_status":"open","sticky":false,"template":"","format":"standard","meta":{"om_disable_all_campaigns":false,"_monsterinsights_skip_tracking":false,"_monsterinsights_sitenote_active":false,"_monsterinsights_sitenote_note":"","_monsterinsights_sitenote_category":0},"categories":[1],"tags":[],"_links":{"self":[{"href":"https:\/\/defensoriaparana.com.ar\/index.php\/wp-json\/wp\/v2\/posts\/3281"}],"collection":[{"href":"https:\/\/defensoriaparana.com.ar\/index.php\/wp-json\/wp\/v2\/posts"}],"about":[{"href":"https:\/\/defensoriaparana.com.ar\/index.php\/wp-json\/wp\/v2\/types\/post"}],"author":[{"embeddable":true,"href":"https:\/\/defensoriaparana.com.ar\/index.php\/wp-json\/wp\/v2\/users\/1"}],"replies":[{"embeddable":true,"href":"https:\/\/defensoriaparana.com.ar\/index.php\/wp-json\/wp\/v2\/comments?post=3281"}],"version-history":[{"count":2,"href":"https:\/\/defensoriaparana.com.ar\/index.php\/wp-json\/wp\/v2\/posts\/3281\/revisions"}],"predecessor-version":[{"id":3286,"href":"https:\/\/defensoriaparana.com.ar\/index.php\/wp-json\/wp\/v2\/posts\/3281\/revisions\/3286"}],"wp:attachment":[{"href":"https:\/\/defensoriaparana.com.ar\/index.php\/wp-json\/wp\/v2\/media?parent=3281"}],"wp:term":[{"taxonomy":"category","embeddable":true,"href":"https:\/\/defensoriaparana.com.ar\/index.php\/wp-json\/wp\/v2\/categories?post=3281"},{"taxonomy":"post_tag","embeddable":true,"href":"https:\/\/defensoriaparana.com.ar\/index.php\/wp-json\/wp\/v2\/tags?post=3281"}],"curies":[{"name":"wp","href":"https:\/\/api.w.org\/{rel}","templated":true}]}}