{"id":3282,"date":"2018-09-09T21:34:14","date_gmt":"2018-09-09T21:34:14","guid":{"rendered":"http:\/\/defensoriaparana.com.ar\/?p=3282"},"modified":"2022-08-26T21:35:38","modified_gmt":"2022-08-26T21:35:38","slug":"reconocimiento-como-embajador-de-paz-para-un-miembro-de-la-defensoria","status":"publish","type":"post","link":"https:\/\/defensoriaparana.com.ar\/index.php\/2018\/09\/09\/reconocimiento-como-embajador-de-paz-para-un-miembro-de-la-defensoria\/","title":{"rendered":"Reconocimiento como Embajador de paz para un miembro de la Defensor\u00eda"},"content":{"rendered":"<p>Emilio \u201cPata\u201d Ruberto, integrante del equipo del Centro de Mediaci\u00f3n de la Defensor\u00eda del Pueblo de Paran\u00e1, recibi\u00f3 el jueves 6 de septiembre en la Ciudad de Buenos Aires un reconocimiento como Embajador de la paz, otorgado por el cap\u00edtulo argentino de la Universal Peace Federation. El 21 de septiembre se celebra el D\u00eda Mundial de la Paz y en el marco de esa fecha, Pata Ruberto fue elegido para recibir el premio. A continuaci\u00f3n, la palabra de Pata ante una consulta period\u00edstica:<\/p>\n<p>&nbsp;<\/p>\n<div id=\"fb-root\" class=\" fb_reset\">\n<div>\n<div><\/div>\n<\/div>\n<\/div>\n<p>&nbsp;<\/p>\n<div class=\"fb-video fb_iframe_widget fb_iframe_widget_fluid_desktop\" data-href=\"https:\/\/www.facebook.com\/CanalSomosParana\/videos\/292529487995033\/UzpfSTYxMTQ3MzQ2OTAwNjkxNToxMDg4ODg0MDc3OTMyNTE2\/\" data-width=\"580\"><iframe loading=\"lazy\" class=\"\" title=\"fb:video Facebook Social Plugin\" src=\"https:\/\/www.facebook.com\/v3.1\/plugins\/video.php?app_id=&amp;channel=https%3A%2F%2Fstaticxx.facebook.com%2Fx%2Fconnect%2Fxd_arbiter%2F%3Fversion%3D46%23cb%3Df12d8e0db2625%26domain%3Dwww.defensoriaparana.gov.ar%26is_canvas%3Dfalse%26origin%3Dhttps%253A%252F%252Fwww.defensoriaparana.gov.ar%252Ff1f6543fe821b2%26relation%3Dparent.parent&amp;container_width=580&amp;href=https%3A%2F%2Fwww.facebook.com%2FCanalSomosParana%2Fvideos%2F292529487995033%2FUzpfSTYxMTQ3MzQ2OTAwNjkxNToxMDg4ODg0MDc3OTMyNTE2%2F&amp;locale=es_LA&amp;sdk=joey&amp;width=580\" name=\"ff4c9905e279f4\" width=\"580px\" height=\"1000px\" frameborder=\"0\" scrolling=\"no\" allowfullscreen=\"allowfullscreen\" data-testid=\"fb:video Facebook Social Plugin\" data-mce-fragment=\"1\"><\/iframe><\/div>\n<p>A continuaci\u00f3n, direcciones de link con momentos del acto oficial de entrega del reconocimiento.<\/p>\n<div id=\"fb-root\"><\/div>\n<p>&nbsp;<\/p>\n<div class=\"fb-video fb_iframe_widget fb_iframe_widget_fluid_desktop\" data-href=\"https:\/\/www.facebook.com\/emiliodanielr\/videos\/1910957982303486\/?hc_ref=ARQlXTPyrAVDTuuo0uiuH-U7SJFReBIN-WeM1Ui3CjMYSLmMMbYST9BVj-aiam9Z4Qg&amp;fref=nf&amp;__tn__=C-RH-R\" data-width=\"580\"><iframe loading=\"lazy\" class=\"\" title=\"fb:video Facebook Social Plugin\" src=\"https:\/\/www.facebook.com\/v3.1\/plugins\/video.php?app_id=&amp;channel=https%3A%2F%2Fstaticxx.facebook.com%2Fx%2Fconnect%2Fxd_arbiter%2F%3Fversion%3D46%23cb%3Df1e6a0f87fcf12%26domain%3Dwww.defensoriaparana.gov.ar%26is_canvas%3Dfalse%26origin%3Dhttps%253A%252F%252Fwww.defensoriaparana.gov.ar%252Ff1f6543fe821b2%26relation%3Dparent.parent&amp;container_width=580&amp;href=https%3A%2F%2Fwww.facebook.com%2Femiliodanielr%2Fvideos%2F1910957982303486%2F%3Fhc_ref%3DARQlXTPyrAVDTuuo0uiuH-U7SJFReBIN-WeM1Ui3CjMYSLmMMbYST9BVj-aiam9Z4Qg%26fref%3Dnf%26__tn__%3DC-RH-R&amp;locale=es_LA&amp;sdk=joey&amp;width=580\" name=\"fe259e3e06005\" width=\"580px\" height=\"1000px\" frameborder=\"0\" scrolling=\"no\" allowfullscreen=\"allowfullscreen\" data-testid=\"fb:video Facebook Social Plugin\" data-mce-fragment=\"1\"><\/iframe><\/div>\n<div id=\"fb-root\"><\/div>\n<p>&nbsp;<\/p>\n<div class=\"fb-video fb_iframe_widget fb_iframe_widget_fluid_desktop\" data-href=\"https:\/\/www.facebook.com\/emiliodanielr\/videos\/1910969798968971\/?hc_ref=ARQlXTPyrAVDTuuo0uiuH-U7SJFReBIN-WeM1Ui3CjMYSLmMMbYST9BVj-aiam9Z4Qg&amp;fref=nf&amp;__tn__=C-RH-R\" data-width=\"580\"><iframe loading=\"lazy\" class=\"\" title=\"fb:video Facebook Social Plugin\" src=\"https:\/\/www.facebook.com\/v3.1\/plugins\/video.php?app_id=&amp;channel=https%3A%2F%2Fstaticxx.facebook.com%2Fx%2Fconnect%2Fxd_arbiter%2F%3Fversion%3D46%23cb%3Df1695d58db4982%26domain%3Dwww.defensoriaparana.gov.ar%26is_canvas%3Dfalse%26origin%3Dhttps%253A%252F%252Fwww.defensoriaparana.gov.ar%252Ff1f6543fe821b2%26relation%3Dparent.parent&amp;container_width=580&amp;href=https%3A%2F%2Fwww.facebook.com%2Femiliodanielr%2Fvideos%2F1910969798968971%2F%3Fhc_ref%3DARQlXTPyrAVDTuuo0uiuH-U7SJFReBIN-WeM1Ui3CjMYSLmMMbYST9BVj-aiam9Z4Qg%26fref%3Dnf%26__tn__%3DC-RH-R&amp;locale=es_LA&amp;sdk=joey&amp;width=580\" name=\"f2d912aea42da08\" width=\"580px\" height=\"1000px\" frameborder=\"0\" scrolling=\"no\" allowfullscreen=\"allowfullscreen\" data-testid=\"fb:video Facebook Social Plugin\" data-mce-fragment=\"1\"><\/iframe><\/div>\n","protected":false},"excerpt":{"rendered":"<p>Emilio \u201cPata\u201d Ruberto, integrante del equipo del Centro de Mediaci\u00f3n de la Defensor\u00eda del Pueblo de Paran\u00e1, recibi\u00f3 el jueves 6 de septiembre en la Ciudad de Buenos Aires un reconocimiento como Embajador de la paz, otorgado por el cap\u00edtulo argentino de la Universal Peace Federation. El 21 de septiembre se celebra el D\u00eda Mundial [&hellip;]<\/p>\n","protected":false},"author":1,"featured_media":0,"comment_status":"open","ping_status":"open","sticky":false,"template":"","format":"standard","meta":{"om_disable_all_campaigns":false,"_monsterinsights_skip_tracking":false,"_monsterinsights_sitenote_active":false,"_monsterinsights_sitenote_note":"","_monsterinsights_sitenote_category":0},"categories":[1],"tags":[],"_links":{"self":[{"href":"https:\/\/defensoriaparana.com.ar\/index.php\/wp-json\/wp\/v2\/posts\/3282"}],"collection":[{"href":"https:\/\/defensoriaparana.com.ar\/index.php\/wp-json\/wp\/v2\/posts"}],"about":[{"href":"https:\/\/defensoriaparana.com.ar\/index.php\/wp-json\/wp\/v2\/types\/post"}],"author":[{"embeddable":true,"href":"https:\/\/defensoriaparana.com.ar\/index.php\/wp-json\/wp\/v2\/users\/1"}],"replies":[{"embeddable":true,"href":"https:\/\/defensoriaparana.com.ar\/index.php\/wp-json\/wp\/v2\/comments?post=3282"}],"version-history":[{"count":1,"href":"https:\/\/defensoriaparana.com.ar\/index.php\/wp-json\/wp\/v2\/posts\/3282\/revisions"}],"predecessor-version":[{"id":3285,"href":"https:\/\/defensoriaparana.com.ar\/index.php\/wp-json\/wp\/v2\/posts\/3282\/revisions\/3285"}],"wp:attachment":[{"href":"https:\/\/defensoriaparana.com.ar\/index.php\/wp-json\/wp\/v2\/media?parent=3282"}],"wp:term":[{"taxonomy":"category","embeddable":true,"href":"https:\/\/defensoriaparana.com.ar\/index.php\/wp-json\/wp\/v2\/categories?post=3282"},{"taxonomy":"post_tag","embeddable":true,"href":"https:\/\/defensoriaparana.com.ar\/index.php\/wp-json\/wp\/v2\/tags?post=3282"}],"curies":[{"name":"wp","href":"https:\/\/api.w.org\/{rel}","templated":true}]}}