{"id":3289,"date":"2017-11-05T21:35:54","date_gmt":"2017-11-05T21:35:54","guid":{"rendered":"http:\/\/defensoriaparana.com.ar\/?p=3289"},"modified":"2022-10-05T23:09:56","modified_gmt":"2022-10-05T23:09:56","slug":"defensores-del-pueblo-de-parana-en-el-plenario-nacional-de-adpra","status":"publish","type":"post","link":"https:\/\/defensoriaparana.com.ar\/index.php\/2017\/11\/05\/defensores-del-pueblo-de-parana-en-el-plenario-nacional-de-adpra\/","title":{"rendered":"Defensores del Pueblo de Paran\u00e1, en el plenario nacional de Adpra"},"content":{"rendered":"<p>Los Defensores del Pueblo del pa\u00eds se re\u00fanen desde este jueves hasta el viernes en la ciudad de Santa Fe, en el marco del IV plenario anual de Adpra, la asociaci\u00f3n que re\u00fane a las instituciones a nivel nacional.<\/p>\n<p>Participan los Defensores del Pueblo de la Ciudad de Paran\u00e1, Luis Garay (Titular) y Pablo Donad\u00edo (Adjunto) de las jornadas de trabajo, que incluyen un temario en el que a propuesta de la instituci\u00f3n paranaense se tratar\u00e1 la situaci\u00f3n que atraviesan familias de ni\u00f1os con discapacidad por las demoras en las prestaciones parte de obras sociales. Tambi\u00e9n, tras el acto de apertura, expusieron integrantes de la ONG de familiares de ni\u00f1os que padecen de Atrofia Muscular Espinal (AME).<\/p>\n<p>Otro tema que ocupar\u00e1 a los asistentes ser\u00e1 la declaraci\u00f3n de Adpra (Asociaci\u00f3n de Defensor\u00edas del Pueblo de la Rep\u00fablica Argentina) \u00a0en contra de la Reglamentaci\u00f3n de la Ley de Salud Mental tal como lo propone el Poder Ejecutivo Nacional.<\/p>\n<p>&nbsp;<\/p>\n<p>Para este viernes, est\u00e1 prevista la realizaci\u00f3n de la jornada taller\u00a0<em>El rol de las Defensor\u00edas en el abordaje del consumo problem\u00e1tico de sustancias.\u00a0<\/em>Se analizar\u00e1 la<em>\u00a0Complejidad conceptual del campo de los consumos problem\u00e1ticos; los Acuerdos y pasos a seguir para potenciar el rol de las instituciones involucradas en la tem\u00e1tica y promover el trabajo en red. Construcci\u00f3n de una agenda de trabajo com\u00fan; experiencias de pol\u00edticas p\u00fablicas en el abordaje del consumo problem\u00e1tico de sustancias; Plan de prevenci\u00f3n de Consumo de Alcohol y Sustancias Psicoactivas y dispositivo \u201cLa Estaci\u00f3n, espacio en red\u201d y Prevenci\u00f3n de Consumo de Drogas y Tratamiento Integral de las Adicciones (APRECOD).<\/em><\/p>\n<p>&nbsp;<\/p>\n<div id=\"attachment_4929\" class=\"wp-caption alignleft\">\n<p><a href=\"http:\/\/www.defensoriaparana.gov.ar\/?attachment_id=4929\" rel=\"attachment wp-att-4929\"><img loading=\"lazy\" class=\"size-medium wp-image-4929\" title=\"Adpra1\" src=\"http:\/\/www.defensoriaparana.gov.ar\/wp-content\/uploads\/Adpra1-300x199.jpg\" sizes=\"(max-width: 300px) 100vw, 300px\" srcset=\"https:\/\/www.defensoriaparana.gov.ar\/wp-content\/uploads\/Adpra1-300x199.jpg 300w, https:\/\/www.defensoriaparana.gov.ar\/wp-content\/uploads\/Adpra1-170x113.jpg 170w, https:\/\/www.defensoriaparana.gov.ar\/wp-content\/uploads\/Adpra1-284x189.jpg 284w, https:\/\/www.defensoriaparana.gov.ar\/wp-content\/uploads\/Adpra1-135x90.jpg 135w, https:\/\/www.defensoriaparana.gov.ar\/wp-content\/uploads\/Adpra1.jpg 960w\" alt=\"\" width=\"300\" height=\"199\" \/><\/a><\/p>\n<p class=\"wp-caption-text\">Acto de apertura.<\/p>\n<\/div>\n<p>La apertura estuvo a cargo del presidente de la asociaci\u00f3n, Alejandro Amor; el gobernador de Santa Fe Miguel Lifschitz; el Defensor del Pueblo de la provincia de Santa Fe, Ra\u00fal Lamberto; el ex gobernador Antonio Bonfatti; y Mar\u00eda Ang\u00e9lica Gastaldi, ministra de la Corte Suprema de Justicia provincial.<\/p>\n","protected":false},"excerpt":{"rendered":"<p>Los Defensores del Pueblo del pa\u00eds se re\u00fanen desde este jueves hasta el viernes en la ciudad de Santa Fe, en el marco del IV plenario anual de Adpra, la asociaci\u00f3n que re\u00fane a las instituciones a nivel nacional. Participan los Defensores del Pueblo de la Ciudad de Paran\u00e1, Luis Garay (Titular) y Pablo Donad\u00edo [&hellip;]<\/p>\n","protected":false},"author":1,"featured_media":3452,"comment_status":"open","ping_status":"open","sticky":false,"template":"","format":"standard","meta":{"om_disable_all_campaigns":false,"_monsterinsights_skip_tracking":false,"_monsterinsights_sitenote_active":false,"_monsterinsights_sitenote_note":"","_monsterinsights_sitenote_category":0},"categories":[14,1],"tags":[],"_links":{"self":[{"href":"https:\/\/defensoriaparana.com.ar\/index.php\/wp-json\/wp\/v2\/posts\/3289"}],"collection":[{"href":"https:\/\/defensoriaparana.com.ar\/index.php\/wp-json\/wp\/v2\/posts"}],"about":[{"href":"https:\/\/defensoriaparana.com.ar\/index.php\/wp-json\/wp\/v2\/types\/post"}],"author":[{"embeddable":true,"href":"https:\/\/defensoriaparana.com.ar\/index.php\/wp-json\/wp\/v2\/users\/1"}],"replies":[{"embeddable":true,"href":"https:\/\/defensoriaparana.com.ar\/index.php\/wp-json\/wp\/v2\/comments?post=3289"}],"version-history":[{"count":2,"href":"https:\/\/defensoriaparana.com.ar\/index.php\/wp-json\/wp\/v2\/posts\/3289\/revisions"}],"predecessor-version":[{"id":3512,"href":"https:\/\/defensoriaparana.com.ar\/index.php\/wp-json\/wp\/v2\/posts\/3289\/revisions\/3512"}],"wp:featuredmedia":[{"embeddable":true,"href":"https:\/\/defensoriaparana.com.ar\/index.php\/wp-json\/wp\/v2\/media\/3452"}],"wp:attachment":[{"href":"https:\/\/defensoriaparana.com.ar\/index.php\/wp-json\/wp\/v2\/media?parent=3289"}],"wp:term":[{"taxonomy":"category","embeddable":true,"href":"https:\/\/defensoriaparana.com.ar\/index.php\/wp-json\/wp\/v2\/categories?post=3289"},{"taxonomy":"post_tag","embeddable":true,"href":"https:\/\/defensoriaparana.com.ar\/index.php\/wp-json\/wp\/v2\/tags?post=3289"}],"curies":[{"name":"wp","href":"https:\/\/api.w.org\/{rel}","templated":true}]}}