{"id":3293,"date":"2017-03-07T21:37:25","date_gmt":"2017-03-07T21:37:25","guid":{"rendered":"http:\/\/defensoriaparana.com.ar\/?p=3293"},"modified":"2022-08-26T21:38:12","modified_gmt":"2022-08-26T21:38:12","slug":"el-agua-un-problema-que-afecta-a-vecinos-de-distintas-provincias","status":"publish","type":"post","link":"https:\/\/defensoriaparana.com.ar\/index.php\/2017\/03\/07\/el-agua-un-problema-que-afecta-a-vecinos-de-distintas-provincias\/","title":{"rendered":"El agua, un problema que afecta a vecinos de distintas provincias"},"content":{"rendered":"<p>En la edici\u00f3n de este lunes, 6 de marzo, El Diario de Paran\u00e1 public\u00f3 una nota en la que el Defensor del Pueblo de la Ciudad, Luis Garay, habla sobre la reuni\u00f3n, realizada la semana pasada en Santa Fe, de integrantes del Comit\u00e9 de Defensores de la Regi\u00f3n Centro. Se refiere a la convocatoria y a los temas abordados, como tambi\u00e9n a la instituci\u00f3n, a los objetivos y al trabajo. A continuaci\u00f3n, la nota del periodista Pablo Russo.<\/p>\n<p>\u2014\u2014\u2014\u2014\u2014\u2014\u2014\u2014\u2014\u2014\u2014\u2014\u2014\u2014\u2014-<\/p>\n<p>ENCUENTRO DE DEFENSORES DEL PUEBLO DE LA REGI\u00d3N CENTRO<\/p>\n<p><strong>El agua es una problem\u00e1tica que aqueja a las ciudadan\u00edas<\/strong><\/p>\n<p>&nbsp;<\/p>\n<p>El Defensor del Pueblo de Paran\u00e1, Luis Garay, habla de cuencas y contaminaci\u00f3n, planteados desde el punto de vista social.<\/p>\n<p>&nbsp;<\/p>\n<p>&nbsp;<\/p>\n<div id=\"attachment_4136\" class=\"wp-caption alignleft\"><a href=\"http:\/\/www.defensoriaparana.gov.ar\/?attachment_id=4136\" rel=\"attachment wp-att-4136\"><img loading=\"lazy\" class=\"size-medium wp-image-4136\" title=\"Luis Garay- El Diario\" src=\"http:\/\/www.defensoriaparana.gov.ar\/wp-content\/uploads\/Luis-Garay-El-Diario1-300x200.jpg\" sizes=\"(max-width: 300px) 100vw, 300px\" srcset=\"https:\/\/www.defensoriaparana.gov.ar\/wp-content\/uploads\/Luis-Garay-El-Diario1-300x200.jpg 300w, https:\/\/www.defensoriaparana.gov.ar\/wp-content\/uploads\/Luis-Garay-El-Diario1-170x113.jpg 170w, https:\/\/www.defensoriaparana.gov.ar\/wp-content\/uploads\/Luis-Garay-El-Diario1-284x189.jpg 284w, https:\/\/www.defensoriaparana.gov.ar\/wp-content\/uploads\/Luis-Garay-El-Diario1-135x90.jpg 135w, https:\/\/www.defensoriaparana.gov.ar\/wp-content\/uploads\/Luis-Garay-El-Diario1.jpg 831w\" alt=\"\" width=\"300\" height=\"200\" \/><\/a><\/p>\n<p class=\"wp-caption-text\">Defensor del Pueblo, Luis Garay. (Gentileza El Diario)<\/p>\n<\/div>\n<p>Los Defensores del Pueblo de la Ciudad de Paran\u00e1 \u2013Luis Garay y Pablo Donad\u00edo- participaron el jueves de la primera reuni\u00f3n del a\u00f1o del Comit\u00e9 de Defensores de la Regi\u00f3n Centro, que se realiz\u00f3 en Santa Fe. El tema central, propuesto por los anfitriones, gir\u00f3 en torno a las inundaciones en relaci\u00f3n a tres ejes: escurrimientos pluviales y estado del suelo; el impacto del agua en rutas interprovinciales; y medio ambiente y la relaci\u00f3n con la producci\u00f3n. Hubo disertaci\u00f3n de investigadores de la Universidad Nacional de Rosario y de profesionales del INTA, y se firm\u00f3 un documento \u2013desde las Defensor\u00edas- en el que se hacen una serie de recomendaciones a los gobiernos provinciales involucrados solicitando la previsi\u00f3n de inundaciones, la planificaci\u00f3n de obras y asentamientos urbanos, la situaci\u00f3n de ciudades cruzadas por arroyos (como el caso de Paran\u00e1), y el impacto social provocado. En di\u00e1logo con El Diario, Luis Garay ampli\u00f3 los puntos del encuentro en relaci\u00f3n a las particularidades locales.<br \/>\n<strong>AGUA<\/strong>. \u201cEl tema prioritario lo propuso Santa Fe: plantearon la cuesti\u00f3n puntual de c\u00f3mo en las provincias de Santiago del Estero, Buenos Aires y C\u00f3rdoba las peque\u00f1as obras hacen que las aguas vayan para Santa Fe y se inunden las zonas rurales\u201d, indic\u00f3 Garay. \u201cEs un problema real, serio, que excede lo productivo. Muchas veces se trata desde lo comercial, pero nosotros apuntamos a lo que le pasa a la persona, al ciudadano com\u00fan cuando se inunda. Porque no es solamente el campo que no est\u00e1 apto para producir soja, sino que hay que vivir con el agua en la casa. Como Defensor\u00eda tenemos que interpelar al Estado, a los gobiernos, para que esto se empieza a trabajar de forma conjunta\u201d, explic\u00f3. La idea que surgi\u00f3 del encuentro fue la de hacer un comit\u00e9 de seguimiento, y para eso Garay pedir\u00e1 la colaboraci\u00f3n de los t\u00e9cnicos universitarios y de asociaciones como La Tribu del Salto, que vienen trabajando el tema de cuencas y tienen una experiencia v\u00e1lida para compartir. Se formar\u00e1 una especie de observatorio del agua en toda la regi\u00f3n, para poder exigir y recomendarles a los gobiernos que controlen los desbordes. \u201cA nosotros en particular nos preocupa el tema ambiental del r\u00edo Paran\u00e1, la parte contaminada en el Thompson, hay que ver qu\u00e9 pasa ah\u00ed y que es lo que ocurre m\u00e1s al norte con el glifosato. Pedimos, hace poco, un informe a la secretar\u00eda de Medio Ambiente de la provincia. No nos han contestado a\u00fan, pero tenemos que saber qu\u00e9 estudios se est\u00e1n haciendo en este tema. El agua que tomamos los paranaenses (y la de todo el litoral) tiene que ser controlada. Queremos que salgan a la luz los estudios que se han hecho, que no sea un tema tab\u00fa. Tampoco alarmarnos: lo mejor es tener conocimiento, para eso hace falta informaci\u00f3n\u201d, solicit\u00f3 Garay.<br \/>\n<strong>ARROYOS<\/strong>. De los temas tratados en el encuentro, otro que se relaciona con nuestro entorno es el de los afluentes. \u201cEl tema h\u00eddrico ac\u00e1 es recurrente, hay un mont\u00f3n de viviendas construidas a la vera de los arroyos, por falta de planificaci\u00f3n. Esto no es nuevo, es de hace muchos a\u00f1os. Creer que el hombre puede modificar tan f\u00e1cilmente el recorrido de los arroyos es una utop\u00eda. Un d\u00eda los entubamos, otro le ponemos paredes, les modificamos el recorrido\u2026 cuestiones que el hombre hace y que traen otro tipo de problemas. Hay que hablarlo y trabajarlo a largo plazo para no funcionar como bomberos\u201d, sostuvo Garay. \u201cLa tierra y las napas no tienen la misma absorci\u00f3n, algo est\u00e1 pasando, no escurre el agua sino que corre. Ha habido cambios que tienen que ver con lo que el hombre ha hecho, y est\u00e1 bueno empezar a revisar estas cuestiones. La ciudadan\u00eda se debe debates, hablar de estos temas. Este encuentro nos enriqueci\u00f3 porque nos interiorizamos con los especialistas y profesores que nos dieron un panorama\u201d, inform\u00f3.<br \/>\n<strong>LOCALES<\/strong>. C\u00f3rdoba ser\u00e1 sede del pr\u00f3ximo encuentro regional de Defensor\u00edas, con eje en el tema adicciones. \u201cCuando nos toque a nosotros ser locales, iremos a plantear lo que es situaci\u00f3n de calle y personas con discapacidad, que es algo que trabajamos much\u00edsimo, para ver c\u00f3mo ampliarlo a lo regional. De eso se trata trabajar en conjunto\u201d, adelant\u00f3 Luis Garay. Los reclamos que atiende su oficina han ido variando en el tiempo, subraya, pero van siempre en aumento. \u201cEl a\u00f1o pasado hab\u00eda muy pocos de alumbrado p\u00fablico, y ahora hay un mont\u00f3n. El tema cloacas rebalsadas, tambi\u00e9n. Creo que son obras muy grandes que va a tener que encarar el municipio, de hecho el intendente lo manifest\u00f3 tambi\u00e9n en la apertura de sesiones. Obras que hacen falta lo antes posible. Es muy feo para el vecinos cuando viene a contarnos sus experiencias. El tema del transporte sigue siendo una queja recurrente, ojal\u00e1 mejore con la nueva licitaci\u00f3n, pero va a depender de la rigurosidad del control del Estado sobre las empresas que ganen. En tema salud tenemos muy buen di\u00e1logo con el IOSPER, hay una persona de ellos para los reclamos, con el fin de evitar amparos. En materia de salud, los reclamos son prioritarios, por falta de medicamentos, camas, atenci\u00f3n, turnos de operaci\u00f3n\u2026 acompa\u00f1amos a los pacientes y muchas veces se arregla con llamadas telef\u00f3nicas\u201d, expuso. Garay resalt\u00f3 que la Defensor\u00eda es un lugar de control y de acompa\u00f1amiento de los vecinos, \u201cun nexo, que brinda la posibilidad de institucionalizar la protesta, de llegar al funcionario municipal, provincial y nacional con un reclamo real v\u00eda administrativa\u201d.<br \/>\n<strong>INTERMEDIACI\u00d3N<\/strong>. \u201cLo que tenemos claro es que no somos oposici\u00f3n. Lo que queremos es encontrar soluciones y no culpables. No nos mueve ning\u00fan otro inter\u00e9s que no sea acompa\u00f1ar el reclamo de los ciudadanos. No digo que no sea una instituci\u00f3n pol\u00edtica, s\u00ed lo es, pero no responde a colores pol\u00edticos partidarios\u201d, manifest\u00f3 Garay. La Defensor\u00eda no tiene esp\u00edritu de litigio, \u201cla \u00faltima carta que ponemos sobre la mesa es la judicial. Se trata de un trabajo de intermediaci\u00f3n: hablamos, dialogamos, explicamos, y al ponerle nombre y cara a las cuestiones dejan de ser un expediente. Juan Garc\u00eda con tal problema de salud y la familia detr\u00e1s es distinto a un n\u00famero abstracto\u201d, ejemplific\u00f3. En su oficina trabajan unas 25 personas divididas por sectores. Existe un grupo de admisi\u00f3n que toma las actuaciones, y otro de profesionales que van resolviendo los casos divididos por \u00e1reas: servicios p\u00fablicos, cuestiones financieras impositivas o econ\u00f3micas, la parte legal, y la parte social. \u201cAprend\u00ed que cada persona tiene su problema m\u00e1s grave. Todos est\u00e1n convencidos que lo que les pasa es el mayor de los problemas, y tambi\u00e9n aprend\u00ed a no subestimar estos problemas, porque por ah\u00ed las personas ven algo que nosotros no. Muchas veces lo hemos vivido con casos de mediaci\u00f3n, un perro que ladra y molesta parece una tonter\u00eda, y termina en muerte. Entonces, prestar atenci\u00f3n y escuchar es la mayor virtud de la Defensor\u00eda; despu\u00e9s, ver c\u00f3mo se acompa\u00f1a ese problema para que el ciudadano no se sienta solo\u201d, refiri\u00f3 Garay sobre su labor.<\/p>\n<p><strong>Entre R\u00edos, con Defensor\u00eda vacante<br \/>\n<\/strong>Entre R\u00edos tiene su defensor\u00eda provincial vacante. \u201cLa reuni\u00f3n era de la regi\u00f3n centro, pero como no hay Defensor\u00eda Provincial fuimos nosotros que somos la \u00fanica constituida en Entre R\u00edos. Desde 2008 est\u00e1 prevista en la Constituci\u00f3n Provincial, pero a\u00fan no se eligi\u00f3. Hace unos a\u00f1os se presentaron varios candidatos, la bicameral de la legislatura provincial eligi\u00f3 una terna y luego no se consiguieron los dos tercios de los votos necesarios. Qued\u00f3 trunco\u201d, explic\u00f3 Luis Garay. \u201cEsto es una decisi\u00f3n pol\u00edtica., no se habl\u00f3 m\u00e1s del tema. Cuando (Gustavo) Bordet era candidato habl\u00e9 con \u00e9l en Gualeguaych\u00fa y dijo que pensaba \u2013 dentro de su gesti\u00f3n- regularizar todos los \u00f3rganos de control. Estamos esperando todav\u00eda, ojal\u00e1 se d\u00e9 en este per\u00edodo. \u00c9l puede impulsarlo, pero la responsabilidad final la tienen los senadores y diputados\u201d, ampli\u00f3 el Defensor del Pueblo de Paran\u00e1, que no descarta presentarse como candidato provincial.<\/p>\n<p>&nbsp;<\/p>\n<p><strong>Autor:<\/strong>\u00a0Pablo Russo\u00a0<a href=\"mailto:pablomarianorusso@gmail.com\">pablomarianorusso@gmail.com<\/a><\/p>\n","protected":false},"excerpt":{"rendered":"<p>En la edici\u00f3n de este lunes, 6 de marzo, El Diario de Paran\u00e1 public\u00f3 una nota en la que el Defensor del Pueblo de la Ciudad, Luis Garay, habla sobre la reuni\u00f3n, realizada la semana pasada en Santa Fe, de integrantes del Comit\u00e9 de Defensores de la Regi\u00f3n Centro. Se refiere a la convocatoria y [&hellip;]<\/p>\n","protected":false},"author":1,"featured_media":0,"comment_status":"open","ping_status":"open","sticky":false,"template":"","format":"standard","meta":{"om_disable_all_campaigns":false,"_monsterinsights_skip_tracking":false,"_monsterinsights_sitenote_active":false,"_monsterinsights_sitenote_note":"","_monsterinsights_sitenote_category":0},"categories":[1],"tags":[],"_links":{"self":[{"href":"https:\/\/defensoriaparana.com.ar\/index.php\/wp-json\/wp\/v2\/posts\/3293"}],"collection":[{"href":"https:\/\/defensoriaparana.com.ar\/index.php\/wp-json\/wp\/v2\/posts"}],"about":[{"href":"https:\/\/defensoriaparana.com.ar\/index.php\/wp-json\/wp\/v2\/types\/post"}],"author":[{"embeddable":true,"href":"https:\/\/defensoriaparana.com.ar\/index.php\/wp-json\/wp\/v2\/users\/1"}],"replies":[{"embeddable":true,"href":"https:\/\/defensoriaparana.com.ar\/index.php\/wp-json\/wp\/v2\/comments?post=3293"}],"version-history":[{"count":1,"href":"https:\/\/defensoriaparana.com.ar\/index.php\/wp-json\/wp\/v2\/posts\/3293\/revisions"}],"predecessor-version":[{"id":3296,"href":"https:\/\/defensoriaparana.com.ar\/index.php\/wp-json\/wp\/v2\/posts\/3293\/revisions\/3296"}],"wp:attachment":[{"href":"https:\/\/defensoriaparana.com.ar\/index.php\/wp-json\/wp\/v2\/media?parent=3293"}],"wp:term":[{"taxonomy":"category","embeddable":true,"href":"https:\/\/defensoriaparana.com.ar\/index.php\/wp-json\/wp\/v2\/categories?post=3293"},{"taxonomy":"post_tag","embeddable":true,"href":"https:\/\/defensoriaparana.com.ar\/index.php\/wp-json\/wp\/v2\/tags?post=3293"}],"curies":[{"name":"wp","href":"https:\/\/api.w.org\/{rel}","templated":true}]}}