{"id":3295,"date":"2017-03-01T21:37:27","date_gmt":"2017-03-01T21:37:27","guid":{"rendered":"http:\/\/defensoriaparana.com.ar\/?p=3295"},"modified":"2022-08-26T21:38:39","modified_gmt":"2022-08-26T21:38:39","slug":"declaracion-de-defensores-del-comite-de-la-region-centro","status":"publish","type":"post","link":"https:\/\/defensoriaparana.com.ar\/index.php\/2017\/03\/01\/declaracion-de-defensores-del-comite-de-la-region-centro\/","title":{"rendered":"Declaraci\u00f3n de Defensores del Comit\u00e9 de la Regi\u00f3n Centro"},"content":{"rendered":"<div>\n<div id=\"block-system-main\">\n<div id=\"node-4250\">\n<div>\n<p>Los Defensores del Pueblo, provinciales y municipales \u00a0de C\u00f3rdoba, \u00a0Santa Fe y Paran\u00e1 que integran el Comit\u00e9 de Defensores del Pueblo de la Regi\u00f3n Centro, creado desde hace m\u00e1s de una d\u00e9cada para coordinar acciones que son comunes a esta zona del pa\u00eds y en el marco de la Asociaci\u00f3n de Defensores del Pueblo de la Rep\u00fablica Argentina (Adpra), realizaron una reuni\u00f3n \u00a0ampliada para abordar la crisis h\u00eddrica. Tras la jornada de trabajo llevada a cabo en la ciudad de Santa Fe, el jueves 2 de marzo, y de la que participaron Defensores de Santiago del Estero, Buenos Aires, Jujuy; mientras que no pudieron asistir de Chaco y Corrientes, \u00a0emitieron el siguiente documento conjunto:<\/p>\n<p>&nbsp;<\/p>\n<\/div>\n<div>\n<div>\n<div>\n<p><strong>JORNADA DE TRABAJO DE LAS DEFENSOR\u00cdAS DEL PUEBLO DE LA REGI\u00d3N CENTRO Y PROVINCIAS VECINAS, TENDIENTE AL ABORDAJE DE LA CRISIS HIDR\u00cdCA Y SUS CONSECUENCIAS EN LA POBLACI\u00d3N<\/strong><\/p>\n<p><strong>CONCLUSIONES<\/strong><\/p>\n<p>&nbsp;<\/p>\n<p>En la ciudad de Santa Fe, a los 2 d\u00edas del mes marzo de 2017, los Defensores del Pueblo de las provincias de Santa Fe, Buenos Aires, C\u00f3rdoba, Jujuy, Santiago del Estero y de las ciudades de Paran\u00e1 y R\u00edo Cuarto llevaron adelante reuniones de trabajo a los fines de debatir, con el aporte t\u00e9cnico de prestigiosos profesionales en las materias, las consecuencias ocasionadas por las inundaciones desde la \u00f3ptica de los siguientes ejes: 1.- Aguas (escurrimientos pluviales); 2- Rutas interprovinciales y 3- Medio ambiente y producci\u00f3n.<\/p>\n<p>Los temas abordados tienen relevancia en un eje que las integra y que se vincula con la tem\u00e1tica espec\u00edfica de las Defensor\u00edas del Pueblo: la poblaci\u00f3n (rural y urbana) afectada por los \u00faltimos eventos clim\u00e1ticos y el impacto de un modelo productivo que empieza a evidenciar sus l\u00edmites.<\/p>\n<p>La Agenda implica un compromiso com\u00fan y universal, no obstante, puesto que cada pa\u00eds enfrenta retos espec\u00edficos en su b\u00fasqueda del desarrollo sostenible, los Estados tienen soberan\u00eda plena sobre su riqueza, recursos y actividad econ\u00f3mica, y cada uno fijar\u00e1 sus propias metas nacionales, apeg\u00e1ndose a los Objetivos de Desarrollo Sostenible (ODS).<\/p>\n<p>Adem\u00e1s de poner fin a la pobreza en el mundo, los ODS incluyen, entre otros puntos, erradicar el hambre y lograr la seguridad alimentaria; garantizar una vida sana y una educaci\u00f3n de calidad; lograr la igualdad de g\u00e9nero; asegurar el acceso al agua y la energ\u00eda; promover el crecimiento econ\u00f3mico sostenido; adoptar medidas urgentes contra el cambio clim\u00e1tico; promover la paz y facilitar el acceso a la justicia, tem\u00e1ticas que se vinculan directamente con los objetivos y misiones de las Defensor\u00edas del Pueblo hoy reunidas.<\/p>\n<p>Por otra parte, en la Conferencia de las Naciones Unidas sobre Vivienda y Desarrollo Urbano Sostenible (H\u00e1bitat III), celebrada del 17 al 20 de octubre de 2016 en Quito, Ecuador, con la participaci\u00f3n de las Defensor\u00edas del Pueblo de toda Iberoam\u00e9rica representadas por FIO (y en su contexto, las argentinas por ADPRA), los gobiernos locales y subnacionales, parlamentarios, sociedad civil, personas ind\u00edgenas y comunidades locales, sector privado, profesionistas y practicantes, comunidad cient\u00edfica y acad\u00e9mica, y otros actores relevantes, para adoptar la Nueva Agenda Urbana, se firm\u00f3 la DECLARACI\u00d3N DE QUITO SOBRE CIUDADES Y ASENTAMIENTOS HUMANOS SOSTENIBLES PARA TODOS en la que se realizan una serie de compromisos sumamente relevantes, vinculados a las problem\u00e1ticas abordadas.<\/p>\n<p>En virtud de las consideraciones expuestas por cada Defensor\u00eda del Pueblo y de las exposiciones de los t\u00e9cnicos invitados, se lleg\u00f3 a las siguientes conclusiones estableci\u00e9ndose objetivos y metas comunes a obtener en las distintas jurisdicciones:<\/p>\n<p>&nbsp;<\/p>\n<ul>\n<li>Propiciar la unificaci\u00f3n de agendas de trabajo sobre los puntos tratados a los ejecutivos provinciales y municipales.<\/li>\n<li>Controlar desde el Comit\u00e9 de Defensores del Pueblo de la Regi\u00f3n Centro y desde las Defensor\u00edas del Pueblo de las provincias vecinas, el cumplimiento en las distintas jurisdicciones de toda normativa vigente que regule la gesti\u00f3n integral de los recursos h\u00eddricos y ambientales.<\/li>\n<li>Propiciar una permanente y constante coordinaci\u00f3n regional con eventuales ajustes legislativos que si bien respeten cada jurisdicci\u00f3n, que cuenten con un marco com\u00fan, por las implicancias extraprovinciales de cualquier regulaci\u00f3n.<\/li>\n<li>Proponer a las provincias la creaci\u00f3n de un Comit\u00e9 de Cuencas Interjurisdiccionales, con participaci\u00f3n de la autoridad nacional, con competencia de planificaci\u00f3n, estudios y control de obras, y con facultades para evitar construcciones que puedan causar perjuicios a terceros.<\/li>\n<li>Recomendar la creaci\u00f3n de un Ente de Monitoreo de las Cuencas Interjurisdiccionales de manera que se pueda alertar a la poblaci\u00f3n sobre posibles inundaciones.<\/li>\n<li>Peticionar la ejecuci\u00f3n inmediata de toda obra que resulte esencial para evitar inundaciones en cascos urbanos y en zonas rurales, con el fin de proteger a la poblaci\u00f3n y menguar cualquier afectaci\u00f3n de la actividad productiva, especialmente cuando las mismas surjan de un estudio, planificaci\u00f3n y monitoreo t\u00e9cnico que garantice la eficiencia del sistema.<\/li>\n<li>Promover medidas que tiendan a la efectiva protecci\u00f3n de bosques nativos y unificar criterios que permitan planificar acciones concretas de reforestaci\u00f3n, especialmente de especies aut\u00f3ctonas.<\/li>\n<li>Buscar de manera constante una mejor calidad de vida promoviendo desarrollar las potencialidades productivas desde una perspectiva sustentable y culturalmente apropiable para cada poblaci\u00f3n.<\/li>\n<li>Insistir por controles estrictos y delimitaciones amplias del ejido urbano respecto al uso de productos agroqu\u00edmicos.<\/li>\n<li>Procurar la unificaci\u00f3n de la legislaci\u00f3n en materia de uso de agroqu\u00edmicos y requerir redefinici\u00f3n peri\u00f3dica por parte de las autoridades nacionales en la materia que implique el etiquetamiento de estos productos de acuerdo a los m\u00e1s recientes estudios de especialistas.<\/li>\n<li>Promover todas las obras que sean necesarias a los fines de evitar el corte por anegamiento de rutas o arterias de corredores viales fundamentales y de tr\u00e1fico intenso.<\/li>\n<li>Solicitar a las autoridades nacionales y provinciales la coordinaci\u00f3n de un plan de obras de infraestructura vial que implique un dise\u00f1o pensado en el mediano y largo plazo, como as\u00ed tambi\u00e9n reclamar la m\u00e1s inmediata conclusi\u00f3n de las obras de conversi\u00f3n en autopistas o autov\u00edas de los corredores viales nacionales de la Regi\u00f3n Centro.<\/li>\n<li>Concebir al suelo como un recurso natural que debe ser declarado como un activo esencial y por ende protegido con intervenci\u00f3n de las autoridades estatales respecto de su uso racional y sustentable.<\/li>\n<li>Proponer a los gobiernos de las provincias de la Regi\u00f3n Centro la elaboraci\u00f3n consensuada de una planificaci\u00f3n productiva a trav\u00e9s de un di\u00e1logo intersectorial, que integre la mirada\u00a0 p\u00fablica-privada y que contemple una mirada de desarrollo sostenible social y ambientalmente.<\/li>\n<li>Proponer que los equipos profesionales de mediadores de las Defensor\u00edas,\u00a0 colaboren como facilitadores de la palabra para el trabajo de los puntos propuestos en este documento, a fin de generar espacios de abordaje de los conflictos comunes desde la construcci\u00f3n del di\u00e1logo cooperativo.<\/li>\n<li>Recomendar a las autoridades la elaboraci\u00f3n de pol\u00edticas h\u00eddricas integrales y acordes a la situaci\u00f3n que atraviesa cada regi\u00f3n.<\/li>\n<li>Incorporar como agenda de trabajo el impacto h\u00eddrico y socio ambiental que afecta a las ciudades atravesadas r\u00edos y arroyos.<\/li>\n<\/ul>\n<\/div>\n<\/div>\n<\/div>\n<\/div>\n<\/div>\n<\/div>\n<p>&nbsp;<\/p>\n","protected":false},"excerpt":{"rendered":"<p>Los Defensores del Pueblo, provinciales y municipales \u00a0de C\u00f3rdoba, \u00a0Santa Fe y Paran\u00e1 que integran el Comit\u00e9 de Defensores del Pueblo de la Regi\u00f3n Centro, creado desde hace m\u00e1s de una d\u00e9cada para coordinar acciones que son comunes a esta zona del pa\u00eds y en el marco de la Asociaci\u00f3n de Defensores del Pueblo de [&hellip;]<\/p>\n","protected":false},"author":1,"featured_media":0,"comment_status":"open","ping_status":"open","sticky":false,"template":"","format":"standard","meta":{"om_disable_all_campaigns":false,"_monsterinsights_skip_tracking":false,"_monsterinsights_sitenote_active":false,"_monsterinsights_sitenote_note":"","_monsterinsights_sitenote_category":0},"categories":[1],"tags":[],"_links":{"self":[{"href":"https:\/\/defensoriaparana.com.ar\/index.php\/wp-json\/wp\/v2\/posts\/3295"}],"collection":[{"href":"https:\/\/defensoriaparana.com.ar\/index.php\/wp-json\/wp\/v2\/posts"}],"about":[{"href":"https:\/\/defensoriaparana.com.ar\/index.php\/wp-json\/wp\/v2\/types\/post"}],"author":[{"embeddable":true,"href":"https:\/\/defensoriaparana.com.ar\/index.php\/wp-json\/wp\/v2\/users\/1"}],"replies":[{"embeddable":true,"href":"https:\/\/defensoriaparana.com.ar\/index.php\/wp-json\/wp\/v2\/comments?post=3295"}],"version-history":[{"count":1,"href":"https:\/\/defensoriaparana.com.ar\/index.php\/wp-json\/wp\/v2\/posts\/3295\/revisions"}],"predecessor-version":[{"id":3298,"href":"https:\/\/defensoriaparana.com.ar\/index.php\/wp-json\/wp\/v2\/posts\/3295\/revisions\/3298"}],"wp:attachment":[{"href":"https:\/\/defensoriaparana.com.ar\/index.php\/wp-json\/wp\/v2\/media?parent=3295"}],"wp:term":[{"taxonomy":"category","embeddable":true,"href":"https:\/\/defensoriaparana.com.ar\/index.php\/wp-json\/wp\/v2\/categories?post=3295"},{"taxonomy":"post_tag","embeddable":true,"href":"https:\/\/defensoriaparana.com.ar\/index.php\/wp-json\/wp\/v2\/tags?post=3295"}],"curies":[{"name":"wp","href":"https:\/\/api.w.org\/{rel}","templated":true}]}}