{"id":3301,"date":"2016-06-02T21:39:25","date_gmt":"2016-06-02T21:39:25","guid":{"rendered":"http:\/\/defensoriaparana.com.ar\/?p=3301"},"modified":"2022-08-26T21:40:36","modified_gmt":"2022-08-26T21:40:36","slug":"empieza-en-escuelas-de-parana-un-ciclo-de-cine-para-ejercitar-los-derechos-ciudadanos","status":"publish","type":"post","link":"https:\/\/defensoriaparana.com.ar\/index.php\/2016\/06\/02\/empieza-en-escuelas-de-parana-un-ciclo-de-cine-para-ejercitar-los-derechos-ciudadanos\/","title":{"rendered":"Empieza en escuelas de Paran\u00e1 un ciclo de cine para ejercitar los derechos ciudadanos"},"content":{"rendered":"<p>La Defensor\u00eda del Pueblo de la Ciudad de Paran\u00e1, junto al Instituto Audiovisual de Entre R\u00edos, inicia ma\u00f1ana un ciclo de cine en escuelas de nivel primario y medio con el fin de promover la difusi\u00f3n y el debate de los derechos ciudadanos.<\/p>\n<p>Cine m\u00f3vil \u201cEjercitando nuestros derechos\u201d se denomina el programa que comienza este martes, a partir de las 9, en la Escuela N\u00ba 190 Obispo Gelabert y Crespo,\u00a0 en Avenida de las Am\u00e9ricas 1901, con la proyecci\u00f3n a chicos de 5to grado de la pel\u00edcula Metegol, de Juan Jos\u00e9 Campanella. Luego del film, habr\u00e1 un espacio de juego con los chicos, poniendo \u00e9nfasis en los derechos abordados en la pel\u00edcula en relaci\u00f3n con la realidad. En una primera etapa, la proyecci\u00f3n ser\u00e1 mensual: la pr\u00f3xima est\u00e1 programada para junio en un establecimiento de nivel medio.<\/p>\n<p>Las escuelas interesadas en recibir el cine m\u00f3vil podr\u00e1n enviar un mail al siguiente correo de la Defensor\u00eda:\u00a0<a href=\"mailto:direccionproteccionderechos@gmail.com\" target=\"_blank\" rel=\"noopener\">direccionproteccionderechos@gmail.com<\/a>\u00a0o llamar a los n\u00fameros 420-2322 \u2013 0800 777 1112.<\/p>\n<p>&nbsp;<\/p>\n<p><strong>El porqu\u00e9 de la actividad:<\/strong><\/p>\n<p>La Defensor\u00eda del Pueblo de Paran\u00e1 tiene como misi\u00f3n principal la defensa, protecci\u00f3n y promoci\u00f3n de los derechos humanos. En ese marco, se ide\u00f3 la actividad para conectar a ni\u00f1os, ni\u00f1as y adolescentes con sus derechos a trav\u00e9s de proyecciones cinematogr\u00e1ficas, que abordan temas actuales y de inter\u00e9s. Para eso, se busca establecer un lugar de encuentro que posibilite, mediante el uso y apropiaci\u00f3n del espacio del cine, democratizar el acceso tanto al entretenimiento como el aprendizaje, creando un espacio para la reflexi\u00f3n colectiva, consigna el proyecto de trabajo.<\/p>\n<p>De esta forma, los ni\u00f1os pueden aprehender los derechos y deberes tanto individuales como colectivos, en un marco interactivo y participativo con el fin de aportar elementos para el desarrollo de una ciudadan\u00eda activa, basada en el respeto al otro, la solidaridad, la corresponsabilidad y el pensamiento cr\u00edtico.<\/p>\n<p>Entre los principales objetivos enumerados en el proyecto, se destacan:\u00a0 la promoci\u00f3n de la igualdad de oportunidades sin distinci\u00f3n, por motivo de origen, g\u00e9nero, diversidad y orientaci\u00f3n sexual, lengua, religi\u00f3n y diversidad funcional; un aporte a la creaci\u00f3n de pensamiento cr\u00edtico y conductas solidarias, proactivas, corresponsables y de ciudadan\u00eda activa, en la defensa de los derechos; y habilitar un espacio que sirva a ni\u00f1os, ni\u00f1as, adolescentes y a sus docentes, no s\u00f3lo como instancia recreativa sino tambi\u00e9n para retrabajar los textos legales donde se recogen los derechos y deberes y especialmente la Convenci\u00f3n sobre los derechos de los ni\u00f1os, adoptada por las Naciones Unidas el a\u00f1o 1989.<\/p>\n<p>&nbsp;<\/p>\n","protected":false},"excerpt":{"rendered":"<p>La Defensor\u00eda del Pueblo de la Ciudad de Paran\u00e1, junto al Instituto Audiovisual de Entre R\u00edos, inicia ma\u00f1ana un ciclo de cine en escuelas de nivel primario y medio con el fin de promover la difusi\u00f3n y el debate de los derechos ciudadanos. Cine m\u00f3vil \u201cEjercitando nuestros derechos\u201d se denomina el programa que comienza este [&hellip;]<\/p>\n","protected":false},"author":1,"featured_media":0,"comment_status":"open","ping_status":"open","sticky":false,"template":"","format":"standard","meta":{"om_disable_all_campaigns":false,"_monsterinsights_skip_tracking":false,"_monsterinsights_sitenote_active":false,"_monsterinsights_sitenote_note":"","_monsterinsights_sitenote_category":0},"categories":[1],"tags":[],"_links":{"self":[{"href":"https:\/\/defensoriaparana.com.ar\/index.php\/wp-json\/wp\/v2\/posts\/3301"}],"collection":[{"href":"https:\/\/defensoriaparana.com.ar\/index.php\/wp-json\/wp\/v2\/posts"}],"about":[{"href":"https:\/\/defensoriaparana.com.ar\/index.php\/wp-json\/wp\/v2\/types\/post"}],"author":[{"embeddable":true,"href":"https:\/\/defensoriaparana.com.ar\/index.php\/wp-json\/wp\/v2\/users\/1"}],"replies":[{"embeddable":true,"href":"https:\/\/defensoriaparana.com.ar\/index.php\/wp-json\/wp\/v2\/comments?post=3301"}],"version-history":[{"count":1,"href":"https:\/\/defensoriaparana.com.ar\/index.php\/wp-json\/wp\/v2\/posts\/3301\/revisions"}],"predecessor-version":[{"id":3304,"href":"https:\/\/defensoriaparana.com.ar\/index.php\/wp-json\/wp\/v2\/posts\/3301\/revisions\/3304"}],"wp:attachment":[{"href":"https:\/\/defensoriaparana.com.ar\/index.php\/wp-json\/wp\/v2\/media?parent=3301"}],"wp:term":[{"taxonomy":"category","embeddable":true,"href":"https:\/\/defensoriaparana.com.ar\/index.php\/wp-json\/wp\/v2\/categories?post=3301"},{"taxonomy":"post_tag","embeddable":true,"href":"https:\/\/defensoriaparana.com.ar\/index.php\/wp-json\/wp\/v2\/tags?post=3301"}],"curies":[{"name":"wp","href":"https:\/\/api.w.org\/{rel}","templated":true}]}}