{"id":3306,"date":"2015-06-21T21:40:57","date_gmt":"2015-06-21T21:40:57","guid":{"rendered":"http:\/\/defensoriaparana.com.ar\/?p=3306"},"modified":"2022-08-26T21:41:59","modified_gmt":"2022-08-26T21:41:59","slug":"jornada-en-la-plaza-saenz-pena-por-las-personas-en-situacion-de-calle","status":"publish","type":"post","link":"https:\/\/defensoriaparana.com.ar\/index.php\/2015\/06\/21\/jornada-en-la-plaza-saenz-pena-por-las-personas-en-situacion-de-calle\/","title":{"rendered":"Jornada en la plaza S\u00e1enz Pe\u00f1a por las personas en situaci\u00f3n de calle"},"content":{"rendered":"<p>El domingo pr\u00f3ximo, integrantes de la Red Solidaria\u00a0<strong><em>La calle no es un lugar para vivir<\/em><\/strong>\u00a0junto a personas en situaci\u00f3n de calle se reunir\u00e1n en la Plaza S\u00e1enz Pe\u00f1a de Paran\u00e1 para seguir recolectando ropa de abrigo y otros elementos que ayuden a afrontar la crudeza de la intemperie y la carencia. Ser\u00e1 una Jornada de Integraci\u00f3n Cultural que buscar\u00e1 visibilizar y acercar a la ciudadan\u00eda la realidad de profunda exclusi\u00f3n que sufren decenas de vecinos. Habr\u00e1 juegos, exposiciones, chocolatada, espacios de recreaci\u00f3n e integraci\u00f3n y la actuaci\u00f3n de grupos musicales. La actividad\u00a0 comenzar\u00e1 a las 13.30 y se desarrollar\u00e1 durante la tarde, quedando abierta la invitaci\u00f3n a los visitantes de la plaza, ubicada en las calles Carb\u00f3 e Ill\u00eda, y a los vecinos en general.<\/p>\n<p>La Red\u00a0<strong><em>La calle no es un lugar para vivir<\/em><\/strong>\u00a0se conform\u00f3 este a\u00f1o. Instituciones, organizaciones no gubernamentales y ciudadanos acompa\u00f1ados por la Defensor\u00eda del Pueblo de la Ciudad de Paran\u00e1 resolvieron reunirse en un grupo de trabajo con el fin de ayudar a personas en situaci\u00f3n de calle y vulnerabilidad.<\/p>\n<p>As\u00ed, una de la primeras acciones, consisti\u00f3 en el lanzamiento de una compa\u00f1a para recolectar frazadas, ropa de abrigo, calzado y elementos de higiene personal con el fin colaborar con los ciudadanos que deben pasar el invierno en condiciones de extrema pobreza. La campa\u00f1a denominada Paran\u00e1 se Abriga empez\u00f3 en junio y se extender\u00e1 mientras permanezca el fr\u00edo.<\/p>\n<p>La Red aclara que encara el trabajo sabiendo que se trata de una cuesti\u00f3n social cuya atenci\u00f3n es responsabilidad del Estado, y desde ese lugar invita a la ciudadan\u00eda a comprometerse en la consideraci\u00f3n del tema y en la tarea.<\/p>\n<p>Paralelamente, la Red trabaja en la b\u00fasqueda de acciones que\u00a0 efectivamente impliquen una posibilidad de cambio de condiciones de vida para las personas desamparadas. Para eso, y en el corto plazo, se solicita la apertura de un albergue que permanezca abierto las 24 horas y todo el a\u00f1o, y la reglamentaci\u00f3n e instrumentaci\u00f3n de la ordenanza municipal 8.932, vigente desde 2010,\u00a0 por la que se crea el Programa de Asistencia Integral para Personas en Situaci\u00f3n de Calle, en el \u00e1mbito de Paran\u00e1. Tambi\u00e9n, se present\u00f3 un pedido de audiencia a la Intendente de la ciudad y se espera la respuesta.<\/p>\n<p>Los interesados en colaborar con la tarea y sumarse a la campa\u00f1a Paran\u00e1 se Abriga pueden concurrir este domingo a la plaza S\u00e1enz Pe\u00f1a o llamar a los siguientes tel\u00e9fonos: Ricardo (0343-156211139), Florencia (0343- 154573769), Gustavo (0343- 154728213).<\/p>\n<p>Los integrantes de la Red son: * Casa Solidaria (<a href=\"http:\/\/facebook.com\/casa.solidaria.argentina\" target=\"_blank\" rel=\"noopener\">facebook.com\/casa.solidaria.argentina<\/a>), Ema\u00fas (<a href=\"http:\/\/facebook.com\/Emaussociacioncivilparana\" target=\"_blank\" rel=\"noopener\">facebook.com\/Emaussociacioncivilparana<\/a>), Cenador \u201cManolo\u201d,\u00a0 Complejos Solidarios \u201cRecordando\u201d,\u00a0 Fundaci\u00f3n \u201cEl arte de vivir\u201d (<a href=\"http:\/\/facebook.com\/artedevivir.parana\" target=\"_blank\" rel=\"noopener\">facebook.com\/artedevivir.parana<\/a>), Asociaci\u00f3n Israelita Paran\u00e1,\u00a0 Asociaci\u00f3n Civil Barriletes (<a href=\"http:\/\/facebook.com\/pages\/Asociaci%C3%B3n-Civil-\" target=\"_blank\" rel=\"noopener\">facebook.com\/pages\/Asociaci\u00f3n-Civil-<\/a>\u00a0Barriletes), Defensor\u00eda del Pueblo de la Ciudad de Paran\u00e1 y\u00a0 Grupo Compartir.<\/p>\n","protected":false},"excerpt":{"rendered":"<p>El domingo pr\u00f3ximo, integrantes de la Red Solidaria\u00a0La calle no es un lugar para vivir\u00a0junto a personas en situaci\u00f3n de calle se reunir\u00e1n en la Plaza S\u00e1enz Pe\u00f1a de Paran\u00e1 para seguir recolectando ropa de abrigo y otros elementos que ayuden a afrontar la crudeza de la intemperie y la carencia. Ser\u00e1 una Jornada de [&hellip;]<\/p>\n","protected":false},"author":1,"featured_media":0,"comment_status":"open","ping_status":"open","sticky":false,"template":"","format":"standard","meta":{"om_disable_all_campaigns":false,"_monsterinsights_skip_tracking":false,"_monsterinsights_sitenote_active":false,"_monsterinsights_sitenote_note":"","_monsterinsights_sitenote_category":0},"categories":[1],"tags":[],"_links":{"self":[{"href":"https:\/\/defensoriaparana.com.ar\/index.php\/wp-json\/wp\/v2\/posts\/3306"}],"collection":[{"href":"https:\/\/defensoriaparana.com.ar\/index.php\/wp-json\/wp\/v2\/posts"}],"about":[{"href":"https:\/\/defensoriaparana.com.ar\/index.php\/wp-json\/wp\/v2\/types\/post"}],"author":[{"embeddable":true,"href":"https:\/\/defensoriaparana.com.ar\/index.php\/wp-json\/wp\/v2\/users\/1"}],"replies":[{"embeddable":true,"href":"https:\/\/defensoriaparana.com.ar\/index.php\/wp-json\/wp\/v2\/comments?post=3306"}],"version-history":[{"count":1,"href":"https:\/\/defensoriaparana.com.ar\/index.php\/wp-json\/wp\/v2\/posts\/3306\/revisions"}],"predecessor-version":[{"id":3309,"href":"https:\/\/defensoriaparana.com.ar\/index.php\/wp-json\/wp\/v2\/posts\/3306\/revisions\/3309"}],"wp:attachment":[{"href":"https:\/\/defensoriaparana.com.ar\/index.php\/wp-json\/wp\/v2\/media?parent=3306"}],"wp:term":[{"taxonomy":"category","embeddable":true,"href":"https:\/\/defensoriaparana.com.ar\/index.php\/wp-json\/wp\/v2\/categories?post=3306"},{"taxonomy":"post_tag","embeddable":true,"href":"https:\/\/defensoriaparana.com.ar\/index.php\/wp-json\/wp\/v2\/tags?post=3306"}],"curies":[{"name":"wp","href":"https:\/\/api.w.org\/{rel}","templated":true}]}}