{"id":3361,"date":"2022-09-09T11:48:35","date_gmt":"2022-09-09T11:48:35","guid":{"rendered":"http:\/\/defensoriaparana.com.ar\/?p=3361"},"modified":"2022-09-14T11:48:52","modified_gmt":"2022-09-14T11:48:52","slug":"los-defensores-del-pueblo-de-parana-y-santa-fe-analizaron-la-situacion-de-las-nineces-y-adolescencias-a-la-luz-del-marco-normativo-nacional","status":"publish","type":"post","link":"https:\/\/defensoriaparana.com.ar\/index.php\/2022\/09\/09\/los-defensores-del-pueblo-de-parana-y-santa-fe-analizaron-la-situacion-de-las-nineces-y-adolescencias-a-la-luz-del-marco-normativo-nacional\/","title":{"rendered":"Los Defensores del Pueblo de Paran\u00e1 y Santa Fe analizaron la situaci\u00f3n de las ni\u00f1eces y adolescencias a la luz del marco normativo nacional"},"content":{"rendered":"<p>&nbsp;<\/p>\n<p>Los Defensores Jorge Henn y Marcia L\u00f3pez plantearon la posibilidad de llevar adelante jornadas de trabajo con una mirada metropolitana.<\/p>\n<p>Las Defensoras del Pueblo de la Ciudad de Paran\u00e1, Marcia L\u00f3pez y Cecilia Pautaso (Adjunta) asistieron a una reuni\u00f3n con su par de la Provincia de Santa Fe, Jorge Henn, en la que intercambiaron \u201copiniones sobre las formas de abordaje de las pol\u00edticas hacia los ni\u00f1os, ni\u00f1as y adolescentes y la posibilidad de incorporar criterios y miradas restaurativas en el dise\u00f1o de pol\u00edticas destinadas hacia ellos\u201d, se informa desde la instituci\u00f3n santafesina.<\/p>\n<p>&nbsp;<\/p>\n<p><img loading=\"lazy\" class=\"alignnone size-medium wp-image-3362\" src=\"http:\/\/defensoriaparana.com.ar\/wp-content\/uploads\/2022\/09\/Defensoras-en-Santa-Fe-300x156.jpg\" alt=\"\" width=\"300\" height=\"156\" srcset=\"https:\/\/defensoriaparana.com.ar\/wp-content\/uploads\/2022\/09\/Defensoras-en-Santa-Fe-300x156.jpg 300w, https:\/\/defensoriaparana.com.ar\/wp-content\/uploads\/2022\/09\/Defensoras-en-Santa-Fe-1024x532.jpg 1024w, https:\/\/defensoriaparana.com.ar\/wp-content\/uploads\/2022\/09\/Defensoras-en-Santa-Fe-768x399.jpg 768w, https:\/\/defensoriaparana.com.ar\/wp-content\/uploads\/2022\/09\/Defensoras-en-Santa-Fe.jpg 1110w\" sizes=\"(max-width: 300px) 100vw, 300px\" \/><\/p>\n<p>\u201cEn ese sentido, tanto Henn como las Defensoras de Paran\u00e1 coincidieron en la necesidad que cada iniciativa tenga presente las obligaciones internacionales contra\u00eddas por la Argentina, poniendo en marcha un subsistema de responsabilidad penal juvenil que cumpla con el mandato de la Convenci\u00f3n Internacional de los Derechos del Ni\u00f1o.<\/p>\n<p>Con este objetivo, se acord\u00f3 iniciar procesos conjuntos de trabajo interinstitucional para promover la incorporaci\u00f3n de enfoques no punitivistas, que se enmarquen en el paradigma de la protecci\u00f3n integral.<\/p>\n<p>Los Defensores convinieron realizar un abordaje con car\u00e1cter metropolitano de la tem\u00e1tica atento a la movilidad de ni\u00f1os, ni\u00f1as y adolescentes observada ente las dos capitales provinciales\u201d, se a\u00f1ade.<\/p>\n<p>Jorge Henn, que estuvo acompa\u00f1ado por Laura Oliva, del \u00e1rea de Monitoreo de la Defensor\u00eda de Ni\u00f1os, Ni\u00f1as y Adolescentes de Santa Fe.<\/p>\n<p>(Con informaci\u00f3n y foto de la Defensor\u00eda del Pueblo de Santa Fe)<\/p>\n","protected":false},"excerpt":{"rendered":"<p>&nbsp; Los Defensores Jorge Henn y Marcia L\u00f3pez plantearon la posibilidad de llevar adelante jornadas de trabajo con una mirada metropolitana. Las Defensoras del Pueblo de la Ciudad de Paran\u00e1, Marcia L\u00f3pez y Cecilia Pautaso (Adjunta) asistieron a una reuni\u00f3n con su par de la Provincia de Santa Fe, Jorge Henn, en la que intercambiaron [&hellip;]<\/p>\n","protected":false},"author":2,"featured_media":3362,"comment_status":"open","ping_status":"open","sticky":false,"template":"","format":"standard","meta":{"om_disable_all_campaigns":false,"_monsterinsights_skip_tracking":false,"_monsterinsights_sitenote_active":false,"_monsterinsights_sitenote_note":"","_monsterinsights_sitenote_category":0},"categories":[1],"tags":[],"_links":{"self":[{"href":"https:\/\/defensoriaparana.com.ar\/index.php\/wp-json\/wp\/v2\/posts\/3361"}],"collection":[{"href":"https:\/\/defensoriaparana.com.ar\/index.php\/wp-json\/wp\/v2\/posts"}],"about":[{"href":"https:\/\/defensoriaparana.com.ar\/index.php\/wp-json\/wp\/v2\/types\/post"}],"author":[{"embeddable":true,"href":"https:\/\/defensoriaparana.com.ar\/index.php\/wp-json\/wp\/v2\/users\/2"}],"replies":[{"embeddable":true,"href":"https:\/\/defensoriaparana.com.ar\/index.php\/wp-json\/wp\/v2\/comments?post=3361"}],"version-history":[{"count":1,"href":"https:\/\/defensoriaparana.com.ar\/index.php\/wp-json\/wp\/v2\/posts\/3361\/revisions"}],"predecessor-version":[{"id":3363,"href":"https:\/\/defensoriaparana.com.ar\/index.php\/wp-json\/wp\/v2\/posts\/3361\/revisions\/3363"}],"wp:featuredmedia":[{"embeddable":true,"href":"https:\/\/defensoriaparana.com.ar\/index.php\/wp-json\/wp\/v2\/media\/3362"}],"wp:attachment":[{"href":"https:\/\/defensoriaparana.com.ar\/index.php\/wp-json\/wp\/v2\/media?parent=3361"}],"wp:term":[{"taxonomy":"category","embeddable":true,"href":"https:\/\/defensoriaparana.com.ar\/index.php\/wp-json\/wp\/v2\/categories?post=3361"},{"taxonomy":"post_tag","embeddable":true,"href":"https:\/\/defensoriaparana.com.ar\/index.php\/wp-json\/wp\/v2\/tags?post=3361"}],"curies":[{"name":"wp","href":"https:\/\/api.w.org\/{rel}","templated":true}]}}