{"id":3384,"date":"2022-09-20T17:37:27","date_gmt":"2022-09-20T17:37:27","guid":{"rendered":"http:\/\/defensoriaparana.com.ar\/?p=3384"},"modified":"2022-09-20T17:38:33","modified_gmt":"2022-09-20T17:38:33","slug":"con-distintas-actividades-se-realizo-la-jornada-por-los-derechos-de-las-personas-en-situacion-de-calle","status":"publish","type":"post","link":"https:\/\/defensoriaparana.com.ar\/index.php\/2022\/09\/20\/con-distintas-actividades-se-realizo-la-jornada-por-los-derechos-de-las-personas-en-situacion-de-calle\/","title":{"rendered":"Con distintas actividades, se realiz\u00f3 la jornada por los derechos de las personas en situaci\u00f3n de calle"},"content":{"rendered":"<p>.<\/p>\n<p><span style=\"font-style: inherit; font-weight: inherit;\">Con una importante asistencia de p\u00fablico, se realiz\u00f3 el viernes la jornada de encuentro y visibilizaci\u00f3n de los derechos de las personas en situaci\u00f3n de calle, en el marco del tercer aniversario de creaci\u00f3n de una red de instituciones y organizaciones de la ciudad surgida ante la perdurabilidad y recrudecimiento de la problem\u00e1tica social de quienes sobreviven en las calles y lugares p\u00fablicos.\u00a0\u00a0\u00a0<\/span><\/p>\n<p><span style=\"font-style: inherit; font-weight: inherit;\">La plaza Alberdi fue el lugar de la convocatoria, que comenz\u00f3 a las 16 y se extendi\u00f3 hasta pasadas las 20:30, y que abarc\u00f3 n\u00fameros musicales, exposici\u00f3n y venta de productos de emprendedores, propuestas de juegos y talleres, entre otras actividades.\u00a0<\/span><\/p>\n<p><img loading=\"lazy\" class=\"alignnone size-medium wp-image-3386\" src=\"http:\/\/defensoriaparana.com.ar\/wp-content\/uploads\/2022\/09\/JORNADA-2-300x225.jpg\" alt=\"\" width=\"300\" height=\"225\" srcset=\"https:\/\/defensoriaparana.com.ar\/wp-content\/uploads\/2022\/09\/JORNADA-2-300x225.jpg 300w, https:\/\/defensoriaparana.com.ar\/wp-content\/uploads\/2022\/09\/JORNADA-2-1024x768.jpg 1024w, https:\/\/defensoriaparana.com.ar\/wp-content\/uploads\/2022\/09\/JORNADA-2-768x576.jpg 768w, https:\/\/defensoriaparana.com.ar\/wp-content\/uploads\/2022\/09\/JORNADA-2.jpg 1280w\" sizes=\"(max-width: 300px) 100vw, 300px\" \/><img loading=\"lazy\" class=\"alignnone size-medium wp-image-3391\" src=\"http:\/\/defensoriaparana.com.ar\/wp-content\/uploads\/2022\/09\/jornada-6-300x225.jpg\" alt=\"\" width=\"300\" height=\"225\" srcset=\"https:\/\/defensoriaparana.com.ar\/wp-content\/uploads\/2022\/09\/jornada-6-300x225.jpg 300w, https:\/\/defensoriaparana.com.ar\/wp-content\/uploads\/2022\/09\/jornada-6-1024x768.jpg 1024w, https:\/\/defensoriaparana.com.ar\/wp-content\/uploads\/2022\/09\/jornada-6-768x576.jpg 768w, https:\/\/defensoriaparana.com.ar\/wp-content\/uploads\/2022\/09\/jornada-6-1536x1152.jpg 1536w, https:\/\/defensoriaparana.com.ar\/wp-content\/uploads\/2022\/09\/jornada-6.jpg 1600w\" sizes=\"(max-width: 300px) 100vw, 300px\" \/><img loading=\"lazy\" class=\"alignnone size-medium wp-image-3387\" src=\"http:\/\/defensoriaparana.com.ar\/wp-content\/uploads\/2022\/09\/jornada-3-300x225.jpg\" alt=\"\" width=\"300\" height=\"225\" srcset=\"https:\/\/defensoriaparana.com.ar\/wp-content\/uploads\/2022\/09\/jornada-3-300x225.jpg 300w, https:\/\/defensoriaparana.com.ar\/wp-content\/uploads\/2022\/09\/jornada-3-1024x768.jpg 1024w, https:\/\/defensoriaparana.com.ar\/wp-content\/uploads\/2022\/09\/jornada-3-768x576.jpg 768w, https:\/\/defensoriaparana.com.ar\/wp-content\/uploads\/2022\/09\/jornada-3-1536x1152.jpg 1536w, https:\/\/defensoriaparana.com.ar\/wp-content\/uploads\/2022\/09\/jornada-3.jpg 1600w\" sizes=\"(max-width: 300px) 100vw, 300px\" \/><\/p>\n<p>Una decena de puestos con gazebos fueron instalados en torno del centro de la plaza, desafiando el viento fuerte de las primeras horas de la tarde. All\u00ed, feriantes y participantes de las distintas instituciones y organizaciones que conforman la Red por los Derechos de las Personas en Situaci\u00f3n de Calle, desarrollaron distintas actividades con el foco puesto en la necesidad de tratar la problem\u00e1tica, ponerla en la agenda p\u00fablica y facilitar informaci\u00f3n concerniente a la legislaci\u00f3n vigente. Concretamente, se convers\u00f3 sobre ley nacional de situaci\u00f3n de calle y familias sin techo, sancionada en diciembre de 2021.<\/p>\n<p><img loading=\"lazy\" class=\"alignnone size-medium wp-image-3385\" src=\"http:\/\/defensoriaparana.com.ar\/wp-content\/uploads\/2022\/09\/JORNADA-1-300x225.jpg\" alt=\"\" width=\"300\" height=\"225\" srcset=\"https:\/\/defensoriaparana.com.ar\/wp-content\/uploads\/2022\/09\/JORNADA-1-300x225.jpg 300w, https:\/\/defensoriaparana.com.ar\/wp-content\/uploads\/2022\/09\/JORNADA-1-1024x768.jpg 1024w, https:\/\/defensoriaparana.com.ar\/wp-content\/uploads\/2022\/09\/JORNADA-1-768x576.jpg 768w, https:\/\/defensoriaparana.com.ar\/wp-content\/uploads\/2022\/09\/JORNADA-1-1536x1152.jpg 1536w, https:\/\/defensoriaparana.com.ar\/wp-content\/uploads\/2022\/09\/JORNADA-1.jpg 1600w\" sizes=\"(max-width: 300px) 100vw, 300px\" \/><img loading=\"lazy\" class=\"alignnone size-medium wp-image-3388\" src=\"http:\/\/defensoriaparana.com.ar\/wp-content\/uploads\/2022\/09\/jornada-4-300x225.jpg\" alt=\"\" width=\"300\" height=\"225\" srcset=\"https:\/\/defensoriaparana.com.ar\/wp-content\/uploads\/2022\/09\/jornada-4-300x225.jpg 300w, https:\/\/defensoriaparana.com.ar\/wp-content\/uploads\/2022\/09\/jornada-4-1024x768.jpg 1024w, https:\/\/defensoriaparana.com.ar\/wp-content\/uploads\/2022\/09\/jornada-4-768x576.jpg 768w, https:\/\/defensoriaparana.com.ar\/wp-content\/uploads\/2022\/09\/jornada-4-1536x1152.jpg 1536w, https:\/\/defensoriaparana.com.ar\/wp-content\/uploads\/2022\/09\/jornada-4.jpg 1600w\" sizes=\"(max-width: 300px) 100vw, 300px\" \/><img loading=\"lazy\" class=\"alignnone size-medium wp-image-3394\" src=\"http:\/\/defensoriaparana.com.ar\/wp-content\/uploads\/2022\/09\/jornada-8-300x225.jpg\" alt=\"\" width=\"300\" height=\"225\" srcset=\"https:\/\/defensoriaparana.com.ar\/wp-content\/uploads\/2022\/09\/jornada-8-300x225.jpg 300w, https:\/\/defensoriaparana.com.ar\/wp-content\/uploads\/2022\/09\/jornada-8-1024x768.jpg 1024w, https:\/\/defensoriaparana.com.ar\/wp-content\/uploads\/2022\/09\/jornada-8-768x576.jpg 768w, https:\/\/defensoriaparana.com.ar\/wp-content\/uploads\/2022\/09\/jornada-8-1536x1152.jpg 1536w, https:\/\/defensoriaparana.com.ar\/wp-content\/uploads\/2022\/09\/jornada-8.jpg 1600w\" sizes=\"(max-width: 300px) 100vw, 300px\" \/><\/p>\n<p>Tambi\u00e9n hubo propuestas de actividades en talleres: uno de alfombras del grupo de mujeres del Centro de Salud Belgrano y\u00a0\u00a0otro de palabras a cargo del Centro de Mediaci\u00f3n Comunitario de la Defensor\u00eda del Pueblo.<\/p>\n<p><span style=\"font-style: inherit; font-weight: inherit;\">La Facultad de Ciencias Econ\u00f3micas expuso sus proyectos y programas de extensi\u00f3n como modo de acercamiento a la comunidad, al igual que Red Puentes con sus productos y propuestas.\u00a0<\/span><\/p>\n<p><span style=\"font-style: inherit; font-weight: inherit;\">Las actividades l\u00fadicas estuvieron a cargo de las facultades de Humanidades, Artes y Ciencias Sociales de UADER, de Ciencias Econ\u00f3micas de la UNER y de la UCA.\u00a0<\/span><\/p>\n<p><span style=\"font-style: inherit; font-weight: inherit;\">La m\u00fasica en vivo comenz\u00f3 a sonar despu\u00e9s de las 18:30 de la mano de la Asociaci\u00f3n Litorale\u00f1a de Blues, Lo&#8217; Feriantes y La Humilde. Tambi\u00e9n, los asistentes disfrutaron del show musical del Taller de Rap de Red Puentes.\u00a0<\/span><\/p>\n<p><img loading=\"lazy\" class=\"alignnone size-medium wp-image-3397\" src=\"http:\/\/defensoriaparana.com.ar\/wp-content\/uploads\/2022\/09\/JORNADA-11-300x225.jpg\" alt=\"\" width=\"300\" height=\"225\" srcset=\"https:\/\/defensoriaparana.com.ar\/wp-content\/uploads\/2022\/09\/JORNADA-11-300x225.jpg 300w, https:\/\/defensoriaparana.com.ar\/wp-content\/uploads\/2022\/09\/JORNADA-11-1024x768.jpg 1024w, https:\/\/defensoriaparana.com.ar\/wp-content\/uploads\/2022\/09\/JORNADA-11-768x576.jpg 768w, https:\/\/defensoriaparana.com.ar\/wp-content\/uploads\/2022\/09\/JORNADA-11-1536x1152.jpg 1536w, https:\/\/defensoriaparana.com.ar\/wp-content\/uploads\/2022\/09\/JORNADA-11.jpg 1600w\" sizes=\"(max-width: 300px) 100vw, 300px\" \/><img loading=\"lazy\" class=\"alignnone size-medium wp-image-3399\" src=\"http:\/\/defensoriaparana.com.ar\/wp-content\/uploads\/2022\/09\/JORNADA-13-300x169.jpg\" alt=\"\" width=\"300\" height=\"169\" srcset=\"https:\/\/defensoriaparana.com.ar\/wp-content\/uploads\/2022\/09\/JORNADA-13-300x169.jpg 300w, https:\/\/defensoriaparana.com.ar\/wp-content\/uploads\/2022\/09\/JORNADA-13-1024x576.jpg 1024w, https:\/\/defensoriaparana.com.ar\/wp-content\/uploads\/2022\/09\/JORNADA-13-768x432.jpg 768w, https:\/\/defensoriaparana.com.ar\/wp-content\/uploads\/2022\/09\/JORNADA-13.jpg 1280w\" sizes=\"(max-width: 300px) 100vw, 300px\" \/><img loading=\"lazy\" class=\"alignnone size-medium wp-image-3392\" src=\"http:\/\/defensoriaparana.com.ar\/wp-content\/uploads\/2022\/09\/jornada-7-300x225.jpg\" alt=\"\" width=\"300\" height=\"225\" srcset=\"https:\/\/defensoriaparana.com.ar\/wp-content\/uploads\/2022\/09\/jornada-7-300x225.jpg 300w, https:\/\/defensoriaparana.com.ar\/wp-content\/uploads\/2022\/09\/jornada-7-1024x768.jpg 1024w, https:\/\/defensoriaparana.com.ar\/wp-content\/uploads\/2022\/09\/jornada-7-768x576.jpg 768w, https:\/\/defensoriaparana.com.ar\/wp-content\/uploads\/2022\/09\/jornada-7-1536x1152.jpg 1536w, https:\/\/defensoriaparana.com.ar\/wp-content\/uploads\/2022\/09\/jornada-7.jpg 1600w\" sizes=\"(max-width: 300px) 100vw, 300px\" \/><\/p>\n<p><span style=\"font-style: inherit; font-weight: inherit;\">Paralelamente, funcion\u00f3 un puesto de vacunaci\u00f3n contra el Covid, a cargo del Ministerio de Salud de la provincia, y personal del Centro de Salud Belgrano realiz\u00f3 controles de presi\u00f3n arterial. En tanto,\u00a0<\/span><span style=\"font-style: inherit; font-weight: inherit;\">el Hospital Escuela de Salud Mental estuvo presente con su propuesta &#8220;Ponete la camiseta&#8221;.<\/span><span style=\"font-style: inherit; font-weight: inherit;\">\u00a0<\/span><\/p>\n<p><span style=\"font-style: inherit; font-weight: inherit;\">Mientras las actividades transcurr\u00edan y el p\u00fablico se acercaba, se ofreci\u00f3 una merienda para las personas en situaci\u00f3n de calle que fueron parte de la jornada y luego, la cena que se brind\u00f3 en la plaza y tambi\u00e9n en los distintos puntos de la ciudad adonde habitualmente las organizaciones concurren con raciones de comida.\u00a0<\/span><\/p>\n<p><img loading=\"lazy\" class=\"alignnone size-medium wp-image-3390\" src=\"http:\/\/defensoriaparana.com.ar\/wp-content\/uploads\/2022\/09\/jornada-5-225x300.jpg\" alt=\"\" width=\"225\" height=\"300\" srcset=\"https:\/\/defensoriaparana.com.ar\/wp-content\/uploads\/2022\/09\/jornada-5-225x300.jpg 225w, https:\/\/defensoriaparana.com.ar\/wp-content\/uploads\/2022\/09\/jornada-5-768x1024.jpg 768w, https:\/\/defensoriaparana.com.ar\/wp-content\/uploads\/2022\/09\/jornada-5-1152x1536.jpg 1152w, https:\/\/defensoriaparana.com.ar\/wp-content\/uploads\/2022\/09\/jornada-5.jpg 1200w\" sizes=\"(max-width: 225px) 100vw, 225px\" \/><img loading=\"lazy\" class=\"alignnone size-medium wp-image-3395\" src=\"http:\/\/defensoriaparana.com.ar\/wp-content\/uploads\/2022\/09\/JORNADA-9-300x225.jpg\" alt=\"\" width=\"300\" height=\"225\" srcset=\"https:\/\/defensoriaparana.com.ar\/wp-content\/uploads\/2022\/09\/JORNADA-9-300x225.jpg 300w, https:\/\/defensoriaparana.com.ar\/wp-content\/uploads\/2022\/09\/JORNADA-9-1024x768.jpg 1024w, https:\/\/defensoriaparana.com.ar\/wp-content\/uploads\/2022\/09\/JORNADA-9-768x576.jpg 768w, https:\/\/defensoriaparana.com.ar\/wp-content\/uploads\/2022\/09\/JORNADA-9-1536x1152.jpg 1536w, https:\/\/defensoriaparana.com.ar\/wp-content\/uploads\/2022\/09\/JORNADA-9.jpg 1600w\" sizes=\"(max-width: 300px) 100vw, 300px\" \/><img loading=\"lazy\" class=\"alignnone size-medium wp-image-3400\" src=\"http:\/\/defensoriaparana.com.ar\/wp-content\/uploads\/2022\/09\/JORNADA-14-300x169.jpg\" alt=\"\" width=\"300\" height=\"169\" srcset=\"https:\/\/defensoriaparana.com.ar\/wp-content\/uploads\/2022\/09\/JORNADA-14-300x169.jpg 300w, https:\/\/defensoriaparana.com.ar\/wp-content\/uploads\/2022\/09\/JORNADA-14-1024x576.jpg 1024w, https:\/\/defensoriaparana.com.ar\/wp-content\/uploads\/2022\/09\/JORNADA-14-768x432.jpg 768w, https:\/\/defensoriaparana.com.ar\/wp-content\/uploads\/2022\/09\/JORNADA-14-1536x864.jpg 1536w, https:\/\/defensoriaparana.com.ar\/wp-content\/uploads\/2022\/09\/JORNADA-14.jpg 1600w\" sizes=\"(max-width: 300px) 100vw, 300px\" \/><img loading=\"lazy\" class=\"alignnone size-medium wp-image-3385\" src=\"http:\/\/defensoriaparana.com.ar\/wp-content\/uploads\/2022\/09\/JORNADA-1-300x225.jpg\" alt=\"\" width=\"300\" height=\"225\" srcset=\"https:\/\/defensoriaparana.com.ar\/wp-content\/uploads\/2022\/09\/JORNADA-1-300x225.jpg 300w, https:\/\/defensoriaparana.com.ar\/wp-content\/uploads\/2022\/09\/JORNADA-1-1024x768.jpg 1024w, https:\/\/defensoriaparana.com.ar\/wp-content\/uploads\/2022\/09\/JORNADA-1-768x576.jpg 768w, https:\/\/defensoriaparana.com.ar\/wp-content\/uploads\/2022\/09\/JORNADA-1-1536x1152.jpg 1536w, https:\/\/defensoriaparana.com.ar\/wp-content\/uploads\/2022\/09\/JORNADA-1.jpg 1600w\" sizes=\"(max-width: 300px) 100vw, 300px\" \/><\/p>\n<p><span style=\"font-style: inherit; font-weight: inherit;\">A la par, y como un pilar fundamental para mantener la asistencia alimentaria, funcion\u00f3 en la jornada una colecta de alimentos no perecederos.\u00a0<\/span><\/p>\n<p><span style=\"font-style: inherit; font-weight: inherit;\">La Red por los Derechos de las Personas en Situaci\u00f3n de Calle surgi\u00f3 en septiembre de 2019, cuando organizaciones e instituciones \u2013entre ellas la Defensor\u00edas del Pueblo de Paran\u00e1- se reunieron ante la realidad que interpelaba desde la intemperie. El objetivo fundacional fue \u2013y sigue siendo- visibilizar la realidad cada vez m\u00e1s acuciante y reclamar acciones concretas y pol\u00edticas de Estado que aborden desde una perspectiva de derechos, efectivamente y de manera integral, la problem\u00e1tica.<\/span><strong><span style=\"font-style: inherit; font-weight: inherit;\">\u00a0<\/span><\/strong><\/p>\n","protected":false},"excerpt":{"rendered":"<p>. Con una importante asistencia de p\u00fablico, se realiz\u00f3 el viernes la jornada de encuentro y visibilizaci\u00f3n de los derechos de las personas en situaci\u00f3n de calle, en el marco del tercer aniversario de creaci\u00f3n de una red de instituciones y organizaciones de la ciudad surgida ante la perdurabilidad y recrudecimiento de la problem\u00e1tica social [&hellip;]<\/p>\n","protected":false},"author":2,"featured_media":3391,"comment_status":"open","ping_status":"open","sticky":false,"template":"","format":"standard","meta":{"om_disable_all_campaigns":false,"_monsterinsights_skip_tracking":false,"_monsterinsights_sitenote_active":false,"_monsterinsights_sitenote_note":"","_monsterinsights_sitenote_category":0},"categories":[1],"tags":[],"_links":{"self":[{"href":"https:\/\/defensoriaparana.com.ar\/index.php\/wp-json\/wp\/v2\/posts\/3384"}],"collection":[{"href":"https:\/\/defensoriaparana.com.ar\/index.php\/wp-json\/wp\/v2\/posts"}],"about":[{"href":"https:\/\/defensoriaparana.com.ar\/index.php\/wp-json\/wp\/v2\/types\/post"}],"author":[{"embeddable":true,"href":"https:\/\/defensoriaparana.com.ar\/index.php\/wp-json\/wp\/v2\/users\/2"}],"replies":[{"embeddable":true,"href":"https:\/\/defensoriaparana.com.ar\/index.php\/wp-json\/wp\/v2\/comments?post=3384"}],"version-history":[{"count":1,"href":"https:\/\/defensoriaparana.com.ar\/index.php\/wp-json\/wp\/v2\/posts\/3384\/revisions"}],"predecessor-version":[{"id":3401,"href":"https:\/\/defensoriaparana.com.ar\/index.php\/wp-json\/wp\/v2\/posts\/3384\/revisions\/3401"}],"wp:featuredmedia":[{"embeddable":true,"href":"https:\/\/defensoriaparana.com.ar\/index.php\/wp-json\/wp\/v2\/media\/3391"}],"wp:attachment":[{"href":"https:\/\/defensoriaparana.com.ar\/index.php\/wp-json\/wp\/v2\/media?parent=3384"}],"wp:term":[{"taxonomy":"category","embeddable":true,"href":"https:\/\/defensoriaparana.com.ar\/index.php\/wp-json\/wp\/v2\/categories?post=3384"},{"taxonomy":"post_tag","embeddable":true,"href":"https:\/\/defensoriaparana.com.ar\/index.php\/wp-json\/wp\/v2\/tags?post=3384"}],"curies":[{"name":"wp","href":"https:\/\/api.w.org\/{rel}","templated":true}]}}