{"id":3414,"date":"2022-09-23T19:43:29","date_gmt":"2022-09-23T19:43:29","guid":{"rendered":"http:\/\/defensoriaparana.com.ar\/?p=3414"},"modified":"2022-09-23T19:43:29","modified_gmt":"2022-09-23T19:43:29","slug":"las-defensoras-de-parana-participaron-de-la-presentacion-de-una-publicacion-sobre-derechos-humanos-de-mexico-y-argentina","status":"publish","type":"post","link":"https:\/\/defensoriaparana.com.ar\/index.php\/2022\/09\/23\/las-defensoras-de-parana-participaron-de-la-presentacion-de-una-publicacion-sobre-derechos-humanos-de-mexico-y-argentina\/","title":{"rendered":"Las Defensoras de Paran\u00e1 participaron de la presentaci\u00f3n de una publicaci\u00f3n sobre derechos humanos de M\u00e9xico y Argentina"},"content":{"rendered":"<p>.<br \/>\nLas Defensoras del Pueblo de Paran\u00e1 participaron v\u00eda online de la presentaci\u00f3n oficial del cuarto n\u00famero de la Gaceta Binacional de Derechos Humanos M\u00e9xico-Argentina. En el encuentro, en el que se conectaron de manera virtual integrantes de distintas Defensor\u00edas del pa\u00eds, tambi\u00e9n se analiz\u00f3 la situaci\u00f3n de la discapacidad en Argentina y el anunciado cambio de la legislaci\u00f3n. Las Defensoras Marcia L\u00f3pez y Cecilia Pautaso (Adjunta) mencionaron la importancia de la publicaci\u00f3n y se refirieron a la menci\u00f3n de la tem\u00e1tica de la discapacidad, cuesti\u00f3n que preocupa y de la que se viene ocupando la Defensor\u00eda de Paran\u00e1 junto a otros sectores involucrados.<\/p>\n<p><img loading=\"lazy\" class=\"alignnone size-medium wp-image-3403\" src=\"http:\/\/defensoriaparana.com.ar\/wp-content\/uploads\/2022\/09\/adpra-gaceta-300x183.jpg\" alt=\"\" width=\"300\" height=\"183\" srcset=\"https:\/\/defensoriaparana.com.ar\/wp-content\/uploads\/2022\/09\/adpra-gaceta-300x183.jpg 300w, https:\/\/defensoriaparana.com.ar\/wp-content\/uploads\/2022\/09\/adpra-gaceta-1024x623.jpg 1024w, https:\/\/defensoriaparana.com.ar\/wp-content\/uploads\/2022\/09\/adpra-gaceta-768x467.jpg 768w, https:\/\/defensoriaparana.com.ar\/wp-content\/uploads\/2022\/09\/adpra-gaceta.jpg 1280w\" sizes=\"(max-width: 300px) 100vw, 300px\" \/><img loading=\"lazy\" class=\"alignnone size-medium wp-image-3404\" src=\"http:\/\/defensoriaparana.com.ar\/wp-content\/uploads\/2022\/09\/adpra-gaceta-1-300x225.jpg\" alt=\"\" width=\"300\" height=\"225\" srcset=\"https:\/\/defensoriaparana.com.ar\/wp-content\/uploads\/2022\/09\/adpra-gaceta-1-300x225.jpg 300w, https:\/\/defensoriaparana.com.ar\/wp-content\/uploads\/2022\/09\/adpra-gaceta-1-1024x768.jpg 1024w, https:\/\/defensoriaparana.com.ar\/wp-content\/uploads\/2022\/09\/adpra-gaceta-1-768x576.jpg 768w, https:\/\/defensoriaparana.com.ar\/wp-content\/uploads\/2022\/09\/adpra-gaceta-1-1536x1152.jpg 1536w, https:\/\/defensoriaparana.com.ar\/wp-content\/uploads\/2022\/09\/adpra-gaceta-1.jpg 1600w\" sizes=\"(max-width: 300px) 100vw, 300px\" \/><br \/>\nLa Federaci\u00f3n Mexicana de Organismos P\u00fablicos de Derechos Humanos y la Asociaci\u00f3n de las Defensor\u00edas del Pueblo de la Rep\u00fablica de Argentina (Adpra), presentaron el cuarto n\u00famero de la publicaci\u00f3n, definida por sus organizadores como un \u201cinstrumento oficial de comunicaci\u00f3n e intercambio de experiencias y art\u00edculos de investigaci\u00f3n de temas de derechos humanos, entre las Defensor\u00edas del Pueblo de Argentina y los organismos que integran la Federaci\u00f3n Mexicana de Organismos P\u00fablicos de Derechos Humanos\u201d.<br \/>\nSe trata de una publicaci\u00f3n semestral, a cargo de la Comisi\u00f3n de los Derechos Humanos del Estado de Yucat\u00e1n, M\u00e9xico y la Defensor\u00eda del Pueblo de R\u00edo Cuarto, Argentina.<\/p>\n","protected":false},"excerpt":{"rendered":"<p>. Las Defensoras del Pueblo de Paran\u00e1 participaron v\u00eda online de la presentaci\u00f3n oficial del cuarto n\u00famero de la Gaceta Binacional de Derechos Humanos M\u00e9xico-Argentina. En el encuentro, en el que se conectaron de manera virtual integrantes de distintas Defensor\u00edas del pa\u00eds, tambi\u00e9n se analiz\u00f3 la situaci\u00f3n de la discapacidad en Argentina y el anunciado [&hellip;]<\/p>\n","protected":false},"author":2,"featured_media":3403,"comment_status":"open","ping_status":"open","sticky":false,"template":"","format":"standard","meta":{"om_disable_all_campaigns":false,"_monsterinsights_skip_tracking":false,"_monsterinsights_sitenote_active":false,"_monsterinsights_sitenote_note":"","_monsterinsights_sitenote_category":0},"categories":[1],"tags":[],"_links":{"self":[{"href":"https:\/\/defensoriaparana.com.ar\/index.php\/wp-json\/wp\/v2\/posts\/3414"}],"collection":[{"href":"https:\/\/defensoriaparana.com.ar\/index.php\/wp-json\/wp\/v2\/posts"}],"about":[{"href":"https:\/\/defensoriaparana.com.ar\/index.php\/wp-json\/wp\/v2\/types\/post"}],"author":[{"embeddable":true,"href":"https:\/\/defensoriaparana.com.ar\/index.php\/wp-json\/wp\/v2\/users\/2"}],"replies":[{"embeddable":true,"href":"https:\/\/defensoriaparana.com.ar\/index.php\/wp-json\/wp\/v2\/comments?post=3414"}],"version-history":[{"count":1,"href":"https:\/\/defensoriaparana.com.ar\/index.php\/wp-json\/wp\/v2\/posts\/3414\/revisions"}],"predecessor-version":[{"id":3415,"href":"https:\/\/defensoriaparana.com.ar\/index.php\/wp-json\/wp\/v2\/posts\/3414\/revisions\/3415"}],"wp:featuredmedia":[{"embeddable":true,"href":"https:\/\/defensoriaparana.com.ar\/index.php\/wp-json\/wp\/v2\/media\/3403"}],"wp:attachment":[{"href":"https:\/\/defensoriaparana.com.ar\/index.php\/wp-json\/wp\/v2\/media?parent=3414"}],"wp:term":[{"taxonomy":"category","embeddable":true,"href":"https:\/\/defensoriaparana.com.ar\/index.php\/wp-json\/wp\/v2\/categories?post=3414"},{"taxonomy":"post_tag","embeddable":true,"href":"https:\/\/defensoriaparana.com.ar\/index.php\/wp-json\/wp\/v2\/tags?post=3414"}],"curies":[{"name":"wp","href":"https:\/\/api.w.org\/{rel}","templated":true}]}}