{"id":3420,"date":"2022-08-30T17:00:41","date_gmt":"2022-08-30T17:00:41","guid":{"rendered":"http:\/\/defensoriaparana.com.ar\/?p=3420"},"modified":"2022-10-01T00:06:23","modified_gmt":"2022-10-01T00:06:23","slug":"ligia-blanco-participo-de-un-nuevo-programa-de-radio-sobre-personas-mayores","status":"publish","type":"post","link":"https:\/\/defensoriaparana.com.ar\/index.php\/2022\/08\/30\/ligia-blanco-participo-de-un-nuevo-programa-de-radio-sobre-personas-mayores\/","title":{"rendered":"Ligia Blanco particip\u00f3 de un nuevo programa de radio sobre personas mayores"},"content":{"rendered":"<p>La Defensora de los Derechos de las Personas Mayores, Ligia Blanco, particip\u00f3 de un nuevo ciclo radial denominado Tiempo de Recreo, Nuestro Mejor Tiempo, que se emite por FM 88.1 Costa Paran\u00e1, los jueves de 15 a 16.<\/p>\n<p><img loading=\"lazy\" class=\"alignnone size-medium wp-image-3324\" src=\"http:\/\/defensoriaparana.com.ar\/wp-content\/uploads\/2022\/08\/recre-300x285.jpg\" alt=\"\" width=\"300\" height=\"285\" srcset=\"https:\/\/defensoriaparana.com.ar\/wp-content\/uploads\/2022\/08\/recre-300x285.jpg 300w, https:\/\/defensoriaparana.com.ar\/wp-content\/uploads\/2022\/08\/recre.jpg 716w\" sizes=\"(max-width: 300px) 100vw, 300px\" \/><\/p>\n<p>El programa es producido y realizado por personas mayores y surgi\u00f3 como una propuesta de talleres de radio realizados desde hace tres a\u00f1os, primero en forma virtual y en 2022 en forma presencial, en la instituci\u00f3n El Recreo de Paran\u00e1.<\/p>\n<p>La Defensora fue consultada acerca de la instituci\u00f3n y el alcance de la funci\u00f3n, creada por ordenanza para defender los derechos de las personas mayores. Tambi\u00e9n, se refiri\u00f3 al trabajo realizado desde octubre de 2020, cuando inici\u00f3 su mandato, el primero de dicha funci\u00f3n. Asimismo, Ligia Blanco inform\u00f3 sobre el llamado vigente de un nuevo concurso p\u00fablico para cubrir el cargo, ya que el mandato previsto para la funci\u00f3n es de dos a\u00f1os.<\/p>\n<p>Asimismo, la Defensora destac\u00f3 el espacio radial dedicado a difundir tem\u00e1ticas e informaci\u00f3n referida a las personas mayores y valor\u00f3 especialmente el hecho de que su realizaci\u00f3n est\u00e9 en manos de los propios protagonistas.<\/p>\n<p>Mar\u00eda del Huerto Vercelli, Liliana Arce, Enrique Warle y Nelsa Tulli son las personas que tienen a cargo el programa, que se inici\u00f3 el 4 de agosto y busca reflejar historias olvidadas, vejeces diversas, cuentos breves y de autores entrerrianos, tratar temas sobre usos y costumbres y mitos urbanos. Tambi\u00e9n no faltar\u00e1n las recetas de las abuelas, informan los hacedores, al tiempo que recuerdan que su slogan radica en contar \u201cexperiencias, historias y saberes de ayer, de hoy, y de siempre\u201d.<\/p>\n<p>&nbsp;<\/p>\n","protected":false},"excerpt":{"rendered":"<p>La Defensora de los Derechos de las Personas Mayores, Ligia Blanco, particip\u00f3 de un nuevo ciclo radial denominado Tiempo de Recreo, Nuestro Mejor Tiempo, que se emite por FM 88.1 Costa Paran\u00e1, los jueves de 15 a 16. El programa es producido y realizado por personas mayores y surgi\u00f3 como una propuesta de talleres de [&hellip;]<\/p>\n","protected":false},"author":1,"featured_media":3323,"comment_status":"open","ping_status":"open","sticky":false,"template":"","format":"standard","meta":{"om_disable_all_campaigns":false,"_monsterinsights_skip_tracking":false,"_monsterinsights_sitenote_active":false,"_monsterinsights_sitenote_note":"","_monsterinsights_sitenote_category":0},"categories":[1],"tags":[],"_links":{"self":[{"href":"https:\/\/defensoriaparana.com.ar\/index.php\/wp-json\/wp\/v2\/posts\/3420"}],"collection":[{"href":"https:\/\/defensoriaparana.com.ar\/index.php\/wp-json\/wp\/v2\/posts"}],"about":[{"href":"https:\/\/defensoriaparana.com.ar\/index.php\/wp-json\/wp\/v2\/types\/post"}],"author":[{"embeddable":true,"href":"https:\/\/defensoriaparana.com.ar\/index.php\/wp-json\/wp\/v2\/users\/1"}],"replies":[{"embeddable":true,"href":"https:\/\/defensoriaparana.com.ar\/index.php\/wp-json\/wp\/v2\/comments?post=3420"}],"version-history":[{"count":1,"href":"https:\/\/defensoriaparana.com.ar\/index.php\/wp-json\/wp\/v2\/posts\/3420\/revisions"}],"predecessor-version":[{"id":3422,"href":"https:\/\/defensoriaparana.com.ar\/index.php\/wp-json\/wp\/v2\/posts\/3420\/revisions\/3422"}],"wp:featuredmedia":[{"embeddable":true,"href":"https:\/\/defensoriaparana.com.ar\/index.php\/wp-json\/wp\/v2\/media\/3323"}],"wp:attachment":[{"href":"https:\/\/defensoriaparana.com.ar\/index.php\/wp-json\/wp\/v2\/media?parent=3420"}],"wp:term":[{"taxonomy":"category","embeddable":true,"href":"https:\/\/defensoriaparana.com.ar\/index.php\/wp-json\/wp\/v2\/categories?post=3420"},{"taxonomy":"post_tag","embeddable":true,"href":"https:\/\/defensoriaparana.com.ar\/index.php\/wp-json\/wp\/v2\/tags?post=3420"}],"curies":[{"name":"wp","href":"https:\/\/api.w.org\/{rel}","templated":true}]}}