{"id":3424,"date":"2022-10-01T15:24:49","date_gmt":"2022-10-01T15:24:49","guid":{"rendered":"http:\/\/defensoriaparana.com.ar\/?p=3424"},"modified":"2022-10-01T15:33:17","modified_gmt":"2022-10-01T15:33:17","slug":"la-defensora-ligia-blanco-participo-de-una-actividad-en-la-peatonal-por-el-dia-de-las-personas-mayores","status":"publish","type":"post","link":"https:\/\/defensoriaparana.com.ar\/index.php\/2022\/10\/01\/la-defensora-ligia-blanco-participo-de-una-actividad-en-la-peatonal-por-el-dia-de-las-personas-mayores\/","title":{"rendered":"La Defensora Ligia Blanco particip\u00f3 de una actividad en la Peatonal por el D\u00eda de las Personas Mayores"},"content":{"rendered":"<p>La Defensora de los Derechos de las Personas Mayores, de la Defensor\u00eda del Pueblo de la Ciudad de Paran\u00e1, particip\u00f3 este s\u00e1bado de una actividad en la Peatonal San Mart\u00edn, organizada por la Asociaci\u00f3n de T\u00e9cnicos Universitarios en Psicogerontolog\u00eda. Se entregaron volantes informativos sobre los derechos de las personas mayores y la existencia de la Asociaci\u00f3n, en la que Ligia Blanco es socia fundadora.<\/p>\n<p><img loading=\"lazy\" class=\"alignnone size-medium wp-image-3425\" src=\"http:\/\/defensoriaparana.com.ar\/wp-content\/uploads\/2022\/10\/foto-Ligia-300x249.jpg\" alt=\"\" width=\"300\" height=\"249\" srcset=\"https:\/\/defensoriaparana.com.ar\/wp-content\/uploads\/2022\/10\/foto-Ligia-300x249.jpg 300w, https:\/\/defensoriaparana.com.ar\/wp-content\/uploads\/2022\/10\/foto-Ligia-1024x849.jpg 1024w, https:\/\/defensoriaparana.com.ar\/wp-content\/uploads\/2022\/10\/foto-Ligia-768x637.jpg 768w, https:\/\/defensoriaparana.com.ar\/wp-content\/uploads\/2022\/10\/foto-Ligia.jpg 1280w\" sizes=\"(max-width: 300px) 100vw, 300px\" \/><\/p>\n<p>La actividad se enmarca en la conmemoraci\u00f3n del D\u00eda Internacional de las Personas Mayores. La fecha fue instituida el 1 de octubre por la Asamblea General de las Naciones Unidas (ONU), para reflexionar sobre los derechos de las personas mayores, la importancia de valorar sus contribuciones y aportes a la sociedad, y la necesidad de poner fin a cualquier tipo de estigmatizaci\u00f3n o discriminaci\u00f3n perjudicial para su plena integraci\u00f3n y desarrollo.<\/p>\n<p><img loading=\"lazy\" class=\"alignnone size-medium wp-image-3430\" src=\"http:\/\/defensoriaparana.com.ar\/wp-content\/uploads\/2022\/10\/volante-ligia1-300x190.jpg\" alt=\"\" width=\"300\" height=\"190\" srcset=\"https:\/\/defensoriaparana.com.ar\/wp-content\/uploads\/2022\/10\/volante-ligia1-300x190.jpg 300w, https:\/\/defensoriaparana.com.ar\/wp-content\/uploads\/2022\/10\/volante-ligia1-1024x647.jpg 1024w, https:\/\/defensoriaparana.com.ar\/wp-content\/uploads\/2022\/10\/volante-ligia1-768x485.jpg 768w, https:\/\/defensoriaparana.com.ar\/wp-content\/uploads\/2022\/10\/volante-ligia1.jpg 1280w\" sizes=\"(max-width: 300px) 100vw, 300px\" \/><img loading=\"lazy\" class=\"alignnone size-medium wp-image-3429\" src=\"http:\/\/defensoriaparana.com.ar\/wp-content\/uploads\/2022\/10\/volante-ligia-300x195.jpg\" alt=\"\" width=\"300\" height=\"195\" srcset=\"https:\/\/defensoriaparana.com.ar\/wp-content\/uploads\/2022\/10\/volante-ligia-300x195.jpg 300w, https:\/\/defensoriaparana.com.ar\/wp-content\/uploads\/2022\/10\/volante-ligia-1024x666.jpg 1024w, https:\/\/defensoriaparana.com.ar\/wp-content\/uploads\/2022\/10\/volante-ligia-768x500.jpg 768w, https:\/\/defensoriaparana.com.ar\/wp-content\/uploads\/2022\/10\/volante-ligia.jpg 1280w\" sizes=\"(max-width: 300px) 100vw, 300px\" \/><\/p>\n<p>La Asociaci\u00f3n de T\u00e9cnicos Universitarios en Psicogerontolog\u00eda se conform\u00f3 este a\u00f1o y en su concreci\u00f3n particip\u00f3 activamente desde sus inicios la Defensora Blanco. Por ello, el paso dado por la organizaci\u00f3n en agosto pasado fue considerado por la Defensor\u00eda de los Derechos de las Personas Mayores, un significativo avance, al destacar la profesionalizaci\u00f3n de la atenci\u00f3n de la vejez.<\/p>\n<p><img loading=\"lazy\" class=\"alignnone size-medium wp-image-3427\" src=\"http:\/\/defensoriaparana.com.ar\/wp-content\/uploads\/2022\/10\/foto-Liga-3-225x300.jpg\" alt=\"\" width=\"225\" height=\"300\" srcset=\"https:\/\/defensoriaparana.com.ar\/wp-content\/uploads\/2022\/10\/foto-Liga-3-225x300.jpg 225w, https:\/\/defensoriaparana.com.ar\/wp-content\/uploads\/2022\/10\/foto-Liga-3-768x1024.jpg 768w, https:\/\/defensoriaparana.com.ar\/wp-content\/uploads\/2022\/10\/foto-Liga-3.jpg 960w\" sizes=\"(max-width: 225px) 100vw, 225px\" \/><img loading=\"lazy\" class=\"alignnone size-medium wp-image-3428\" src=\"http:\/\/defensoriaparana.com.ar\/wp-content\/uploads\/2022\/10\/foto-Ligia-3-225x300.jpg\" alt=\"\" width=\"225\" height=\"300\" srcset=\"https:\/\/defensoriaparana.com.ar\/wp-content\/uploads\/2022\/10\/foto-Ligia-3-225x300.jpg 225w, https:\/\/defensoriaparana.com.ar\/wp-content\/uploads\/2022\/10\/foto-Ligia-3-768x1024.jpg 768w, https:\/\/defensoriaparana.com.ar\/wp-content\/uploads\/2022\/10\/foto-Ligia-3.jpg 960w\" sizes=\"(max-width: 225px) 100vw, 225px\" \/><\/p>\n<p>Las v\u00edas de contacto de la Asociaci\u00f3n son: tecpsicogerontologiaer@gmail.com y en Instagram tecpsicogerontologiaer.<\/p>\n","protected":false},"excerpt":{"rendered":"<p>La Defensora de los Derechos de las Personas Mayores, de la Defensor\u00eda del Pueblo de la Ciudad de Paran\u00e1, particip\u00f3 este s\u00e1bado de una actividad en la Peatonal San Mart\u00edn, organizada por la Asociaci\u00f3n de T\u00e9cnicos Universitarios en Psicogerontolog\u00eda. Se entregaron volantes informativos sobre los derechos de las personas mayores y la existencia de la [&hellip;]<\/p>\n","protected":false},"author":2,"featured_media":3425,"comment_status":"open","ping_status":"open","sticky":false,"template":"","format":"standard","meta":{"om_disable_all_campaigns":false,"_monsterinsights_skip_tracking":false,"_monsterinsights_sitenote_active":false,"_monsterinsights_sitenote_note":"","_monsterinsights_sitenote_category":0},"categories":[1],"tags":[],"_links":{"self":[{"href":"https:\/\/defensoriaparana.com.ar\/index.php\/wp-json\/wp\/v2\/posts\/3424"}],"collection":[{"href":"https:\/\/defensoriaparana.com.ar\/index.php\/wp-json\/wp\/v2\/posts"}],"about":[{"href":"https:\/\/defensoriaparana.com.ar\/index.php\/wp-json\/wp\/v2\/types\/post"}],"author":[{"embeddable":true,"href":"https:\/\/defensoriaparana.com.ar\/index.php\/wp-json\/wp\/v2\/users\/2"}],"replies":[{"embeddable":true,"href":"https:\/\/defensoriaparana.com.ar\/index.php\/wp-json\/wp\/v2\/comments?post=3424"}],"version-history":[{"count":2,"href":"https:\/\/defensoriaparana.com.ar\/index.php\/wp-json\/wp\/v2\/posts\/3424\/revisions"}],"predecessor-version":[{"id":3432,"href":"https:\/\/defensoriaparana.com.ar\/index.php\/wp-json\/wp\/v2\/posts\/3424\/revisions\/3432"}],"wp:featuredmedia":[{"embeddable":true,"href":"https:\/\/defensoriaparana.com.ar\/index.php\/wp-json\/wp\/v2\/media\/3425"}],"wp:attachment":[{"href":"https:\/\/defensoriaparana.com.ar\/index.php\/wp-json\/wp\/v2\/media?parent=3424"}],"wp:term":[{"taxonomy":"category","embeddable":true,"href":"https:\/\/defensoriaparana.com.ar\/index.php\/wp-json\/wp\/v2\/categories?post=3424"},{"taxonomy":"post_tag","embeddable":true,"href":"https:\/\/defensoriaparana.com.ar\/index.php\/wp-json\/wp\/v2\/tags?post=3424"}],"curies":[{"name":"wp","href":"https:\/\/api.w.org\/{rel}","templated":true}]}}