{"id":3433,"date":"2022-10-02T10:30:30","date_gmt":"2022-10-02T10:30:30","guid":{"rendered":"http:\/\/defensoriaparana.com.ar\/?p=3433"},"modified":"2022-10-03T10:32:33","modified_gmt":"2022-10-03T10:32:33","slug":"se-brindo-un-taller-sobre-resolucion-de-conflictos-en-el-encuentro-provincial-de-centros-de-estudiantes","status":"publish","type":"post","link":"https:\/\/defensoriaparana.com.ar\/index.php\/2022\/10\/02\/se-brindo-un-taller-sobre-resolucion-de-conflictos-en-el-encuentro-provincial-de-centros-de-estudiantes\/","title":{"rendered":"Se brind\u00f3 un taller sobre resoluci\u00f3n de conflictos en el Encuentro Provincial de Centros de Estudiantes"},"content":{"rendered":"<p>El Centro de Mediaci\u00f3n Comunitaria de la Defensor\u00eda del Pueblo de Paran\u00e1 brind\u00f3 un taller sobre resoluci\u00f3n de conflictos en el marco del Encuentro Provincial de Centros de Estudiantes, que reuni\u00f3 a m\u00e1s de 800 j\u00f3venes de 164 escuelas de Entre R\u00edos.<\/p>\n<p>Las mediadoras Mar\u00eda Mercado y Flavia Pereyra estuvieron a cargo del taller que reuni\u00f3 a m\u00e1s de 50 estudiantes de distintos puntos de la provincia, entre ellos de Paran\u00e1, Los Conquistadores, Crespo, Concordia y Diamante.<\/p>\n<p><img loading=\"lazy\" class=\"alignnone size-medium wp-image-3435\" src=\"http:\/\/defensoriaparana.com.ar\/wp-content\/uploads\/2022\/10\/reso-conflictos-300x225.jpg\" alt=\"\" width=\"300\" height=\"225\" srcset=\"https:\/\/defensoriaparana.com.ar\/wp-content\/uploads\/2022\/10\/reso-conflictos-300x225.jpg 300w, https:\/\/defensoriaparana.com.ar\/wp-content\/uploads\/2022\/10\/reso-conflictos-1024x768.jpg 1024w, https:\/\/defensoriaparana.com.ar\/wp-content\/uploads\/2022\/10\/reso-conflictos-768x576.jpg 768w, https:\/\/defensoriaparana.com.ar\/wp-content\/uploads\/2022\/10\/reso-conflictos-1536x1152.jpg 1536w, https:\/\/defensoriaparana.com.ar\/wp-content\/uploads\/2022\/10\/reso-conflictos.jpg 1599w\" sizes=\"(max-width: 300px) 100vw, 300px\" \/><img loading=\"lazy\" class=\"alignnone size-medium wp-image-3434\" src=\"http:\/\/defensoriaparana.com.ar\/wp-content\/uploads\/2022\/10\/reso-conflictos-1-300x169.jpg\" alt=\"\" width=\"300\" height=\"169\" srcset=\"https:\/\/defensoriaparana.com.ar\/wp-content\/uploads\/2022\/10\/reso-conflictos-1-300x169.jpg 300w, https:\/\/defensoriaparana.com.ar\/wp-content\/uploads\/2022\/10\/reso-conflictos-1-1024x576.jpg 1024w, https:\/\/defensoriaparana.com.ar\/wp-content\/uploads\/2022\/10\/reso-conflictos-1-768x432.jpg 768w, https:\/\/defensoriaparana.com.ar\/wp-content\/uploads\/2022\/10\/reso-conflictos-1-1536x864.jpg 1536w, https:\/\/defensoriaparana.com.ar\/wp-content\/uploads\/2022\/10\/reso-conflictos-1.jpg 1600w\" sizes=\"(max-width: 300px) 100vw, 300px\" \/><\/p>\n<p>La propuesta de la actividad despert\u00f3 inter\u00e9s y entusiasmo en los estudiantes, quienes \u201cfueron muy participativos\u201d, seg\u00fan definen las mediadoras al referirse a los resultados de la experiencia. Entre los temas, considerados conflictivos para el grupo, se mencionaron las relaciones con directivos en el marco de las actividades de la estudiantina y respecto de la limpieza de las aulas.<\/p>\n<p>El encuentro se realiz\u00f3 el viernes 23 de septiembre y tuvo lugar en el Centro Provincial de Convenciones (CPC), en Paran\u00e1. Fue organizado por la Subsecretar\u00eda de la Juventud, dependiente del Ministerio de Desarrollo Social, y el \u00e1rea de Juventud y Participaci\u00f3n de la Direcci\u00f3n de Educaci\u00f3n Secundaria del Consejo General de Educaci\u00f3n (CGE).<\/p>\n<p>Con informaci\u00f3n de la Secretar\u00eda de Comunicaci\u00f3n del gobierno de Entre R\u00edos.<\/p>\n","protected":false},"excerpt":{"rendered":"<p>El Centro de Mediaci\u00f3n Comunitaria de la Defensor\u00eda del Pueblo de Paran\u00e1 brind\u00f3 un taller sobre resoluci\u00f3n de conflictos en el marco del Encuentro Provincial de Centros de Estudiantes, que reuni\u00f3 a m\u00e1s de 800 j\u00f3venes de 164 escuelas de Entre R\u00edos. Las mediadoras Mar\u00eda Mercado y Flavia Pereyra estuvieron a cargo del taller que [&hellip;]<\/p>\n","protected":false},"author":2,"featured_media":3435,"comment_status":"open","ping_status":"open","sticky":false,"template":"","format":"standard","meta":{"om_disable_all_campaigns":false,"_monsterinsights_skip_tracking":false,"_monsterinsights_sitenote_active":false,"_monsterinsights_sitenote_note":"","_monsterinsights_sitenote_category":0},"categories":[1],"tags":[],"_links":{"self":[{"href":"https:\/\/defensoriaparana.com.ar\/index.php\/wp-json\/wp\/v2\/posts\/3433"}],"collection":[{"href":"https:\/\/defensoriaparana.com.ar\/index.php\/wp-json\/wp\/v2\/posts"}],"about":[{"href":"https:\/\/defensoriaparana.com.ar\/index.php\/wp-json\/wp\/v2\/types\/post"}],"author":[{"embeddable":true,"href":"https:\/\/defensoriaparana.com.ar\/index.php\/wp-json\/wp\/v2\/users\/2"}],"replies":[{"embeddable":true,"href":"https:\/\/defensoriaparana.com.ar\/index.php\/wp-json\/wp\/v2\/comments?post=3433"}],"version-history":[{"count":1,"href":"https:\/\/defensoriaparana.com.ar\/index.php\/wp-json\/wp\/v2\/posts\/3433\/revisions"}],"predecessor-version":[{"id":3436,"href":"https:\/\/defensoriaparana.com.ar\/index.php\/wp-json\/wp\/v2\/posts\/3433\/revisions\/3436"}],"wp:featuredmedia":[{"embeddable":true,"href":"https:\/\/defensoriaparana.com.ar\/index.php\/wp-json\/wp\/v2\/media\/3435"}],"wp:attachment":[{"href":"https:\/\/defensoriaparana.com.ar\/index.php\/wp-json\/wp\/v2\/media?parent=3433"}],"wp:term":[{"taxonomy":"category","embeddable":true,"href":"https:\/\/defensoriaparana.com.ar\/index.php\/wp-json\/wp\/v2\/categories?post=3433"},{"taxonomy":"post_tag","embeddable":true,"href":"https:\/\/defensoriaparana.com.ar\/index.php\/wp-json\/wp\/v2\/tags?post=3433"}],"curies":[{"name":"wp","href":"https:\/\/api.w.org\/{rel}","templated":true}]}}