{"id":3582,"date":"2022-10-20T15:24:56","date_gmt":"2022-10-20T15:24:56","guid":{"rendered":"http:\/\/defensoriaparana.com.ar\/?p=3582"},"modified":"2022-11-07T15:23:17","modified_gmt":"2022-11-07T15:23:17","slug":"las-defensorias-del-pueblo-del-pais-se-pronunciaron-para-que-la-actual-conformacion-de-la-corte-suprema-sea-completada-por-una-jurista-mujer","status":"publish","type":"post","link":"https:\/\/defensoriaparana.com.ar\/index.php\/2022\/10\/20\/las-defensorias-del-pueblo-del-pais-se-pronunciaron-para-que-la-actual-conformacion-de-la-corte-suprema-sea-completada-por-una-jurista-mujer\/","title":{"rendered":"Las Defensor\u00edas del Pueblo del pa\u00eds se pronunciaron para que la actual conformaci\u00f3n de la Corte Suprema sea completada por una jurista mujer"},"content":{"rendered":"<div class=\"xdj266r x11i5rnm xat24cr x1mh8g0r x1vvkbs x126k92a\">\n<div dir=\"auto\"><\/div>\n<\/div>\n<div class=\"x11i5rnm xat24cr x1mh8g0r x1vvkbs xtlvy1s x126k92a\">\n<div dir=\"auto\">ADPRA, la asociaci\u00f3n que nuclea a las Defensor\u00edas del Pueblo del pa\u00eds, analiz\u00f3 -en el \u00faltimo plenario reunido en la ciudad de Escobar- la actual composici\u00f3n de la Corte Suprema de Justicia de la Naci\u00f3n y la vacancia generada por la renuncia de la Ministra Dra. Elena Highton, el 30 de septiembre de 2021.<\/div>\n<\/div>\n<div class=\"x11i5rnm xat24cr x1mh8g0r x1vvkbs xtlvy1s x126k92a\">\n<div dir=\"auto\">Desde entonces, el m\u00e1s alto Tribunal ha quedado integrado por cuatro ministros varones.<\/div>\n<div dir=\"auto\"><img loading=\"lazy\" class=\"alignnone size-medium wp-image-3583\" src=\"http:\/\/defensoriaparana.com.ar\/wp-content\/uploads\/2022\/10\/jurista-mujer-300x200.jpg\" alt=\"\" width=\"300\" height=\"200\" srcset=\"https:\/\/defensoriaparana.com.ar\/wp-content\/uploads\/2022\/10\/jurista-mujer-300x200.jpg 300w, https:\/\/defensoriaparana.com.ar\/wp-content\/uploads\/2022\/10\/jurista-mujer-768x512.jpg 768w, https:\/\/defensoriaparana.com.ar\/wp-content\/uploads\/2022\/10\/jurista-mujer.jpg 810w\" sizes=\"(max-width: 300px) 100vw, 300px\" \/><\/div>\n<\/div>\n<div class=\"x11i5rnm xat24cr x1mh8g0r x1vvkbs xtlvy1s x126k92a\">\n<div dir=\"auto\">&#8220;Seg\u00fan lo establecido en el art\u00edculo 99 inciso 4 de la Constituci\u00f3n Nacional y el Decreto 222\/2003, el PEN tiene la facultad de nombrar los jueces del alto tribunal con acuerdo del Senado Nacional, considerando en la inclusi\u00f3n de los nuevos miembros las diversidades de g\u00e9nero, y en un plazo m\u00e1ximo de 30 d\u00edas desde que se produjo la vacante&#8221;, consigna el texto. Y continua: &#8220;Dado que la paridad en la integraci\u00f3n de la Corte es necesaria para garantizar y promover la perspectiva de g\u00e9nero en la Justicia en todos sus niveles, se infiere que la presencia de juezas mujeres en la Corte Suprema es indispensable para enfrentar los estereotipos de g\u00e9nero que alimentan la discriminaci\u00f3n cotidiana y la exclusi\u00f3n de las mujeres en los espacios de decisi\u00f3n, en todas las escalas. Si sumamos que dichas mujeres se encuentren formadas en derecho con perspectiva de g\u00e9nero, el m\u00e1ximo tribunal garantizar\u00e1 el avance en la defensa de los derechos humanos de las personas.<\/div>\n<div dir=\"auto\">Si bien es cierto que en el Congreso de la Naci\u00f3n la tem\u00e1tica est\u00e1 en tratamiento a partir de la media sanci\u00f3n de una proyecto de ley de ampliaci\u00f3n de los miembros de la Corte Suprema y el mismo tiene en cuenta la paridad, como Defensores y Defensoras del Pueblo del pa\u00eds reunidos en ADPRA nos expresarnos en el sentido de que la vacante sea cubierta en forma urgente ya que el plazo de ley est\u00e1 ampliamente excedido, y que el mismo se cubierto por una mujer de acuerdo a las consideraciones antes vertidas&#8221;, concluye el documento.<\/div>\n<\/div>\n","protected":false},"excerpt":{"rendered":"<p>ADPRA, la asociaci\u00f3n que nuclea a las Defensor\u00edas del Pueblo del pa\u00eds, analiz\u00f3 -en el \u00faltimo plenario reunido en la ciudad de Escobar- la actual composici\u00f3n de la Corte Suprema de Justicia de la Naci\u00f3n y la vacancia generada por la renuncia de la Ministra Dra. Elena Highton, el 30 de septiembre de 2021. Desde [&hellip;]<\/p>\n","protected":false},"author":2,"featured_media":3583,"comment_status":"open","ping_status":"open","sticky":false,"template":"","format":"standard","meta":{"om_disable_all_campaigns":false,"_monsterinsights_skip_tracking":false,"_monsterinsights_sitenote_active":false,"_monsterinsights_sitenote_note":"","_monsterinsights_sitenote_category":0},"categories":[14,1],"tags":[],"_links":{"self":[{"href":"https:\/\/defensoriaparana.com.ar\/index.php\/wp-json\/wp\/v2\/posts\/3582"}],"collection":[{"href":"https:\/\/defensoriaparana.com.ar\/index.php\/wp-json\/wp\/v2\/posts"}],"about":[{"href":"https:\/\/defensoriaparana.com.ar\/index.php\/wp-json\/wp\/v2\/types\/post"}],"author":[{"embeddable":true,"href":"https:\/\/defensoriaparana.com.ar\/index.php\/wp-json\/wp\/v2\/users\/2"}],"replies":[{"embeddable":true,"href":"https:\/\/defensoriaparana.com.ar\/index.php\/wp-json\/wp\/v2\/comments?post=3582"}],"version-history":[{"count":1,"href":"https:\/\/defensoriaparana.com.ar\/index.php\/wp-json\/wp\/v2\/posts\/3582\/revisions"}],"predecessor-version":[{"id":3584,"href":"https:\/\/defensoriaparana.com.ar\/index.php\/wp-json\/wp\/v2\/posts\/3582\/revisions\/3584"}],"wp:featuredmedia":[{"embeddable":true,"href":"https:\/\/defensoriaparana.com.ar\/index.php\/wp-json\/wp\/v2\/media\/3583"}],"wp:attachment":[{"href":"https:\/\/defensoriaparana.com.ar\/index.php\/wp-json\/wp\/v2\/media?parent=3582"}],"wp:term":[{"taxonomy":"category","embeddable":true,"href":"https:\/\/defensoriaparana.com.ar\/index.php\/wp-json\/wp\/v2\/categories?post=3582"},{"taxonomy":"post_tag","embeddable":true,"href":"https:\/\/defensoriaparana.com.ar\/index.php\/wp-json\/wp\/v2\/tags?post=3582"}],"curies":[{"name":"wp","href":"https:\/\/api.w.org\/{rel}","templated":true}]}}