{"id":3614,"date":"2022-10-30T21:10:02","date_gmt":"2022-10-30T21:10:02","guid":{"rendered":"http:\/\/defensoriaparana.com.ar\/?p=3614"},"modified":"2022-10-30T21:10:02","modified_gmt":"2022-10-30T21:10:02","slug":"la-defensoria-del-pueblo-adhiere-al-asueto-administrativo-dispuesto-para-este-lunes","status":"publish","type":"post","link":"https:\/\/defensoriaparana.com.ar\/index.php\/2022\/10\/30\/la-defensoria-del-pueblo-adhiere-al-asueto-administrativo-dispuesto-para-este-lunes\/","title":{"rendered":"La Defensor\u00eda del Pueblo adhiere al asueto administrativo dispuesto para este lunes"},"content":{"rendered":"<div dir=\"auto\"><\/div>\n<div dir=\"auto\">La Defensor\u00eda del Pueblo de Paran\u00e1 adhiere al asueto administrativo dispuesto para este lunes 31 por el Concejo Deliberante de la ciudad, en conmemoraci\u00f3n del D\u00eda del Empleado Legislativo Municipal.<\/div>\n<div dir=\"auto\">Mediante el Decreto N 260 de la Presidencia del Cuerpo, se fundamenta el inh\u00e1bil administrativo en la necesidad de reconocer la labor cotidiana de los trabajadores y en la existencia de otro decreto, emitido en 2012, por el que se design\u00f3 el 31 de octubre como D\u00eda del Empleado Legislativo Municipal.<\/div>\n<div dir=\"auto\"><img loading=\"lazy\" class=\"alignnone size-medium wp-image-3615\" src=\"http:\/\/defensoriaparana.com.ar\/wp-content\/uploads\/2022\/10\/casa-Defensoria-mas-chica-300x198.jpg\" alt=\"\" width=\"300\" height=\"198\" srcset=\"https:\/\/defensoriaparana.com.ar\/wp-content\/uploads\/2022\/10\/casa-Defensoria-mas-chica-300x198.jpg 300w, https:\/\/defensoriaparana.com.ar\/wp-content\/uploads\/2022\/10\/casa-Defensoria-mas-chica.jpg 499w\" sizes=\"(max-width: 300px) 100vw, 300px\" \/><\/div>\n<div dir=\"auto\">Por ello, no habr\u00e1 atenci\u00f3n presencial este lunes en la Defensor\u00eda, pudiendo la ciudadan\u00eda dejar sus consultas y reclamos en las v\u00edas de comunicaci\u00f3n institucionales: WhatsApp 343 5346616, mail defensoriaparana@gmail.com y Facebook Defensor\u00eda del Pueblo Paran\u00e1.<\/div>\n<div dir=\"auto\">Con motivo de la fecha, la Defensor\u00eda del Pueblo saluda a los empleados del HCD en su d\u00eda y reconoce el valioso trabajo realizado.<\/div>\n","protected":false},"excerpt":{"rendered":"<p>La Defensor\u00eda del Pueblo de Paran\u00e1 adhiere al asueto administrativo dispuesto para este lunes 31 por el Concejo Deliberante de la ciudad, en conmemoraci\u00f3n del D\u00eda del Empleado Legislativo Municipal. Mediante el Decreto N 260 de la Presidencia del Cuerpo, se fundamenta el inh\u00e1bil administrativo en la necesidad de reconocer la labor cotidiana de los [&hellip;]<\/p>\n","protected":false},"author":2,"featured_media":3615,"comment_status":"open","ping_status":"open","sticky":false,"template":"","format":"standard","meta":{"om_disable_all_campaigns":false,"_monsterinsights_skip_tracking":false,"_monsterinsights_sitenote_active":false,"_monsterinsights_sitenote_note":"","_monsterinsights_sitenote_category":0},"categories":[1],"tags":[],"_links":{"self":[{"href":"https:\/\/defensoriaparana.com.ar\/index.php\/wp-json\/wp\/v2\/posts\/3614"}],"collection":[{"href":"https:\/\/defensoriaparana.com.ar\/index.php\/wp-json\/wp\/v2\/posts"}],"about":[{"href":"https:\/\/defensoriaparana.com.ar\/index.php\/wp-json\/wp\/v2\/types\/post"}],"author":[{"embeddable":true,"href":"https:\/\/defensoriaparana.com.ar\/index.php\/wp-json\/wp\/v2\/users\/2"}],"replies":[{"embeddable":true,"href":"https:\/\/defensoriaparana.com.ar\/index.php\/wp-json\/wp\/v2\/comments?post=3614"}],"version-history":[{"count":1,"href":"https:\/\/defensoriaparana.com.ar\/index.php\/wp-json\/wp\/v2\/posts\/3614\/revisions"}],"predecessor-version":[{"id":3616,"href":"https:\/\/defensoriaparana.com.ar\/index.php\/wp-json\/wp\/v2\/posts\/3614\/revisions\/3616"}],"wp:featuredmedia":[{"embeddable":true,"href":"https:\/\/defensoriaparana.com.ar\/index.php\/wp-json\/wp\/v2\/media\/3615"}],"wp:attachment":[{"href":"https:\/\/defensoriaparana.com.ar\/index.php\/wp-json\/wp\/v2\/media?parent=3614"}],"wp:term":[{"taxonomy":"category","embeddable":true,"href":"https:\/\/defensoriaparana.com.ar\/index.php\/wp-json\/wp\/v2\/categories?post=3614"},{"taxonomy":"post_tag","embeddable":true,"href":"https:\/\/defensoriaparana.com.ar\/index.php\/wp-json\/wp\/v2\/tags?post=3614"}],"curies":[{"name":"wp","href":"https:\/\/api.w.org\/{rel}","templated":true}]}}