{"id":3620,"date":"2022-11-03T17:40:40","date_gmt":"2022-11-03T17:40:40","guid":{"rendered":"http:\/\/defensoriaparana.com.ar\/?p=3620"},"modified":"2022-11-03T17:40:40","modified_gmt":"2022-11-03T17:40:40","slug":"mediadoras-y-mediadores-celebraron-su-dia-y-reflexionaron-sobre-el-ejercicio-de-su-rol","status":"publish","type":"post","link":"https:\/\/defensoriaparana.com.ar\/index.php\/2022\/11\/03\/mediadoras-y-mediadores-celebraron-su-dia-y-reflexionaron-sobre-el-ejercicio-de-su-rol\/","title":{"rendered":"Mediadoras y mediadores celebraron su d\u00eda y reflexionaron sobre el ejercicio de su rol"},"content":{"rendered":"<blockquote class=\"x_gmail_quote\">\n<div class=\"x_msg-7267180227357368741\">\n<div dir=\"ltr\">\n<p class=\"x_MsoNormal\"><i>Vocaci\u00f3n de servicio, compromiso, acompa\u00f1amiento, escucha, di\u00e1logo, paz, son algunas de las palabras que identifican el sentir de mediadoras y mediadores que el martes celebraron su d\u00eda.<u><\/u><u><\/u><\/i><\/p>\n<p class=\"x_MsoNormal\">Con un encuentro de capacitaci\u00f3n y reflexi\u00f3n y un agasajo de cierre, integrantes del Registro de Mediadores Comunitarios voluntario y ad honorem de la Defensor\u00eda del Pueblo de la Ciudad de Paran\u00e1, festejaron su d\u00eda y los diecinueve a\u00f1os de la puesta en marcha del Centro de Mediaci\u00f3n de la instituci\u00f3n.<u><\/u><u><\/u><\/p>\n<p class=\"x_MsoNormal\">El 1 de noviembre re\u00fane a ambas conmemoraciones, ya que una le dio origen a la otra. Es as\u00ed: el Centro de Mediaci\u00f3n comenz\u00f3 a funcionar el primer d\u00eda de noviembre de 2003, fecha que se design\u00f3 en 2013, por ordenanza, para homenajear el trabajo de mediadores y mediadoras comunitarias que conformaron \u2013e integran- el Registro de la instituci\u00f3n.<u><\/u><u><\/u><\/p>\n<p class=\"x_MsoNormal\">El sal\u00f3n Mariano Moreno del Concejo Deliberante fue el punto de encuentro, el martes a partir de las 16, de un grupo grande de integrantes que participaron activamente de un taller, que estuvo a\u00a0cargo de\u00a0Mar\u00eda\u00a0Elina Ruda.<u><\/u><u><\/u><\/p>\n<p class=\"x_MsoNormal\">Tras casi tres horas de capacitaci\u00f3n, que incluy\u00f3 din\u00e1micas l\u00fadicas y conversaciones reflexivas, se realiz\u00f3 un cierre con torta de cumplea\u00f1os y un presente. Participaron del encuentro las Defensoras del Pueblo, Marcia L\u00f3pez, y Cecilia Pautaso, Adjunta. La organizaci\u00f3n estuvo a cargo de la Coordinadora del Centro de Mediaci\u00f3n, Irina Chausovsky, junto a personal del \u00e1rea.<\/p>\n<p class=\"x_MsoNormal\"><img loading=\"lazy\" class=\"alignnone size-medium wp-image-3633\" src=\"http:\/\/defensoriaparana.com.ar\/wp-content\/uploads\/2022\/11\/aniversario-I-y-E-300x300.jpg\" alt=\"\" width=\"300\" height=\"300\" srcset=\"https:\/\/defensoriaparana.com.ar\/wp-content\/uploads\/2022\/11\/aniversario-I-y-E-300x300.jpg 300w, https:\/\/defensoriaparana.com.ar\/wp-content\/uploads\/2022\/11\/aniversario-I-y-E-1024x1024.jpg 1024w, https:\/\/defensoriaparana.com.ar\/wp-content\/uploads\/2022\/11\/aniversario-I-y-E-150x150.jpg 150w, https:\/\/defensoriaparana.com.ar\/wp-content\/uploads\/2022\/11\/aniversario-I-y-E-768x768.jpg 768w, https:\/\/defensoriaparana.com.ar\/wp-content\/uploads\/2022\/11\/aniversario-I-y-E.jpg 1508w\" sizes=\"(max-width: 300px) 100vw, 300px\" \/><img loading=\"lazy\" class=\"alignnone  wp-image-3631\" src=\"http:\/\/defensoriaparana.com.ar\/wp-content\/uploads\/2022\/11\/aniversario-11-va-300x169.jpg\" alt=\"\" width=\"495\" height=\"279\" srcset=\"https:\/\/defensoriaparana.com.ar\/wp-content\/uploads\/2022\/11\/aniversario-11-va-300x169.jpg 300w, https:\/\/defensoriaparana.com.ar\/wp-content\/uploads\/2022\/11\/aniversario-11-va-1024x577.jpg 1024w, https:\/\/defensoriaparana.com.ar\/wp-content\/uploads\/2022\/11\/aniversario-11-va-768x432.jpg 768w, https:\/\/defensoriaparana.com.ar\/wp-content\/uploads\/2022\/11\/aniversario-11-va-1536x865.jpg 1536w, https:\/\/defensoriaparana.com.ar\/wp-content\/uploads\/2022\/11\/aniversario-11-va.jpg 2048w\" sizes=\"(max-width: 495px) 100vw, 495px\" \/><img loading=\"lazy\" class=\"alignnone  wp-image-3630\" src=\"http:\/\/defensoriaparana.com.ar\/wp-content\/uploads\/2022\/11\/aniversario-10-300x169.jpg\" alt=\"\" width=\"385\" height=\"217\" srcset=\"https:\/\/defensoriaparana.com.ar\/wp-content\/uploads\/2022\/11\/aniversario-10-300x169.jpg 300w, https:\/\/defensoriaparana.com.ar\/wp-content\/uploads\/2022\/11\/aniversario-10-1024x577.jpg 1024w, https:\/\/defensoriaparana.com.ar\/wp-content\/uploads\/2022\/11\/aniversario-10-768x432.jpg 768w, https:\/\/defensoriaparana.com.ar\/wp-content\/uploads\/2022\/11\/aniversario-10-1536x865.jpg 1536w, https:\/\/defensoriaparana.com.ar\/wp-content\/uploads\/2022\/11\/aniversario-10.jpg 2048w\" sizes=\"(max-width: 385px) 100vw, 385px\" \/> <img loading=\"lazy\" class=\"alignnone  wp-image-3628\" src=\"http:\/\/defensoriaparana.com.ar\/wp-content\/uploads\/2022\/11\/aniversario-8-300x169.jpg\" alt=\"\" width=\"375\" height=\"211\" srcset=\"https:\/\/defensoriaparana.com.ar\/wp-content\/uploads\/2022\/11\/aniversario-8-300x169.jpg 300w, https:\/\/defensoriaparana.com.ar\/wp-content\/uploads\/2022\/11\/aniversario-8-1024x577.jpg 1024w, https:\/\/defensoriaparana.com.ar\/wp-content\/uploads\/2022\/11\/aniversario-8-768x432.jpg 768w, https:\/\/defensoriaparana.com.ar\/wp-content\/uploads\/2022\/11\/aniversario-8-1536x865.jpg 1536w, https:\/\/defensoriaparana.com.ar\/wp-content\/uploads\/2022\/11\/aniversario-8.jpg 2048w\" sizes=\"(max-width: 375px) 100vw, 375px\" \/><u><\/u><\/p>\n<p class=\"x_MsoNormal\"><b>Repensando nuestro ser mediador<\/b><\/p>\n<p class=\"x_MsoNormal\">&#8220;Repensando nuestro ser mediador&#8221; fue el t\u00edtulo del taller, coordinado por Mar\u00eda Elina Ruda, abogada y mediadora,proveniente de la ciudad de Crespo, especialista en facilitaci\u00f3n de di\u00e1logos participativos, quien fue tambi\u00e9n durante muchos a\u00f1os integrante del Registro. \u201cLa finalidad de espacios como estos es que las personas se encuentren en la conversaci\u00f3n, que es una herramienta fundamental para la mediaci\u00f3n, para construir nuevas posibilidades desde los relatos y reflexiones compartidas\u201d, sostiene.<\/p>\n<p class=\"x_MsoNormal\">Sobre la din\u00e1mica del trabajo del taller, explica que se instrument\u00f3 la metodolog\u00eda conocida como Caf\u00e9 Mundial, que se basa en la met\u00e1fora de las conversaciones de caf\u00e9. \u201c(La metodolog\u00eda) Propone que las personas vayan pasando de mesa en mesa y conect\u00e1ndonse en sus conversaciones, en redes\u201d, lo que se plasma con diferentes elementos en un &#8220;mantel&#8221;, dice y se\u00f1ala que la met\u00e1fora \u201cdel mantel simboliza el lugar donde se van depositando las caracter\u00edsticas, los patrones, las ideas respecto de esa conversaci\u00f3n\u201d.<\/p>\n<p class=\"x_MsoNormal\">En base a esa t\u00e9cnica, se abordaron dos t\u00f3picos: uno, referido al desaf\u00edo colectivo que tiene el rol de mediador comunitario en el contexto actual y el otro, acerca de las creencias esenciales que constituyen el ser mediador.<\/p>\n<p class=\"x_MsoNormal\">Sobre esos ejes gir\u00f3 la reflexi\u00f3n, para lo que se tuvo presente la etapa reciente, en relaci\u00f3n al aislamiento social. Al respecto, Ruda asegura que se tuvo en cuenta el impacto que tuvo el hecho de no poder estar en el mismo espacio f\u00edsico y de los cambios en los modos de la comunicaci\u00f3n en relaci\u00f3n a los tiempos de pandemia.<\/p>\n<p class=\"x_MsoNormal\">\u201cLa idea fue encontrarnos de una manera diferente, se trabaj\u00f3 desde la creatividad, desde el juego, despojados de lo que debe ser y debe decirse\u201d, acota, por \u00faltimo.\u00a0\u00a0&#8220;El encuentro en si mismo ya es enriquecedor, m\u00e1s a\u00fan cuando pautamos formas constructivas para el intercambio&#8221;.<\/p>\n<\/div>\n<\/div>\n<\/blockquote>\n<div aria-hidden=\"true\"><img loading=\"lazy\" class=\"alignnone size-medium wp-image-3629\" src=\"http:\/\/defensoriaparana.com.ar\/wp-content\/uploads\/2022\/11\/aniversario-9-300x169.jpg\" alt=\"\" width=\"300\" height=\"169\" srcset=\"https:\/\/defensoriaparana.com.ar\/wp-content\/uploads\/2022\/11\/aniversario-9-300x169.jpg 300w, https:\/\/defensoriaparana.com.ar\/wp-content\/uploads\/2022\/11\/aniversario-9-1024x577.jpg 1024w, https:\/\/defensoriaparana.com.ar\/wp-content\/uploads\/2022\/11\/aniversario-9-768x432.jpg 768w, https:\/\/defensoriaparana.com.ar\/wp-content\/uploads\/2022\/11\/aniversario-9-1536x865.jpg 1536w, https:\/\/defensoriaparana.com.ar\/wp-content\/uploads\/2022\/11\/aniversario-9.jpg 2048w\" sizes=\"(max-width: 300px) 100vw, 300px\" \/><img loading=\"lazy\" class=\"alignnone size-medium wp-image-3621\" src=\"http:\/\/defensoriaparana.com.ar\/wp-content\/uploads\/2022\/11\/aniversario-1-300x169.jpg\" alt=\"\" width=\"300\" height=\"169\" srcset=\"https:\/\/defensoriaparana.com.ar\/wp-content\/uploads\/2022\/11\/aniversario-1-300x169.jpg 300w, https:\/\/defensoriaparana.com.ar\/wp-content\/uploads\/2022\/11\/aniversario-1-1024x577.jpg 1024w, https:\/\/defensoriaparana.com.ar\/wp-content\/uploads\/2022\/11\/aniversario-1-768x432.jpg 768w, https:\/\/defensoriaparana.com.ar\/wp-content\/uploads\/2022\/11\/aniversario-1-1536x865.jpg 1536w, https:\/\/defensoriaparana.com.ar\/wp-content\/uploads\/2022\/11\/aniversario-1.jpg 2048w\" sizes=\"(max-width: 300px) 100vw, 300px\" \/><img loading=\"lazy\" class=\"alignnone size-medium wp-image-3622\" src=\"http:\/\/defensoriaparana.com.ar\/wp-content\/uploads\/2022\/11\/aniversario-2-300x169.jpg\" alt=\"\" width=\"300\" height=\"169\" srcset=\"https:\/\/defensoriaparana.com.ar\/wp-content\/uploads\/2022\/11\/aniversario-2-300x169.jpg 300w, https:\/\/defensoriaparana.com.ar\/wp-content\/uploads\/2022\/11\/aniversario-2-1024x577.jpg 1024w, https:\/\/defensoriaparana.com.ar\/wp-content\/uploads\/2022\/11\/aniversario-2-768x432.jpg 768w, https:\/\/defensoriaparana.com.ar\/wp-content\/uploads\/2022\/11\/aniversario-2-1536x865.jpg 1536w, https:\/\/defensoriaparana.com.ar\/wp-content\/uploads\/2022\/11\/aniversario-2.jpg 2048w\" sizes=\"(max-width: 300px) 100vw, 300px\" \/><img loading=\"lazy\" class=\"alignnone size-medium wp-image-3623\" src=\"http:\/\/defensoriaparana.com.ar\/wp-content\/uploads\/2022\/11\/aniversario-3-300x169.jpg\" alt=\"\" width=\"300\" height=\"169\" srcset=\"https:\/\/defensoriaparana.com.ar\/wp-content\/uploads\/2022\/11\/aniversario-3-300x169.jpg 300w, https:\/\/defensoriaparana.com.ar\/wp-content\/uploads\/2022\/11\/aniversario-3-1024x577.jpg 1024w, https:\/\/defensoriaparana.com.ar\/wp-content\/uploads\/2022\/11\/aniversario-3-768x432.jpg 768w, https:\/\/defensoriaparana.com.ar\/wp-content\/uploads\/2022\/11\/aniversario-3-1536x865.jpg 1536w, https:\/\/defensoriaparana.com.ar\/wp-content\/uploads\/2022\/11\/aniversario-3.jpg 2048w\" sizes=\"(max-width: 300px) 100vw, 300px\" \/><img loading=\"lazy\" class=\"alignnone size-medium wp-image-3624\" src=\"http:\/\/defensoriaparana.com.ar\/wp-content\/uploads\/2022\/11\/aniversario-4-300x169.jpg\" alt=\"\" width=\"300\" height=\"169\" srcset=\"https:\/\/defensoriaparana.com.ar\/wp-content\/uploads\/2022\/11\/aniversario-4-300x169.jpg 300w, https:\/\/defensoriaparana.com.ar\/wp-content\/uploads\/2022\/11\/aniversario-4-1024x577.jpg 1024w, https:\/\/defensoriaparana.com.ar\/wp-content\/uploads\/2022\/11\/aniversario-4-768x432.jpg 768w, https:\/\/defensoriaparana.com.ar\/wp-content\/uploads\/2022\/11\/aniversario-4-1536x865.jpg 1536w, https:\/\/defensoriaparana.com.ar\/wp-content\/uploads\/2022\/11\/aniversario-4.jpg 2048w\" sizes=\"(max-width: 300px) 100vw, 300px\" \/><img loading=\"lazy\" class=\"alignnone size-medium wp-image-3626\" src=\"http:\/\/defensoriaparana.com.ar\/wp-content\/uploads\/2022\/11\/aniversario-6-300x169.jpg\" alt=\"\" width=\"300\" height=\"169\" srcset=\"https:\/\/defensoriaparana.com.ar\/wp-content\/uploads\/2022\/11\/aniversario-6-300x169.jpg 300w, https:\/\/defensoriaparana.com.ar\/wp-content\/uploads\/2022\/11\/aniversario-6-1024x577.jpg 1024w, https:\/\/defensoriaparana.com.ar\/wp-content\/uploads\/2022\/11\/aniversario-6-768x432.jpg 768w, https:\/\/defensoriaparana.com.ar\/wp-content\/uploads\/2022\/11\/aniversario-6-1536x865.jpg 1536w, https:\/\/defensoriaparana.com.ar\/wp-content\/uploads\/2022\/11\/aniversario-6.jpg 2048w\" sizes=\"(max-width: 300px) 100vw, 300px\" \/><\/div>\n<blockquote class=\"x_gmail_quote\">\n<div class=\"x_msg-7267180227357368741\">\n<div dir=\"ltr\">\n<div>\n<p class=\"x_MsoNormal\"><b>De qu\u00e9 se trata, qu\u00e9 se siente<u><\/u><u><\/u><\/b><\/p>\n<p class=\"x_MsoNormal\">\u201cSer mediadora en el Centro de Mediaci\u00f3n de la Defensor\u00eda del Pueblo es una satisfacci\u00f3n muy grande, un orgullo\u201d, dice Marcela, quien est\u00e1 pr\u00f3xima a cumplir una d\u00e9cada en el Registro, tras anotarse y cumplir con los requisitos exigidos en el marco de la renovaci\u00f3n de la n\u00f3mina que se realiza de forma anual.<u><\/u><u><\/u><\/p>\n<p class=\"x_MsoNormal\">Agrega que la mediaci\u00f3n se trata de pertenencia, de \u201ccompromiso de cada uno con la comunidad\u201d y destaca la importancia de la escucha y del di\u00e1logo. \u201cNosotros hacemos de enlace entre los vecinos. No somos quienes resuelven el conflicto, sino que somos quienes ayudamos y acompa\u00f1amos a las personas a que se puedan encontrar y a que vayan descubriendo acciones propias y conjuntas ante el problema\u201d, acota.<u><\/u><u><\/u><\/p>\n<p class=\"x_MsoNormal\">Para Estela ser mediadora es \u201cmuy importante, es una vocaci\u00f3n de servicio, de deseo y anhelo de construcci\u00f3n de paz, de transformar el conflicto\u201d. A\u00f1ade que lo importante es que la tarea no s\u00f3lo impacte en lo individual o grupal, sino tambi\u00e9n en lo social.<u><\/u><u><\/u><\/p>\n<p class=\"x_MsoNormal\">Y se detiene en la influencia del ejercicio del oficio en el propio mediador: \u201cNo pod\u00e9s mediar en una reuni\u00f3n, ser de una forma y salir a la calle y ser de otra. Hay cosas que se va incorporando a la vida y en sociedad. Eso es muy importante\u201d.<u><\/u><u><\/u><\/p>\n<p class=\"x_MsoNormal\">Mart\u00edn considera que \u201cser mediador es una alternativa distinta\u201d. Integra el Registro desde 2019. Cuenta que cuando empez\u00f3 a trabajar en el campo de la mediaci\u00f3n, descubri\u00f3 que hab\u00eda \u201cuna salida alternativa, que no es la Justicia, porque muchas veces la Justicia tarda\u201d, expresa. Y dice que \u201cesta salida alternativa acompa\u00f1a, ayuda a que las personas puedan comunicarse de una manera m\u00e1s pac\u00edfica\u201d. Acompa\u00f1ar a que haya di\u00e1logo y ayudar a que las partes construyan algo nuevo \u201ces una gran satisfacci\u00f3n\u201d.<u><\/u><u><\/u><\/p>\n<p class=\"x_MsoNormal\">Julieta habla de ser mediadora y lo primero que destaca es la posibilidad de promover y ser parte de la construcci\u00f3n de di\u00e1logos, de paz y de generar cambios.<u><\/u><u><\/u><\/p>\n<p class=\"x_MsoNormal\">\u201cPonerse en el lugar del otro\u201d es lo que destaca Alejandra en su experiencia en la mediaci\u00f3n.\u00a0\u00a0Destaca el hecho de ser un instrumento, de poder contribuir con un granito de arena en que las personas tengan otras miradas de las cosas y que cada uno pueda ponerse en el lugar del otro, ejercicio que reafirma \u201cabre mucho la cabeza y constituye a la vez un enriquecimiento personal\u201d.<u><\/u><u><\/u><\/p>\n<p class=\"x_MsoNormal\">Ser mediadora, seg\u00fan Georgina, \u201ces ser parte de una transformaci\u00f3n social\u201d. Y explica: \u201cEstamos en una \u00e9poca muy violenta, de mucha falencias y vulnerabilidades, socialmente estamos en crisis. El ser mediador te hace parte de esa transformaci\u00f3n hacia otro camino, que es el del di\u00e1logo, que es poder respetar al otro con sus creencias y particularidades\u201d.\u00a0\u00a0<u><\/u><u><\/u><\/p>\n<p class=\"x_MsoNormal\"><u><\/u><\/p>\n<\/div>\n<\/div>\n<\/div>\n<\/blockquote>\n","protected":false},"excerpt":{"rendered":"<p>Vocaci\u00f3n de servicio, compromiso, acompa\u00f1amiento, escucha, di\u00e1logo, paz, son algunas de las palabras que identifican el sentir de mediadoras y mediadores que el martes celebraron su d\u00eda. Con un encuentro de capacitaci\u00f3n y reflexi\u00f3n y un agasajo de cierre, integrantes del Registro de Mediadores Comunitarios voluntario y ad honorem de la Defensor\u00eda del Pueblo de [&hellip;]<\/p>\n","protected":false},"author":2,"featured_media":3629,"comment_status":"open","ping_status":"open","sticky":false,"template":"","format":"standard","meta":{"om_disable_all_campaigns":false,"_monsterinsights_skip_tracking":false,"_monsterinsights_sitenote_active":false,"_monsterinsights_sitenote_note":"","_monsterinsights_sitenote_category":0},"categories":[1],"tags":[],"_links":{"self":[{"href":"https:\/\/defensoriaparana.com.ar\/index.php\/wp-json\/wp\/v2\/posts\/3620"}],"collection":[{"href":"https:\/\/defensoriaparana.com.ar\/index.php\/wp-json\/wp\/v2\/posts"}],"about":[{"href":"https:\/\/defensoriaparana.com.ar\/index.php\/wp-json\/wp\/v2\/types\/post"}],"author":[{"embeddable":true,"href":"https:\/\/defensoriaparana.com.ar\/index.php\/wp-json\/wp\/v2\/users\/2"}],"replies":[{"embeddable":true,"href":"https:\/\/defensoriaparana.com.ar\/index.php\/wp-json\/wp\/v2\/comments?post=3620"}],"version-history":[{"count":1,"href":"https:\/\/defensoriaparana.com.ar\/index.php\/wp-json\/wp\/v2\/posts\/3620\/revisions"}],"predecessor-version":[{"id":3634,"href":"https:\/\/defensoriaparana.com.ar\/index.php\/wp-json\/wp\/v2\/posts\/3620\/revisions\/3634"}],"wp:featuredmedia":[{"embeddable":true,"href":"https:\/\/defensoriaparana.com.ar\/index.php\/wp-json\/wp\/v2\/media\/3629"}],"wp:attachment":[{"href":"https:\/\/defensoriaparana.com.ar\/index.php\/wp-json\/wp\/v2\/media?parent=3620"}],"wp:term":[{"taxonomy":"category","embeddable":true,"href":"https:\/\/defensoriaparana.com.ar\/index.php\/wp-json\/wp\/v2\/categories?post=3620"},{"taxonomy":"post_tag","embeddable":true,"href":"https:\/\/defensoriaparana.com.ar\/index.php\/wp-json\/wp\/v2\/tags?post=3620"}],"curies":[{"name":"wp","href":"https:\/\/api.w.org\/{rel}","templated":true}]}}