{"id":3681,"date":"2022-12-07T15:01:24","date_gmt":"2022-12-07T15:01:24","guid":{"rendered":"http:\/\/defensoriaparana.com.ar\/?p=3681"},"modified":"2022-12-07T15:01:24","modified_gmt":"2022-12-07T15:01:24","slug":"celebracion-e-inauguracion-de-dos-murales-comunitarios-realizados-en-instituciones-de-la-ciudad","status":"publish","type":"post","link":"https:\/\/defensoriaparana.com.ar\/index.php\/2022\/12\/07\/celebracion-e-inauguracion-de-dos-murales-comunitarios-realizados-en-instituciones-de-la-ciudad\/","title":{"rendered":"Celebraci\u00f3n e inauguraci\u00f3n de dos murales comunitarios realizados en instituciones de la ciudad"},"content":{"rendered":"<div class=\"x11i5rnm xat24cr x1mh8g0r x1vvkbs xdj266r x126k92a\">\n<div dir=\"auto\"><\/div>\n<\/div>\n<div class=\"x11i5rnm xat24cr x1mh8g0r x1vvkbs xtlvy1s x126k92a\">\n<div dir=\"auto\">La finalizaci\u00f3n de los trabajos de dos nuevos murales, gestados y concretados por el Centro de Mediaci\u00f3n de la Defensor\u00eda del Pueblo de la Ciudad de Paran\u00e1 junto a la comunidad de cada instituci\u00f3n, fue motivo de celebraci\u00f3n e inauguraci\u00f3n.<\/div>\n<div dir=\"auto\">Ambas obras se enmarcan en el programa \u201cArte, convivencia y abordaje de conflictos\u201d, una propuesta que la Defensor\u00eda del Pueblo pone a disposici\u00f3n de la ciudadan\u00eda con el fin de ampliar los alcances de la promoci\u00f3n de di\u00e1logos y encuentros en el espacio comunitario.<\/div>\n<div dir=\"auto\"><\/div>\n<\/div>\n<div class=\"x11i5rnm xat24cr x1mh8g0r x1vvkbs xtlvy1s x126k92a\">\n<div dir=\"auto\"><span class=\"x3nfvp2 x1j61x8r x1fcty0u xdj266r xhhsvwb xat24cr xgzva0m xxymvpz xlup9mm x1kky2od\"><img loading=\"lazy\" src=\"https:\/\/static.xx.fbcdn.net\/images\/emoji.php\/v9\/t33\/1\/16\/2705.png\" alt=\"\u2705\" width=\"16\" height=\"16\" \/><\/span><span class=\"x3nfvp2 x1j61x8r x1fcty0u xdj266r xhhsvwb xat24cr xgzva0m xxymvpz xlup9mm x1kky2od\"><img loading=\"lazy\" src=\"https:\/\/static.xx.fbcdn.net\/images\/emoji.php\/v9\/t46\/1\/16\/2197.png\" alt=\"\u2197\ufe0f\" width=\"16\" height=\"16\" \/><\/span>Por los 50 a\u00f1os del jard\u00edn La Tortuga Andariega<\/div>\n<div dir=\"auto\"><\/div>\n<\/div>\n<div class=\"x11i5rnm xat24cr x1mh8g0r x1vvkbs xtlvy1s x126k92a\">\n<div dir=\"auto\">Una de las obras fue desarrollada en la Escuela N\u00ba 181 Osvaldo Magnasco de Paran\u00e1, ubicada en Avenida Almafuerte 1060, con motivo de los 50 a\u00f1os del jard\u00edn La Tortuga Andariega. Por ello, la concreci\u00f3n del mural tuvo como protagonistas a nenas y nenes de 4 y 5 a\u00f1os, que concurren a la instituci\u00f3n, y a sus mam\u00e1s, pap\u00e1s y docentes.<\/div>\n<div dir=\"auto\"><img loading=\"lazy\" class=\"alignnone size-medium wp-image-3686\" src=\"http:\/\/defensoriaparana.com.ar\/wp-content\/uploads\/2022\/12\/foto-escuela-2-300x225.jpg\" alt=\"\" width=\"300\" height=\"225\" srcset=\"https:\/\/defensoriaparana.com.ar\/wp-content\/uploads\/2022\/12\/foto-escuela-2-300x225.jpg 300w, https:\/\/defensoriaparana.com.ar\/wp-content\/uploads\/2022\/12\/foto-escuela-2-1024x768.jpg 1024w, https:\/\/defensoriaparana.com.ar\/wp-content\/uploads\/2022\/12\/foto-escuela-2-768x576.jpg 768w, https:\/\/defensoriaparana.com.ar\/wp-content\/uploads\/2022\/12\/foto-escuela-2-1536x1152.jpg 1536w, https:\/\/defensoriaparana.com.ar\/wp-content\/uploads\/2022\/12\/foto-escuela-2.jpg 1600w\" sizes=\"(max-width: 300px) 100vw, 300px\" \/><img loading=\"lazy\" class=\"alignnone size-medium wp-image-3687\" src=\"http:\/\/defensoriaparana.com.ar\/wp-content\/uploads\/2022\/12\/foto-escuela-300x225.jpg\" alt=\"\" width=\"300\" height=\"225\" srcset=\"https:\/\/defensoriaparana.com.ar\/wp-content\/uploads\/2022\/12\/foto-escuela-300x225.jpg 300w, https:\/\/defensoriaparana.com.ar\/wp-content\/uploads\/2022\/12\/foto-escuela-1024x768.jpg 1024w, https:\/\/defensoriaparana.com.ar\/wp-content\/uploads\/2022\/12\/foto-escuela-768x576.jpg 768w, https:\/\/defensoriaparana.com.ar\/wp-content\/uploads\/2022\/12\/foto-escuela-1536x1152.jpg 1536w, https:\/\/defensoriaparana.com.ar\/wp-content\/uploads\/2022\/12\/foto-escuela.jpg 1600w\" sizes=\"(max-width: 300px) 100vw, 300px\" \/><img loading=\"lazy\" class=\"alignnone size-medium wp-image-3685\" src=\"http:\/\/defensoriaparana.com.ar\/wp-content\/uploads\/2022\/12\/foto-escuela-3-300x225.jpg\" alt=\"\" width=\"300\" height=\"225\" srcset=\"https:\/\/defensoriaparana.com.ar\/wp-content\/uploads\/2022\/12\/foto-escuela-3-300x225.jpg 300w, https:\/\/defensoriaparana.com.ar\/wp-content\/uploads\/2022\/12\/foto-escuela-3-1024x768.jpg 1024w, https:\/\/defensoriaparana.com.ar\/wp-content\/uploads\/2022\/12\/foto-escuela-3-768x576.jpg 768w, https:\/\/defensoriaparana.com.ar\/wp-content\/uploads\/2022\/12\/foto-escuela-3.jpg 1040w\" sizes=\"(max-width: 300px) 100vw, 300px\" \/><\/div>\n<\/div>\n<div class=\"x11i5rnm xat24cr x1mh8g0r x1vvkbs xtlvy1s x126k92a\">\n<div dir=\"auto\">Los dibujos se extienden por las paredes del frente e ingreso al jard\u00edn y muestran un paisaje lleno de verde, en el que la tortuga andariega se va encontrando con ni\u00f1os, con otras tortugas, con distintos animales, flores y plantas.<\/div>\n<\/div>\n<div class=\"x11i5rnm xat24cr x1mh8g0r x1vvkbs xtlvy1s x126k92a\">\n<div dir=\"auto\">Con ese marco, el viernes 2 de diciembre se realiz\u00f3 un acto de inauguraci\u00f3n del mural del que particip\u00f3 la Defensora del Pueblo, Marcia L\u00f3pez, y el artista pl\u00e1stico y muralista, Andr\u00e9s Leiva, quien como miembro del equipo del Centro de Mediaci\u00f3n de la Defensor\u00eda, tuvo a su cargo la organizaci\u00f3n y ejecuci\u00f3n de los trabajos.<\/div>\n<\/div>\n<div class=\"x11i5rnm xat24cr x1mh8g0r x1vvkbs xtlvy1s x126k92a\">\n<div dir=\"auto\">La comunidad de la escuela realiz\u00f3 la ceremonia, en la que hubo expresiones de artes pl\u00e1sticas y educaci\u00f3n f\u00edsica, y fueron entregados presentes en reconocimiento al trabajo de la Defensor\u00eda del Pueblo en la concreci\u00f3n de la obra. Del acto tambi\u00e9n participaron autoridades del Consejo General de Educaci\u00f3n (CGE) e integrantes de la comunidad.<\/div>\n<div dir=\"auto\"><img loading=\"lazy\" class=\"alignnone size-medium wp-image-3684\" src=\"http:\/\/defensoriaparana.com.ar\/wp-content\/uploads\/2022\/12\/tortuga-andariega-300x205.jpg\" alt=\"\" width=\"300\" height=\"205\" srcset=\"https:\/\/defensoriaparana.com.ar\/wp-content\/uploads\/2022\/12\/tortuga-andariega-300x205.jpg 300w, https:\/\/defensoriaparana.com.ar\/wp-content\/uploads\/2022\/12\/tortuga-andariega-768x524.jpg 768w, https:\/\/defensoriaparana.com.ar\/wp-content\/uploads\/2022\/12\/tortuga-andariega.jpg 880w\" sizes=\"(max-width: 300px) 100vw, 300px\" \/><\/div>\n<div dir=\"auto\"><\/div>\n<\/div>\n<div class=\"x11i5rnm xat24cr x1mh8g0r x1vvkbs xtlvy1s x126k92a\">\n<div dir=\"auto\"><span class=\"x3nfvp2 x1j61x8r x1fcty0u xdj266r xhhsvwb xat24cr xgzva0m xxymvpz xlup9mm x1kky2od\"><img loading=\"lazy\" src=\"https:\/\/static.xx.fbcdn.net\/images\/emoji.php\/v9\/t33\/1\/16\/2705.png\" alt=\"\u2705\" width=\"16\" height=\"16\" \/><\/span><span class=\"x3nfvp2 x1j61x8r x1fcty0u xdj266r xhhsvwb xat24cr xgzva0m xxymvpz xlup9mm x1kky2od\"><img loading=\"lazy\" src=\"https:\/\/static.xx.fbcdn.net\/images\/emoji.php\/v9\/t46\/1\/16\/2197.png\" alt=\"\u2197\ufe0f\" width=\"16\" height=\"16\" \/><\/span>Encuentro en la Residencia Otero<\/div>\n<div dir=\"auto\"><\/div>\n<\/div>\n<div class=\"x11i5rnm xat24cr x1mh8g0r x1vvkbs xtlvy1s x126k92a\">\n<div dir=\"auto\">Con historias maravillosas, canciones y juegos, se cerraron las actividades que comenzaron en agosto y que derivaron en un mural que desde octubre forma parte del patio de la Residencia Ram\u00f3n Otero, dependiente del Consejo Provincial del Ni\u00f1o, el Adolescente y la Familia (Copnaf).<\/div>\n<\/div>\n<div class=\"x11i5rnm xat24cr x1mh8g0r x1vvkbs xtlvy1s x126k92a\">\n<div dir=\"auto\">\u201cAll\u00e1 arriba, bien a lo alto\u201d, es la leyenda que aparece en el gran dibujo en alusi\u00f3n a una canci\u00f3n que inspir\u00f3 los trazos coloreados por los ni\u00f1os y ni\u00f1as de la residencia, con la gu\u00eda de Andr\u00e9s Leiva.<\/div>\n<div dir=\"auto\"><img loading=\"lazy\" class=\"alignnone size-medium wp-image-3688\" src=\"http:\/\/defensoriaparana.com.ar\/wp-content\/uploads\/2022\/12\/otero-va-300x225.jpg\" alt=\"\" width=\"300\" height=\"225\" srcset=\"https:\/\/defensoriaparana.com.ar\/wp-content\/uploads\/2022\/12\/otero-va-300x225.jpg 300w, https:\/\/defensoriaparana.com.ar\/wp-content\/uploads\/2022\/12\/otero-va-768x576.jpg 768w, https:\/\/defensoriaparana.com.ar\/wp-content\/uploads\/2022\/12\/otero-va.jpg 1024w\" sizes=\"(max-width: 300px) 100vw, 300px\" \/><img loading=\"lazy\" class=\"alignnone size-medium wp-image-3683\" src=\"http:\/\/defensoriaparana.com.ar\/wp-content\/uploads\/2022\/12\/residencia-Otero-va-300x169.jpg\" alt=\"\" width=\"300\" height=\"169\" srcset=\"https:\/\/defensoriaparana.com.ar\/wp-content\/uploads\/2022\/12\/residencia-Otero-va-300x169.jpg 300w, https:\/\/defensoriaparana.com.ar\/wp-content\/uploads\/2022\/12\/residencia-Otero-va-1024x576.jpg 1024w, https:\/\/defensoriaparana.com.ar\/wp-content\/uploads\/2022\/12\/residencia-Otero-va-768x432.jpg 768w, https:\/\/defensoriaparana.com.ar\/wp-content\/uploads\/2022\/12\/residencia-Otero-va-1536x864.jpg 1536w, https:\/\/defensoriaparana.com.ar\/wp-content\/uploads\/2022\/12\/residencia-Otero-va.jpg 1600w\" sizes=\"(max-width: 300px) 100vw, 300px\" \/><img loading=\"lazy\" class=\"alignnone size-medium wp-image-3682\" src=\"http:\/\/defensoriaparana.com.ar\/wp-content\/uploads\/2022\/12\/residencia-otero-va-1-225x300.jpg\" alt=\"\" width=\"225\" height=\"300\" srcset=\"https:\/\/defensoriaparana.com.ar\/wp-content\/uploads\/2022\/12\/residencia-otero-va-1-225x300.jpg 225w, https:\/\/defensoriaparana.com.ar\/wp-content\/uploads\/2022\/12\/residencia-otero-va-1-768x1024.jpg 768w, https:\/\/defensoriaparana.com.ar\/wp-content\/uploads\/2022\/12\/residencia-otero-va-1.jpg 774w\" sizes=\"(max-width: 225px) 100vw, 225px\" \/><\/div>\n<div dir=\"auto\">El martes 22 de noviembre por la tarde, el mural terminado hizo de tel\u00f3n de fondo de la celebraci\u00f3n en el patio, que incluy\u00f3 el relato de historias contadas por Silvina Su\u00e1rez, mediadora y narradora, en base a libros de cuentos de la biblioteca Caminantes, y canciones interpretadas por Andr\u00e9s Leiva en su guitarra.<\/div>\n<\/div>\n<div class=\"x11i5rnm xat24cr x1mh8g0r x1vvkbs xtlvy1s x126k92a\">\n<div dir=\"auto\">Con el clima del mundial de f\u00fatbol presente, las ni\u00f1as y ni\u00f1os, junto a personal de la residencia y mediadoras comunitarias del Registro de la Defensor\u00eda, disfrutaron de uno de los cuentos y los juegos.<\/div>\n<div dir=\"auto\">Luego, entusiasmados, con vinchas celestes y blancas, hechas por ellos, y remera futbolera, algunos patearon la pelota al grito de gol, otros cantaron, bailaron, se hamacaron, se embelesaron con los libros y cada uno fue se\u00f1alando en la pared qu\u00e9 partes hab\u00eda pintado.<\/div>\n<\/div>\n<div class=\"x11i5rnm xat24cr x1mh8g0r x1vvkbs xtlvy1s x126k92a\">\n<div dir=\"auto\">\u201cNuestros dibujos, nuestros mundos\u201d es otra frase que aparece en el mural cuya concreci\u00f3n conllev\u00f3 una etapa previa de actividades en talleres, tendientes a ir delineando, junto a los ni\u00f1os y ni\u00f1as, el boceto que luego se traslad\u00f3 al pared\u00f3n.<\/div>\n<div dir=\"auto\">La celebraci\u00f3n concluy\u00f3 con una merienda y expresiones de cari\u00f1o de los chicos por la experiencia compartida.<\/div>\n<\/div>\n<div class=\"x11i5rnm xat24cr x1mh8g0r x1vvkbs xtlvy1s x126k92a\">\n<div dir=\"auto\">El mural fue realizado por la Defensor\u00eda del Pueblo junto a personal de la instituci\u00f3n, ubicada en calle Jorge Newbery 1824, y perteneciente a la red de residencias socioeducativas (RSE) que coordina el Copnaf.<\/div>\n<\/div>\n","protected":false},"excerpt":{"rendered":"<p>La finalizaci\u00f3n de los trabajos de dos nuevos murales, gestados y concretados por el Centro de Mediaci\u00f3n de la Defensor\u00eda del Pueblo de la Ciudad de Paran\u00e1 junto a la comunidad de cada instituci\u00f3n, fue motivo de celebraci\u00f3n e inauguraci\u00f3n. Ambas obras se enmarcan en el programa \u201cArte, convivencia y abordaje de conflictos\u201d, una propuesta [&hellip;]<\/p>\n","protected":false},"author":2,"featured_media":3686,"comment_status":"open","ping_status":"open","sticky":false,"template":"","format":"standard","meta":{"om_disable_all_campaigns":false,"_monsterinsights_skip_tracking":false,"_monsterinsights_sitenote_active":false,"_monsterinsights_sitenote_note":"","_monsterinsights_sitenote_category":0},"categories":[1],"tags":[],"_links":{"self":[{"href":"https:\/\/defensoriaparana.com.ar\/index.php\/wp-json\/wp\/v2\/posts\/3681"}],"collection":[{"href":"https:\/\/defensoriaparana.com.ar\/index.php\/wp-json\/wp\/v2\/posts"}],"about":[{"href":"https:\/\/defensoriaparana.com.ar\/index.php\/wp-json\/wp\/v2\/types\/post"}],"author":[{"embeddable":true,"href":"https:\/\/defensoriaparana.com.ar\/index.php\/wp-json\/wp\/v2\/users\/2"}],"replies":[{"embeddable":true,"href":"https:\/\/defensoriaparana.com.ar\/index.php\/wp-json\/wp\/v2\/comments?post=3681"}],"version-history":[{"count":1,"href":"https:\/\/defensoriaparana.com.ar\/index.php\/wp-json\/wp\/v2\/posts\/3681\/revisions"}],"predecessor-version":[{"id":3689,"href":"https:\/\/defensoriaparana.com.ar\/index.php\/wp-json\/wp\/v2\/posts\/3681\/revisions\/3689"}],"wp:featuredmedia":[{"embeddable":true,"href":"https:\/\/defensoriaparana.com.ar\/index.php\/wp-json\/wp\/v2\/media\/3686"}],"wp:attachment":[{"href":"https:\/\/defensoriaparana.com.ar\/index.php\/wp-json\/wp\/v2\/media?parent=3681"}],"wp:term":[{"taxonomy":"category","embeddable":true,"href":"https:\/\/defensoriaparana.com.ar\/index.php\/wp-json\/wp\/v2\/categories?post=3681"},{"taxonomy":"post_tag","embeddable":true,"href":"https:\/\/defensoriaparana.com.ar\/index.php\/wp-json\/wp\/v2\/tags?post=3681"}],"curies":[{"name":"wp","href":"https:\/\/api.w.org\/{rel}","templated":true}]}}