{"id":3705,"date":"2022-12-19T11:19:10","date_gmt":"2022-12-19T11:19:10","guid":{"rendered":"http:\/\/defensoriaparana.com.ar\/?p=3705"},"modified":"2022-12-19T11:19:10","modified_gmt":"2022-12-19T11:19:10","slug":"se-realizo-el-primer-taller-para-mediadoras-y-mediadores-del-registro-2023","status":"publish","type":"post","link":"https:\/\/defensoriaparana.com.ar\/index.php\/2022\/12\/19\/se-realizo-el-primer-taller-para-mediadoras-y-mediadores-del-registro-2023\/","title":{"rendered":"Se realiz\u00f3 el primer taller para mediadoras y mediadores del Registro 2023"},"content":{"rendered":"<p><span style=\"font-style: inherit; font-weight: inherit;\">El primer encuentro que reuni\u00f3 a mediadores y mediadoras del Registro voluntario y ad honorem 2023 del Centro de Mediaci\u00f3n Comunitaria de la Defensor\u00eda del Pueblo de la Ciudad de Paran\u00e1, se realiz\u00f3 el mi\u00e9rcoles 14, a partir de las 18, en el aula magna de la Facultad de Trabajo Social (UNER).<\/span><\/p>\n<p><span style=\"font-style: inherit; font-weight: inherit;\">\u00a0\u201cLa ronda del encuentro\u201d fue el t\u00edtulo de la propuesta que convoc\u00f3 a un nutrido grupo de asistentes. La actividad consisti\u00f3 en una ronda de escucha, modalidad que viene desarrollando el Centro de Mediaci\u00f3n de manera sostenida desde\u00a02020. El dispositivo del c\u00edrculo permite compartir vivencias y emociones construyendo comunidad y acompa\u00f1amiento a partir de la\u00a0 escucha profunda y comprometida.\u00a0<\/span><\/p>\n<p><img loading=\"lazy\" class=\"alignnone size-medium wp-image-3706\" src=\"http:\/\/defensoriaparana.com.ar\/wp-content\/uploads\/2022\/12\/ronda-mediadores-23-300x169.jpg\" alt=\"\" width=\"300\" height=\"169\" srcset=\"https:\/\/defensoriaparana.com.ar\/wp-content\/uploads\/2022\/12\/ronda-mediadores-23-300x169.jpg 300w, https:\/\/defensoriaparana.com.ar\/wp-content\/uploads\/2022\/12\/ronda-mediadores-23-1024x576.jpg 1024w, https:\/\/defensoriaparana.com.ar\/wp-content\/uploads\/2022\/12\/ronda-mediadores-23-768x432.jpg 768w, https:\/\/defensoriaparana.com.ar\/wp-content\/uploads\/2022\/12\/ronda-mediadores-23-1536x864.jpg 1536w, https:\/\/defensoriaparana.com.ar\/wp-content\/uploads\/2022\/12\/ronda-mediadores-23.jpg 1600w\" sizes=\"(max-width: 300px) 100vw, 300px\" \/><img loading=\"lazy\" class=\"alignnone size-medium wp-image-3707\" src=\"http:\/\/defensoriaparana.com.ar\/wp-content\/uploads\/2022\/12\/ronda-mediadores-23-a-300x169.jpg\" alt=\"\" width=\"300\" height=\"169\" srcset=\"https:\/\/defensoriaparana.com.ar\/wp-content\/uploads\/2022\/12\/ronda-mediadores-23-a-300x169.jpg 300w, https:\/\/defensoriaparana.com.ar\/wp-content\/uploads\/2022\/12\/ronda-mediadores-23-a-1024x576.jpg 1024w, https:\/\/defensoriaparana.com.ar\/wp-content\/uploads\/2022\/12\/ronda-mediadores-23-a-768x432.jpg 768w, https:\/\/defensoriaparana.com.ar\/wp-content\/uploads\/2022\/12\/ronda-mediadores-23-a-1536x864.jpg 1536w, https:\/\/defensoriaparana.com.ar\/wp-content\/uploads\/2022\/12\/ronda-mediadores-23-a.jpg 1600w\" sizes=\"(max-width: 300px) 100vw, 300px\" \/><\/p>\n<p><span style=\"font-style: inherit; font-weight: inherit;\">La actividad del mi\u00e9rcoles tambi\u00e9n fue aprovechada como instancia de insumo de recurso pedag\u00f3gico, ya que se analiz\u00f3 c\u00f3mo funcionan las rondas, las t\u00e9cnicas puestas en pr\u00e1ctica desde la facilitaci\u00f3n, c\u00f3mo se dieron los tiempos y se sintieron los participantes, entre otros aspectos.<\/span><\/p>\n<p><span style=\"font-style: inherit; font-weight: inherit;\">En la oportunidad, se dio la bienvenida a 20 mediadores y mediadoras que se integran por primera vez al Registro, al tiempo que se brind\u00f3 un reconocimiento al trabajo de aquellos que vienen conformando la n\u00f3mina de hace a\u00f1os, incluso, desde el comienzo, en 2003.<\/span><\/p>\n<p><span style=\"font-style: inherit; font-weight: inherit;\">Tambi\u00e9n se mencion\u00f3 especialmente a los integrantes del Registro que participan en tareas comunitarias encaradas por el Centro de Mediaci\u00f3n, como la concreci\u00f3n de murales comunitarios, rondas de escucha en distintas instituciones, talleres abiertos y gratuitos que se brindan a la ciudadan\u00eda y en la elaboraci\u00f3n y distribuci\u00f3n de comida a personas en situaci\u00f3n de calle, tarea que se realiza una vez por mes\u00a0junto a la organizaci\u00f3n Suma de Voluntades.<\/span><\/p>\n<p><span style=\"font-style: inherit; font-weight: inherit;\">El Registro de Mediadores Voluntarios y ad honorem empez\u00f3 a funcionar en noviembre de 2003, a la par del comienzo del trabajo del Centro de Mediaci\u00f3n, y a instancias de la primera Coordinadora, Martha Arr\u00edas Pabon. La n\u00f3mina se renueva anualmente, en noviembre, mediante una convocatoria p\u00fablica, y\u00a0re\u00fane a personas que cuentan con formaci\u00f3n en mediaci\u00f3n, provenientes de diversas disciplinas y espacios laborales y con distintas historias y contextos sociales y educativos.<\/span><\/p>\n<p><span style=\"font-style: inherit; font-weight: inherit;\">Para garantizar la calidad del servicio de mediaci\u00f3n que se brinda a la ciudadan\u00eda, la Defensor\u00eda del Pueblo ofrece -y exige- a los integrantes del Registro instancias regulares de capacitaci\u00f3n, reflexi\u00f3n e intercambio de experiencias. Estos aspectos -junto al hecho de ser el m\u00e1s numeroso del pa\u00eds, el de su conformaci\u00f3n multidisciplinaria y su condici\u00f3n de ad honorem-, hacen que el Registro de Paran\u00e1 tenga una consideraci\u00f3n especial en el \u00e1mbito nacional.<\/span><\/p>\n<p><img loading=\"lazy\" class=\"alignnone size-medium wp-image-3708\" src=\"http:\/\/defensoriaparana.com.ar\/wp-content\/uploads\/2022\/12\/ronda-mediadores-23-b-300x169.jpg\" alt=\"\" width=\"300\" height=\"169\" srcset=\"https:\/\/defensoriaparana.com.ar\/wp-content\/uploads\/2022\/12\/ronda-mediadores-23-b-300x169.jpg 300w, https:\/\/defensoriaparana.com.ar\/wp-content\/uploads\/2022\/12\/ronda-mediadores-23-b-1024x576.jpg 1024w, https:\/\/defensoriaparana.com.ar\/wp-content\/uploads\/2022\/12\/ronda-mediadores-23-b-768x432.jpg 768w, https:\/\/defensoriaparana.com.ar\/wp-content\/uploads\/2022\/12\/ronda-mediadores-23-b-1536x864.jpg 1536w, https:\/\/defensoriaparana.com.ar\/wp-content\/uploads\/2022\/12\/ronda-mediadores-23-b.jpg 1600w\" sizes=\"(max-width: 300px) 100vw, 300px\" \/><img loading=\"lazy\" class=\"alignnone size-medium wp-image-3709\" src=\"http:\/\/defensoriaparana.com.ar\/wp-content\/uploads\/2022\/12\/ronda-mediadores-23-c-300x169.jpg\" alt=\"\" width=\"300\" height=\"169\" srcset=\"https:\/\/defensoriaparana.com.ar\/wp-content\/uploads\/2022\/12\/ronda-mediadores-23-c-300x169.jpg 300w, https:\/\/defensoriaparana.com.ar\/wp-content\/uploads\/2022\/12\/ronda-mediadores-23-c-1024x576.jpg 1024w, https:\/\/defensoriaparana.com.ar\/wp-content\/uploads\/2022\/12\/ronda-mediadores-23-c-768x432.jpg 768w, https:\/\/defensoriaparana.com.ar\/wp-content\/uploads\/2022\/12\/ronda-mediadores-23-c-1536x864.jpg 1536w, https:\/\/defensoriaparana.com.ar\/wp-content\/uploads\/2022\/12\/ronda-mediadores-23-c.jpg 1600w\" sizes=\"(max-width: 300px) 100vw, 300px\" \/><img loading=\"lazy\" class=\"alignnone size-medium wp-image-3710\" src=\"http:\/\/defensoriaparana.com.ar\/wp-content\/uploads\/2022\/12\/ronda-mediadores-23-d-300x169.jpg\" alt=\"\" width=\"300\" height=\"169\" srcset=\"https:\/\/defensoriaparana.com.ar\/wp-content\/uploads\/2022\/12\/ronda-mediadores-23-d-300x169.jpg 300w, https:\/\/defensoriaparana.com.ar\/wp-content\/uploads\/2022\/12\/ronda-mediadores-23-d-1024x576.jpg 1024w, https:\/\/defensoriaparana.com.ar\/wp-content\/uploads\/2022\/12\/ronda-mediadores-23-d-768x432.jpg 768w, https:\/\/defensoriaparana.com.ar\/wp-content\/uploads\/2022\/12\/ronda-mediadores-23-d-1536x864.jpg 1536w, https:\/\/defensoriaparana.com.ar\/wp-content\/uploads\/2022\/12\/ronda-mediadores-23-d.jpg 1600w\" sizes=\"(max-width: 300px) 100vw, 300px\" \/><img loading=\"lazy\" class=\"alignnone size-medium wp-image-3711\" src=\"http:\/\/defensoriaparana.com.ar\/wp-content\/uploads\/2022\/12\/ronda-mediadores-23-e-300x169.jpg\" alt=\"\" width=\"300\" height=\"169\" srcset=\"https:\/\/defensoriaparana.com.ar\/wp-content\/uploads\/2022\/12\/ronda-mediadores-23-e-300x169.jpg 300w, https:\/\/defensoriaparana.com.ar\/wp-content\/uploads\/2022\/12\/ronda-mediadores-23-e-1024x576.jpg 1024w, https:\/\/defensoriaparana.com.ar\/wp-content\/uploads\/2022\/12\/ronda-mediadores-23-e-768x432.jpg 768w, https:\/\/defensoriaparana.com.ar\/wp-content\/uploads\/2022\/12\/ronda-mediadores-23-e-1536x864.jpg 1536w, https:\/\/defensoriaparana.com.ar\/wp-content\/uploads\/2022\/12\/ronda-mediadores-23-e.jpg 1600w\" sizes=\"(max-width: 300px) 100vw, 300px\" \/><\/p>\n","protected":false},"excerpt":{"rendered":"<p>El primer encuentro que reuni\u00f3 a mediadores y mediadoras del Registro voluntario y ad honorem 2023 del Centro de Mediaci\u00f3n Comunitaria de la Defensor\u00eda del Pueblo de la Ciudad de Paran\u00e1, se realiz\u00f3 el mi\u00e9rcoles 14, a partir de las 18, en el aula magna de la Facultad de Trabajo Social (UNER). \u00a0\u201cLa ronda del [&hellip;]<\/p>\n","protected":false},"author":2,"featured_media":3707,"comment_status":"open","ping_status":"open","sticky":false,"template":"","format":"standard","meta":{"om_disable_all_campaigns":false,"_monsterinsights_skip_tracking":false,"_monsterinsights_sitenote_active":false,"_monsterinsights_sitenote_note":"","_monsterinsights_sitenote_category":0},"categories":[1],"tags":[],"_links":{"self":[{"href":"https:\/\/defensoriaparana.com.ar\/index.php\/wp-json\/wp\/v2\/posts\/3705"}],"collection":[{"href":"https:\/\/defensoriaparana.com.ar\/index.php\/wp-json\/wp\/v2\/posts"}],"about":[{"href":"https:\/\/defensoriaparana.com.ar\/index.php\/wp-json\/wp\/v2\/types\/post"}],"author":[{"embeddable":true,"href":"https:\/\/defensoriaparana.com.ar\/index.php\/wp-json\/wp\/v2\/users\/2"}],"replies":[{"embeddable":true,"href":"https:\/\/defensoriaparana.com.ar\/index.php\/wp-json\/wp\/v2\/comments?post=3705"}],"version-history":[{"count":1,"href":"https:\/\/defensoriaparana.com.ar\/index.php\/wp-json\/wp\/v2\/posts\/3705\/revisions"}],"predecessor-version":[{"id":3712,"href":"https:\/\/defensoriaparana.com.ar\/index.php\/wp-json\/wp\/v2\/posts\/3705\/revisions\/3712"}],"wp:featuredmedia":[{"embeddable":true,"href":"https:\/\/defensoriaparana.com.ar\/index.php\/wp-json\/wp\/v2\/media\/3707"}],"wp:attachment":[{"href":"https:\/\/defensoriaparana.com.ar\/index.php\/wp-json\/wp\/v2\/media?parent=3705"}],"wp:term":[{"taxonomy":"category","embeddable":true,"href":"https:\/\/defensoriaparana.com.ar\/index.php\/wp-json\/wp\/v2\/categories?post=3705"},{"taxonomy":"post_tag","embeddable":true,"href":"https:\/\/defensoriaparana.com.ar\/index.php\/wp-json\/wp\/v2\/tags?post=3705"}],"curies":[{"name":"wp","href":"https:\/\/api.w.org\/{rel}","templated":true}]}}