{"id":3861,"date":"2023-01-10T11:34:03","date_gmt":"2023-01-10T11:34:03","guid":{"rendered":"http:\/\/defensoriaparana.com.ar\/?page_id=3861"},"modified":"2023-05-16T00:11:40","modified_gmt":"2023-05-16T00:11:40","slug":"presupuesto-participativo","status":"publish","type":"post","link":"https:\/\/defensoriaparana.com.ar\/index.php\/2023\/01\/10\/presupuesto-participativo\/","title":{"rendered":"(2018) Aplicaci\u00f3n del Presupuesto Participativo"},"content":{"rendered":"<p><strong>Resoluci\u00f3n del 1\u00ba\/08\/2018 con RECOMENDACI\u00d3N N\u00ba 2\/2018 al Sr. Presidente Municipal de la Ciudad de Paran\u00e1.<\/strong><\/p>\n<p><u>\u00a0<\/u><\/p>\n<p><u>Recomendaci\u00f3n en relaci\u00f3n a la necesidad de dar cumplimiento y eficacia a la ordenanza vigente de presupuesto participativo.<\/u><\/p>\n<p>&nbsp;<\/p>\n<p>&nbsp;<\/p>\n<p>PARAN\u00c1, 1\u00ba de agosto de 2018<\/p>\n<p><strong>\u00a0<\/strong><\/p>\n<p><strong>Sr. Presidente Municipal<\/strong><\/p>\n<p><strong>de la Ciudad de Paran\u00e1<\/strong><\/p>\n<p><strong>Sergio Fausto VARISCO<\/strong><\/p>\n<p>&nbsp;<\/p>\n<p><strong><u>RESOLUCI\u00d3N CON RECOMENDACI\u00d3N N\u00ba 2<\/u><\/strong><\/p>\n<p>&nbsp;<\/p>\n<p><strong>VISTO<\/strong>:<\/p>\n<p>La vigencia de la ordenanza N\u00ba 9.040, la que dispone en el \u00e1mbito de la ciudad de Paran\u00e1 la aplicaci\u00f3n del Presupuesto Participativo.<\/p>\n<p>&nbsp;<\/p>\n<p><strong>Y CONSIDERANDO<\/strong>:<\/p>\n<p>&nbsp;<\/p>\n<p>Que dicha norma, en su art\u00edculo 2\u00ba define al Presupuesto Participativo como un proceso de participaci\u00f3n e intervenci\u00f3n directa, voluntaria y universal, en el cual los vecinos, conjuntamente con el gobierno de la ciudad, deliberan y deciden la asignaci\u00f3n de recursos del presupuesto participativo, los cuales ser\u00e1n democr\u00e1ticamente destinados a la realizaci\u00f3n de obras p\u00fablicas y acciones sociales dentro de la ciudad.<\/p>\n<p>&nbsp;<\/p>\n<p>Que esta Defensor\u00eda del Pueblo ha recibido los reclamos presentados ante ella por las comisiones vecinales que han sido incluidas en el Presupuesto Participativo de los a\u00f1os 2017 y 2018, manifestando su incumplimiento por parte de la Administraci\u00f3n Municipal.<\/p>\n<p>&nbsp;<\/p>\n<p>Que se ha cumplimentado con el procedimiento establecido en el art\u00edculo 15 de dicha ordenanza, as\u00ed como lo normado a tal fin en los art\u00edculos 5\u00ba, 7\u00ba y 9\u00ba de dicha norma.<\/p>\n<p>&nbsp;<\/p>\n<p>Que teniendo en consideraci\u00f3n lo aprobado para el a\u00f1o 2015 en el Presupuesto Participativo, e incorporado al presupuesto correspondiente al a\u00f1o 2017, como ANEXO VIII las siguientes obras:<\/p>\n<p>&nbsp;<\/p>\n<p><strong><u>Zona Comunal 1<\/u><\/strong>: Refacci\u00f3n del Centro Comunitario San Roque, en Comunidad Vecinal F\u00e9 y Esperanza. 2: Reemplazo de 167 luminarias en calle Mitre, Buenos Aires, Tucum\u00e1n, Santiago del estero, Alameda de la Federqaci\u00edn, Pastagonia, Mendoza, Mejico, Catamarca, Int. Bertozi y Tejereiro Martinez, en Comunidad Vecinal Parque Urquiza. 3: Puesta en valor de Plaza Alberdi, en Comunidad Vecinal Mar\u00eda Auxiliadora.<\/p>\n<p><strong>\u00a0<\/strong><\/p>\n<p><strong><u>Zona Comunal 2:<\/u><\/strong> 1: Construcci\u00f3n de sal\u00f3n de usos m\u00faltiples en Comunidad Vecinal Costanera Oeste. 2: Proyecto integral: Repavimentaci\u00f3n en calle Bv. Sarmiento entre calle Urquiza y Espa\u00f1a (35m. aprox.) y colocaci\u00f3n de 71 luminarias en Bv. Sarmiento, calle Escalabrini Ortiz y B\u00ba Cuarteles, Comunidad Vecinal Consejo Social.3: Pavimentaci\u00f3n y cord\u00f3n cuneta calles N\u00ba 1049 entre calle Costa Rica y calle Cuba.<\/p>\n<p>&nbsp;<\/p>\n<p><strong><u>Zona Comunal 3:<\/u><\/strong> 1: Proyecto integral: Colocaci\u00f3n de 108 luminarias y cord\u00f3n cuneta en calle gobernador Enrique Mihura entre Cris\u00f3logo Larralde y Capit\u00e1n Ram\u00edrez, Cabo Julio Ben\u00edtez entre Cris\u00f3logo Larralde y Capit\u00e1n Ram\u00edrez ( 500 m. aprox.) en la Comunidad Vecin al Nueva Esperanza. 2: Cord\u00f3n Cuneta en calle Juez Dr. Hector Ardoy entre Manuel Aza\u00f1a y Maestro L. Jim\u00e9nez de As\u00faa (100m aprox.). Maestro Jimenez de As\u00faa entre Juez Dr. Ardoy y Dr. Mart\u00edn Gim\u00e9nez (100m. aprox.) \u00a0\u00a0\u00a0\u00a0\u00a0\u00a0Dr. Mart\u00edn Gime\u00b4nez entre Manuel Aza\u00f1a y maestro L. Jim\u00e9nez de As\u00faa (100m. aprox.), Manuel Aza\u00f1a entre Mart\u00edn Berzano y Juez Dr. Hector Ardoy (200m. aprox.) y Mart\u00edn Berzano entre Manuel Aza\u00f1a y Maestro L. Jim\u00e9nez de As\u00faa (100m. aprox.) en Comunidad Vecinal Almafuerte.<\/p>\n<p><strong><u>\u00a0<\/u><\/strong><\/p>\n<p><strong><u>Zona Comunal 4:<\/u><\/strong> 1: Refacci\u00f3n y ampliaci\u00f3n de sal\u00f3n de usos m\u00faltiples existente en Comunidad Vecinal AAtra III y IV. 2: Proyecto integral: colocaci\u00f3n de siete luminarias y pavimentaci\u00f3n en calle Las madreselvas entre Las Horqu\u00eddeas y Las Alverjillas , Comunidad Vecinal El Trebol. Refacci\u00f3n de sal\u00f3n de usos m\u00faltiples en jard\u00edn maternal Boyeritos.\u00a0 Comunidad Vecinal Lomas del Brete.<\/p>\n<p><strong><u>\u00a0<\/u><\/strong><\/p>\n<p><strong><u>Zona Comunal 5:<\/u><\/strong> 1: Pavimentaci\u00f3n y cord\u00f3n cuneta en calle Belisario Rold\u00e1n entre Padre Kentenich y Pablo Crausaz (110 m. aprox.) Comunidad Vecinal Kentenich. 2: Colocaci\u00f3n de 86 columnas en calle Sauce Montrul, Villa Segu\u00ed, Villa Oro Verde, Aldea Santa mar\u00eda, Villa San Benito, Estaci\u00f3n Sosa y O Higgins, Comisi\u00f3n Vecinal parque mayor.<\/p>\n<p>&nbsp;<\/p>\n<p>&nbsp;<\/p>\n<p>Por todo ello;<\/p>\n<p>&nbsp;<\/p>\n<p><strong>El DEFENSOR DEL PUEBLO DE LA CIUDAD DE PARAN\u00c1<\/strong><\/p>\n<p><strong>\u00a0\u00a0\u00a0\u00a0\u00a0\u00a0\u00a0\u00a0 RESUELVE:<\/strong><\/p>\n<p><strong>\u00a0<\/strong><\/p>\n<ol>\n<li>Recomendar al Presidente Municipal de la ciudad de Paran\u00e1, disponer la inmediata ejecuci\u00f3n de las obras comprometidas en virtud de la vigencia del Presupuesto Participativo.<\/li>\n<\/ol>\n<p>&nbsp;<\/p>\n<p>2.-Rem\u00edtase al Sr. Presidente Municipal y Presidentes de Bloque<\/p>\n<p>del Honorable Concejo Deliberante de la Ciudad de Paran\u00e1.<\/p>\n<p>&nbsp;<\/p>\n<p>3.- Comun\u00edquese a los ciudadanos afectados que hayan hecho sus<\/p>\n<p>Reclamos en esta Defensor\u00eda del Pueblo.<\/p>\n<p>&nbsp;<\/p>\n<p>4.- Archivar.<\/p>\n","protected":false},"excerpt":{"rendered":"<p>Resoluci\u00f3n del 1\u00ba\/08\/2018 con RECOMENDACI\u00d3N N\u00ba 2\/2018 al Sr. Presidente Municipal de la Ciudad de Paran\u00e1. \u00a0 Recomendaci\u00f3n en relaci\u00f3n a la necesidad de dar cumplimiento y eficacia a la ordenanza vigente de presupuesto participativo. &nbsp; &nbsp; PARAN\u00c1, 1\u00ba de agosto de 2018 \u00a0 Sr. Presidente Municipal de la Ciudad de Paran\u00e1 Sergio Fausto VARISCO [&hellip;]<\/p>\n","protected":false},"author":2,"featured_media":0,"comment_status":"closed","ping_status":"closed","sticky":false,"template":"","format":"standard","meta":{"om_disable_all_campaigns":false,"_monsterinsights_skip_tracking":false,"_monsterinsights_sitenote_active":false,"_monsterinsights_sitenote_note":"","_monsterinsights_sitenote_category":0},"categories":[30],"tags":[],"_links":{"self":[{"href":"https:\/\/defensoriaparana.com.ar\/index.php\/wp-json\/wp\/v2\/posts\/3861"}],"collection":[{"href":"https:\/\/defensoriaparana.com.ar\/index.php\/wp-json\/wp\/v2\/posts"}],"about":[{"href":"https:\/\/defensoriaparana.com.ar\/index.php\/wp-json\/wp\/v2\/types\/post"}],"author":[{"embeddable":true,"href":"https:\/\/defensoriaparana.com.ar\/index.php\/wp-json\/wp\/v2\/users\/2"}],"replies":[{"embeddable":true,"href":"https:\/\/defensoriaparana.com.ar\/index.php\/wp-json\/wp\/v2\/comments?post=3861"}],"version-history":[{"count":3,"href":"https:\/\/defensoriaparana.com.ar\/index.php\/wp-json\/wp\/v2\/posts\/3861\/revisions"}],"predecessor-version":[{"id":4032,"href":"https:\/\/defensoriaparana.com.ar\/index.php\/wp-json\/wp\/v2\/posts\/3861\/revisions\/4032"}],"wp:attachment":[{"href":"https:\/\/defensoriaparana.com.ar\/index.php\/wp-json\/wp\/v2\/media?parent=3861"}],"wp:term":[{"taxonomy":"category","embeddable":true,"href":"https:\/\/defensoriaparana.com.ar\/index.php\/wp-json\/wp\/v2\/categories?post=3861"},{"taxonomy":"post_tag","embeddable":true,"href":"https:\/\/defensoriaparana.com.ar\/index.php\/wp-json\/wp\/v2\/tags?post=3861"}],"curies":[{"name":"wp","href":"https:\/\/api.w.org\/{rel}","templated":true}]}}