{"id":3875,"date":"2023-01-10T12:06:10","date_gmt":"2023-01-10T12:06:10","guid":{"rendered":"http:\/\/defensoriaparana.com.ar\/?page_id=3875"},"modified":"2023-05-16T00:11:24","modified_gmt":"2023-05-16T00:11:24","slug":"programa-de-asistencia-integral-para-personas-en-situacion-de-calle","status":"publish","type":"post","link":"https:\/\/defensoriaparana.com.ar\/index.php\/2023\/01\/10\/programa-de-asistencia-integral-para-personas-en-situacion-de-calle\/","title":{"rendered":"(2015) Programa de Asistencia Integral para Personas en Situaci\u00f3n de Calle"},"content":{"rendered":"<p><strong>Resoluci\u00f3n del 14\/04\/2015 con RECOMENDACI\u00d3N N\u00ba 2\/15 a la Sra. Presidenta Municipal de Paran\u00e1<\/strong><\/p>\n<p><strong>\u00a0<\/strong><\/p>\n<h3><strong><u>Recomendaci\u00f3n para la puesta en funcionamiento del Programa de Asistencia Integral para Personas en Situaci\u00f3n de Calle<\/u><\/strong><\/h3>\n<p><strong>\u00a0<\/strong><\/p>\n<p><strong>VISTO:<\/strong><\/p>\n<p>La vigencia de la Ordenanza N\u00ba 8932, promulgada en fecha 5 de diciembre de 2010, por la que se crea el Programa de Asistencia Integral para Personas en Situaci\u00f3n de Calle, en el \u00e1mbito de la ciudad de Paran\u00e1, y;<\/p>\n<p><strong>CONSIDERANDO:<\/strong><\/p>\n<p>Que, las personas que,\u00a0 transitoria o permanentemente, se encuentran viviendo en las calles de esta ciudad, tal como ocurre en otros centros urbanos, se caracteriza por estar sometidas a profundos niveles de exclusi\u00f3n social, sufriendo la precariedad material de sus condiciones de vida, los procesos de desvinculaci\u00f3n social, la marginalidad que llevan a su invisibilizaci\u00f3n.-<\/p>\n<p>Que, esta situaci\u00f3n, que trasciende \u00a0indiscutiblemente, la dimensi\u00f3n residencial, ha provocado en estos ciudadanos un proceso paulatino de desvinculaci\u00f3n o quiebre de los v\u00ednculos afectivos, como as\u00ed tambi\u00e9n la p\u00e9rdida de los v\u00ednculos institucionales y sociales (trabajo, redes de apoyo). Y al perder la inserci\u00f3n productiva, adem\u00e1s de su familia, pierden las bases de la existencia y de la identidad: \u201camar y trabajar\u201d, en definitiva \u201cdejan de ser\u201d \u2026<\/p>\n<p>Que, a la situaci\u00f3n planteada precedentemente, se suma la falta de reconocimiento de esas condiciones de vida, por parte del Estado y de la sociedad en general, lo que se traduce en respuestas intuitivas y\/o tendientes a la reducci\u00f3n de da\u00f1os, lo que opera con l\u00f3gicas que invisibilizan la real situaci\u00f3n de calle, y que en muchos casos incluyen tambi\u00e9n l\u00f3gicas excluyentes.<\/p>\n<p>Que, contin\u00faan siendo organizaciones de la sociedad civil, las que intentan cubrir los vac\u00edos que deja el Estado respecto esta cuesti\u00f3n social; pero \u201clas organizaciones solidarias, <strong>sin desearlo<\/strong>, perpet\u00faan la permanencia de personas en el espacio p\u00fablico, puesto que la asistencia directa no soluciona los problemas de fondo sino que sostiene y reproduce la emergencia.\u201d (La calle no es un lugar para vivir &#8211; H. Avila-G. Pallares)<\/p>\n<p>Que, para la\u00a0 Defensor\u00eda\u00a0 ha sido, y contin\u00faa siendo, objeto de preocupaci\u00f3n\u00a0 la situaci\u00f3n de las personas que habitan las calles de la ciudad, atendiendo permanentemente a ciudadanos, realizando coordinaciones institucionales, emitiendo Recomendaciones pronunci\u00e1ndose sobre el tema e instando al Gobierno de la Provincia y a la Municipalidad de Paran\u00e1, realicen un abordaje integral de esta cuesti\u00f3n social.<\/p>\n<p>Que, esta Defensor\u00eda se encuentra conformando una red junto a otras instituciones, organizaciones, que vienen, solidariamente, trabajando y cumpliendo una funci\u00f3n social, asistiendo a las personas que viven en la calle, constituyendo as\u00ed un espacio de discusi\u00f3n, an\u00e1lisis y redireccionamiento de los diferentes modos de abordaje, y tambi\u00e9n de colaboraci\u00f3n en la tarea cotidiana.<\/p>\n<p>Que, es imprescindible e inaplazable contar con la presencia real y activa del Estado, como garante\u00a0 de los derechos de las personas que se encuentran transitando por esta situaci\u00f3n de desamparo.<\/p>\n<p><strong>Por ello:<\/strong><\/p>\n<p><strong>\u00a0EL DEFENSOR DEL PUEBLO DE LA CIUDAD DE PARANA<\/strong><\/p>\n<p><strong>RECOMIENDA<\/strong><\/p>\n<p><strong>A LA SRA. PRESIDENTA MUNICIPAL<\/strong><\/p>\n<p>Art. 1\u00ba.- Reglamentar la Ordenanza N\u00ba 8932, que crea el Programa de Asistencia Integral para Personas en situaci\u00f3n de Calle.<\/p>\n<p>Art. 2\u00ba.- Arbitrar los medios necesarios para la inmediata implementaci\u00f3n de dicho Programa, considerando fundamentalmente la proximidad de la temporada invernal.<\/p>\n<p>Art. 3\u00ba.- Rem\u00edtase a la Sra. Presidenta Municipal. Comun\u00edquese. Fecho, ARCHIVAR.<\/p>\n<p>&nbsp;<\/p>\n<p>&nbsp;<\/p>\n<p>&nbsp;<\/p>\n","protected":false},"excerpt":{"rendered":"<p>Resoluci\u00f3n del 14\/04\/2015 con RECOMENDACI\u00d3N N\u00ba 2\/15 a la Sra. Presidenta Municipal de Paran\u00e1 \u00a0 Recomendaci\u00f3n para la puesta en funcionamiento del Programa de Asistencia Integral para Personas en Situaci\u00f3n de Calle \u00a0 VISTO: La vigencia de la Ordenanza N\u00ba 8932, promulgada en fecha 5 de diciembre de 2010, por la que se crea el [&hellip;]<\/p>\n","protected":false},"author":2,"featured_media":0,"comment_status":"closed","ping_status":"closed","sticky":false,"template":"","format":"standard","meta":{"om_disable_all_campaigns":false,"_monsterinsights_skip_tracking":false,"_monsterinsights_sitenote_active":false,"_monsterinsights_sitenote_note":"","_monsterinsights_sitenote_category":0},"categories":[31],"tags":[],"_links":{"self":[{"href":"https:\/\/defensoriaparana.com.ar\/index.php\/wp-json\/wp\/v2\/posts\/3875"}],"collection":[{"href":"https:\/\/defensoriaparana.com.ar\/index.php\/wp-json\/wp\/v2\/posts"}],"about":[{"href":"https:\/\/defensoriaparana.com.ar\/index.php\/wp-json\/wp\/v2\/types\/post"}],"author":[{"embeddable":true,"href":"https:\/\/defensoriaparana.com.ar\/index.php\/wp-json\/wp\/v2\/users\/2"}],"replies":[{"embeddable":true,"href":"https:\/\/defensoriaparana.com.ar\/index.php\/wp-json\/wp\/v2\/comments?post=3875"}],"version-history":[{"count":4,"href":"https:\/\/defensoriaparana.com.ar\/index.php\/wp-json\/wp\/v2\/posts\/3875\/revisions"}],"predecessor-version":[{"id":3993,"href":"https:\/\/defensoriaparana.com.ar\/index.php\/wp-json\/wp\/v2\/posts\/3875\/revisions\/3993"}],"wp:attachment":[{"href":"https:\/\/defensoriaparana.com.ar\/index.php\/wp-json\/wp\/v2\/media?parent=3875"}],"wp:term":[{"taxonomy":"category","embeddable":true,"href":"https:\/\/defensoriaparana.com.ar\/index.php\/wp-json\/wp\/v2\/categories?post=3875"},{"taxonomy":"post_tag","embeddable":true,"href":"https:\/\/defensoriaparana.com.ar\/index.php\/wp-json\/wp\/v2\/tags?post=3875"}],"curies":[{"name":"wp","href":"https:\/\/api.w.org\/{rel}","templated":true}]}}