{"id":3881,"date":"2023-01-10T12:14:59","date_gmt":"2023-01-10T12:14:59","guid":{"rendered":"http:\/\/defensoriaparana.com.ar\/?page_id=3881"},"modified":"2023-05-16T00:11:16","modified_gmt":"2023-05-16T00:11:16","slug":"medios-alternativos-de-solucion-de-conflictos-por-reclamos-que-se-enmarcan-en-la-responsabilidad-del-estado-publico-municipal-de-escasa-cuantia","status":"publish","type":"post","link":"https:\/\/defensoriaparana.com.ar\/index.php\/2023\/01\/10\/medios-alternativos-de-solucion-de-conflictos-por-reclamos-que-se-enmarcan-en-la-responsabilidad-del-estado-publico-municipal-de-escasa-cuantia\/","title":{"rendered":"(2016) Medios alternativos de soluci\u00f3n de conflictos por reclamos que se enmarcan en la responsabilidad del Estado Municipal"},"content":{"rendered":"<p>Resoluci\u00f3n del 15\/02\/2016 con RECOMENDACI\u00d3N N\u00ba 2\/16 al Sr. Presidente Municipal de la Ciudad de Paran\u00e1.<\/p>\n<h3><strong>Recomendaci\u00f3n en relaci\u00f3n a la generaci\u00f3n de un \u00e1mbito y\/o procedimiento para implementar medios alternativos de soluci\u00f3n de conflictos por reclamos que se enmarcan en la responsabilidad del Estado p\u00fablico municipal de escasa cuant\u00eda.<\/strong><\/h3>\n<p>PARANA, 15 de febrero de 2016.<\/p>\n<p>Sr. Presidente Municipal<\/p>\n<p>de la Ciudad de Paran\u00e1<\/p>\n<p>Don Sergio Fausto VARISCO:<\/p>\n<p>&nbsp;<\/p>\n<p>RESOLUCION CON RECOMENDACI\u00d3N N\u00ba 2<\/p>\n<p>VISTO:<\/p>\n<p>Los reclamos efectuados por ciudadanos de Paran\u00e1 en relaci\u00f3n a da\u00f1os que sufren en su patrimonio por los actos l\u00edcitos de los agentes municipales, o por el deterioro de la v\u00eda p\u00fablica y dem\u00e1s cosas de propiedad de la Municipalidad.<\/p>\n<p>Que la presente recomendaci\u00f3n encuadra los reclamos de menor cuant\u00eda, que no justifican el inicio de acciones legales por parte de los ciudadanos.<\/p>\n<p>La costumbre del ente municipal que ante los reclamos formulados sustancia actuaciones administrativas denegando las peticiones. (Cfr. derrotero seguido por los reclamos que se mencionan a continuaci\u00f3n).<\/p>\n<p>El reclamo formulado por el Sr. Hugo Vainstein, en relaci\u00f3n a la rotura de una rueda delantera de su veh\u00edculo el pasado 15\/01\/2016 en calle Feliciano en su intersecci\u00f3n con Monte Caseros de esta ciudad, por defectos en la v\u00eda p\u00fablica, que originara las actuaciones administrativas n\u00ba 636\/15 y que quedara registrado en el organismo a mi cargo bajo actuaci\u00f3n D.P. N\u00ba 025\/16.<\/p>\n<p>El reclamo sustanciado bajo actuaci\u00f3n n\u00ba 424\/15 formulado por el Sr. Juan Manuel P\u00e9rez por rotura de amortiguador y cubierta en el acceso al t\u00fanel subfluvial.<\/p>\n<p>Lo manifestado por esta Defensor\u00eda oportunamente en las actuaciones n\u00ba 399\/10.<\/p>\n<p>La ausencia de mecanismos o procedimientos id\u00f3neos para sustanciar dichos pedidos \u00e1gilmente y que los reclamos antes relacionados en ning\u00fan caso superan el m\u00ednimo garantizado para\u00a0 agentes p\u00fablicos municipales.<\/p>\n<p>La Ordenanza de creaci\u00f3n de la Defensor\u00eda del Pueblo N\u00b0 8391. Y<\/p>\n<p>Y CONSIDERANDO:<\/p>\n<p>La Defensor\u00eda del Pueblo tiene como funci\u00f3n la defensa, protecci\u00f3n y promoci\u00f3n de los derechos humanos y dem\u00e1s derechos, garant\u00edas e intereses individuales, colectivos y difusos de los habitantes de la ciudad de Paran\u00e1, frente a los actos, hechos y omisiones derivados del ejercicio de funciones administrativas por parte del Estado Municipal y sus agentes, organismos descentralizados, aut\u00e1rquicos, consorcios, cooperativas, entidades estatales y no estatales que desarrollen actividades p\u00fablicas, empresas prestatarias de servicios p\u00fablicos cualquiera sea su forma jur\u00eddica, como as\u00ed tambi\u00e9n los provenientes de toda persona f\u00edsica vinculada a esas funciones. (Cfr. Art. 3\u00ba de la Ord. 8391).<\/p>\n<p>El organismo a mi cargo cuenta con personal profesional avocados en la gesti\u00f3n permanente de los conflictos suscitados en los que resultan involucrados los ciudadanos paranaenses. Adem\u00e1s cuenta con el Centro de Mediaci\u00f3n.<\/p>\n<p>Que el funcionamiento de la Defensor\u00eda del Pueblo y los principios que alumbran a los medios alternativos de soluci\u00f3n de conflictos[1] nos facultan a recomendar que con dichos par\u00e1metros se habiliten mecanismos id\u00f3neos para los ciudadanos que se ven afectados por las actividades l\u00edcitas del ente municipal o de sus propias empleados, o por deficiencias del servicio, o por ser titular de derechos de propiedad (como el caso de la v\u00eda p\u00fablica y sus defectos que hoy nos ocupan), sobre todo cuando se trata de reclamos que por su cuant\u00eda no justifican accionar judicialmente por los costos que ello conlleva.<\/p>\n<p>Que existe profusa jurisprudencia sobre la responsabilidad de la Municipalidad cuando se producen da\u00f1os por falencias o defectos de las arterias y espacios p\u00fablicos. En efecto \u201cLa v\u00eda p\u00fablica en el supuesto caso de evidenciar un deficiente estado de conservaci\u00f3n, debe ser calificada como &#8220;cosa riesgosa&#8221;, operando, respecto de la Municipalidad demandada la presunci\u00f3n de responsabilidad emergente de lo normado en el art\u00edculo 1113 del C.C., segundo apartado\u201d. (Cfr. C\u00e1m. Segunda, Sala II, L.A. y S. 1995, in re &#8220;Ormaza de Paul c\/Municipalidad de Paran\u00e1&#8221;, 12\/9\/95).<\/p>\n<p>Que sin perjuicio de lo manifestado anteriormente, RECOMIENDO arbitrar mecanismos en el \u00e1mbito del Honorable Concejo Deliberante o del Ejecutivo Municipal para atender los reclamos que balizan la presente resoluci\u00f3n.<\/p>\n<p>Por todo ello,<\/p>\n<p>&nbsp;<\/p>\n<p>El DEFENSOR DEL PUEBLO DE LA CIUDAD DE PARANA<\/p>\n<p>RESUELVE:<\/p>\n<p>1.- RECOMENDAR AL PRESIDENTE MUNICIPAL DE LA CIUDAD DE PARANA la conformaci\u00f3n dentro del \u00e1mbito de la DEFENSORIA DEL PUEBLO u HONORABLE CONCEJO DELINERANTE de mecanismos alternativos para la soluci\u00f3n de conflictos en los que la Municipalidad de Paran\u00e1 resulta responsable en reclamos de escasa cuant\u00eda.<\/p>\n<p>2.- Rem\u00edtase al Sr. Presidente Municipal y a la Sra. Presidenta del Honorable Concejo Deliberante. Fecho, ARCHIVAR.<\/p>\n","protected":false},"excerpt":{"rendered":"<p>Resoluci\u00f3n del 15\/02\/2016 con RECOMENDACI\u00d3N N\u00ba 2\/16 al Sr. Presidente Municipal de la Ciudad de Paran\u00e1. Recomendaci\u00f3n en relaci\u00f3n a la generaci\u00f3n de un \u00e1mbito y\/o procedimiento para implementar medios alternativos de soluci\u00f3n de conflictos por reclamos que se enmarcan en la responsabilidad del Estado p\u00fablico municipal de escasa cuant\u00eda. PARANA, 15 de febrero de [&hellip;]<\/p>\n","protected":false},"author":2,"featured_media":0,"comment_status":"closed","ping_status":"closed","sticky":false,"template":"","format":"standard","meta":{"om_disable_all_campaigns":false,"_monsterinsights_skip_tracking":false,"_monsterinsights_sitenote_active":false,"_monsterinsights_sitenote_note":"","_monsterinsights_sitenote_category":0},"categories":[28],"tags":[],"_links":{"self":[{"href":"https:\/\/defensoriaparana.com.ar\/index.php\/wp-json\/wp\/v2\/posts\/3881"}],"collection":[{"href":"https:\/\/defensoriaparana.com.ar\/index.php\/wp-json\/wp\/v2\/posts"}],"about":[{"href":"https:\/\/defensoriaparana.com.ar\/index.php\/wp-json\/wp\/v2\/types\/post"}],"author":[{"embeddable":true,"href":"https:\/\/defensoriaparana.com.ar\/index.php\/wp-json\/wp\/v2\/users\/2"}],"replies":[{"embeddable":true,"href":"https:\/\/defensoriaparana.com.ar\/index.php\/wp-json\/wp\/v2\/comments?post=3881"}],"version-history":[{"count":3,"href":"https:\/\/defensoriaparana.com.ar\/index.php\/wp-json\/wp\/v2\/posts\/3881\/revisions"}],"predecessor-version":[{"id":3962,"href":"https:\/\/defensoriaparana.com.ar\/index.php\/wp-json\/wp\/v2\/posts\/3881\/revisions\/3962"}],"wp:attachment":[{"href":"https:\/\/defensoriaparana.com.ar\/index.php\/wp-json\/wp\/v2\/media?parent=3881"}],"wp:term":[{"taxonomy":"category","embeddable":true,"href":"https:\/\/defensoriaparana.com.ar\/index.php\/wp-json\/wp\/v2\/categories?post=3881"},{"taxonomy":"post_tag","embeddable":true,"href":"https:\/\/defensoriaparana.com.ar\/index.php\/wp-json\/wp\/v2\/tags?post=3881"}],"curies":[{"name":"wp","href":"https:\/\/api.w.org\/{rel}","templated":true}]}}