{"id":3920,"date":"2023-01-11T13:54:53","date_gmt":"2023-01-11T13:54:53","guid":{"rendered":"http:\/\/defensoriaparana.com.ar\/?page_id=3920"},"modified":"2023-05-16T00:09:59","modified_gmt":"2023-05-16T00:09:59","slug":"falta-de-condiciones-de-un-edificio-de-una-escuela","status":"publish","type":"post","link":"https:\/\/defensoriaparana.com.ar\/index.php\/2023\/01\/11\/falta-de-condiciones-de-un-edificio-de-una-escuela\/","title":{"rendered":"(2004) Falta de condiciones de un edificio de una escuela"},"content":{"rendered":"<p>RECOMENDACI\u00d3N DE LA DEFENSORIA DEL PUEBLO N\u00ba 14\/04<\/p>\n<p>&nbsp;<\/p>\n<p><strong>Ref. Act. N\u00ba 00451\/04.\u00a0\u00a0\u00a0\u00a0\u00a0\u00a0\u00a0\u00a0\u00a0\u00a0\u00a0\u00a0\u00a0\u00a0\u00a0\u00a0\u00a0\u00a0\u00a0\u00a0\u00a0\u00a0\u00a0\u00a0\u00a0\u00a0\u00a0\u00a0\u00a0\u00a0\u00a0\u00a0\u00a0\u00a0\u00a0\u00a0\u00a0\u00a0\u00a0\u00a0\u00a0\u00a0\u00a0\u00a0\u00a0\u00a0 <\/strong><\/p>\n<p>&nbsp;<\/p>\n<p><strong>VISTO,<\/strong><\/p>\n<p>La presentaci\u00f3n, ante esta Defensor\u00eda, por el Centro de Estudiantes de la Escuela N\u00ba 91 <em>Baxada del Paran\u00e1<\/em> de Bajada Grande, por las condiciones \u201cdeplorables\u201d del edificio donde funciona la escuela,<\/p>\n<p>&nbsp;<\/p>\n<p><strong>Y CONSIDERANDO:<\/strong><\/p>\n<p>&nbsp;<\/p>\n<p>Que esta Defensor\u00eda vela por la vigencia plena de los derechos de los ciudadanos de Paran\u00e1;<\/p>\n<p>&nbsp;<\/p>\n<p>Que es inadmisible que la escuela funcione en un galp\u00f3n que no ha sido acondicionado para cumplir con su objetivo: \u00a0la educaci\u00f3n de los j\u00f3venes;<\/p>\n<p>&nbsp;<\/p>\n<p>Que a 16 a\u00f1os de funcionamiento de la escuela la misma carece de instalaci\u00f3n sanitaria adecuada,\u00a0 NO POSEE LAVATORIOS, ni pisos, ni iluminaci\u00f3n adecuada,<\/p>\n<p>&nbsp;<\/p>\n<p>Que por los techos del establecimiento se filtra agua, y la misma corre por los ca\u00f1os de\u00a0 luz, lo cual constituye un grave peligro para la seguridad de los alumnos, de los profesores, del personal y de toda la comunidad ;<\/p>\n<p>&nbsp;<\/p>\n<p>Que las aulas presentan un deterioro que no se condice con el \u00e1mbito adecuado para ejercer el Derecho a la Educaci\u00f3n;<\/p>\n<p>&nbsp;<\/p>\n<p>Que enfrente de la escuela se encuentra, en estado de abandono, un galp\u00f3n utilizado como dep\u00f3sito por el Ministerio de Acci\u00f3n Social, incendiado el a\u00f1o pasado y que todav\u00eda despide olores nauseabundos de la mercader\u00eda quemada; de all\u00ed salen ratas que circulan por toda la escuela, sobre los bancos, sillas y mesas.<\/p>\n<p>&nbsp;<\/p>\n<p>Que esta situaci\u00f3n compromete la salud de la poblaci\u00f3n escolar y de sus familias;<\/p>\n<p>&nbsp;<\/p>\n<p>Que el ejercicio del derecho a la educaci\u00f3n no puede convertirse en <em>el lugar donde se vulneran otros; <\/em><\/p>\n<p>&nbsp;<\/p>\n<p>Que el ejercicio pleno de este derecho no se agota en el hecho burocr\u00e1tico de la mera creaci\u00f3n de un establecimiento educativo, siendo esto apenas el acto declarativo inicial;<\/p>\n<p>&nbsp;<\/p>\n<p>Que la decisi\u00f3n de crear una nueva escuela no es raz\u00f3n suficiente para no atender los justos reclamos de los alumnos, docentes, padres y la comunidad de Bajada Grande;<\/p>\n<p>&nbsp;<\/p>\n<p>Que una educaci\u00f3n que tiende a formar ciudadanos, debe estar atenta a la importancia\u00a0 de los modos de socialidad que se juegan en la escuela, como dice la met\u00e1fora \u201cpara los chicos la escuela no es el mundo pero lo representa\u201d<\/p>\n<p>&nbsp;<\/p>\n<p>Que el trabajo pedag\u00f3gico, no puede reproducir las condiciones sociales, culturales y existenciales , el desaf\u00edo es\u00a0 habilitar nuevas oportunidades;<\/p>\n<p>&nbsp;<\/p>\n<p>Que los circuitos diferenciados, provocan segmentaci\u00f3n del sistema educativo, reproduciendo las desigualdades;<\/p>\n<p>&nbsp;<\/p>\n<p>Que sostener la confianza en las instituciones, en la justicia, en la igualdad, en un \u00e1mbito injusto y desigual, impide la vivencia y el conocimiento de lo que es justo, injusto ,igual desigual, y en el valor de la Ley;<\/p>\n<p>&nbsp;<\/p>\n<p>Que es responsabilidad del Estado garantizar el derecho a la Educaci\u00f3n;<\/p>\n<p>&nbsp;<\/p>\n<p>Que en el art.2 de la Ley N\u00ba 9.330 \u00bede Educaci\u00f3n de la Provincia de Entre R\u00edos\u00be en su \u00faltimo p\u00e1rrafo establece la responsabilidad del Estado Provincial, a trav\u00e9s del Consejo de Educaci\u00f3n, de \u201cproveer los servicios educativos gratuitos correspondientes, asegurando el libre acceso, permanencia y egreso en Igualdad de condiciones y posibilidades\u201d;<\/p>\n<p>&nbsp;<\/p>\n<p>Que la mencionada Ley,\u00a0 en su Cap\u00edtulo 4\u00ba: <em>De los Alumnos<\/em>, Art. 96, punto 6 establece que \u201cTodos los alumnos del Sistema Educativo Entrerriano, conforme a la Constituci\u00f3n Provincial y a la presente Ley, tendr\u00e1n derecho a: Desarrollar sus aprendizajes en edificios que respondan a normas de seguridad y salubridad\u201d;<\/p>\n<p><strong>\u00a0<\/strong><\/p>\n<p>Que ninguna raz\u00f3n econ\u00f3mica puede anteponerse a leg\u00edtimos derechos consagrados en la Constituci\u00f3n Nacional, en las Leyes vigentes y en la adhesi\u00f3n a los Tratados Internacionales, incorporados en oportunidad de la Reforma Constitucional de 1994;<\/p>\n<p>&nbsp;<\/p>\n<p>&nbsp;<\/p>\n<p>Por todo lo expuesto, la Defensora Adjunta de la Municipalidad de Paran\u00e1<\/p>\n<p>&nbsp;<\/p>\n<p>&nbsp;<\/p>\n<p><strong>RECOMIENDA:<\/strong><\/p>\n<p>&nbsp;<\/p>\n<ul>\n<li>Arbitrar los medios para que, en un plazo perentorio, se solucione la situaci\u00f3n del Establecimiento Educativo N\u00ba 91, <em>Baxada del Paran\u00e1<\/em>, conservando el normal desarrollo de las clases.<\/li>\n<\/ul>\n<p>&nbsp;<\/p>\n<ul>\n<li>Limpiar el galp\u00f3n que se encuentra al costado de la escuela, acondicionando el mismo a fin de evitar la presencia de roedores, y otros animales, insectos etc. que hoy conviven con la comunidad educativa.<\/li>\n<\/ul>\n<p>&nbsp;<\/p>\n<p>&nbsp;<\/p>\n<ul>\n<li>Enviar la presente :<\/li>\n<\/ul>\n<p>&nbsp;<\/p>\n<ul>\n<li>Al Ministro de Gobierno Justicia y Educaci\u00f3n.<\/li>\n<li>Al Presidente del Consejo General de Educaci\u00f3n y Vocales.<\/li>\n<li>Al Centro de Estudiantes de la Escuela N\u00ba 91.<\/li>\n<li>Al Personal Directivo y Docentes de la Escuela N\u00ba 91.<\/li>\n<li>A la Sra. Supervisora, Amelia Abasto.<\/li>\n<\/ul>\n<p>&nbsp;<\/p>\n<p>&nbsp;<\/p>\n<ul>\n<li>Registrar, comunicar y, oportunamente, archivar.<\/li>\n<\/ul>\n","protected":false},"excerpt":{"rendered":"<p>RECOMENDACI\u00d3N DE LA DEFENSORIA DEL PUEBLO N\u00ba 14\/04 &nbsp; Ref. Act. N\u00ba 00451\/04.\u00a0\u00a0\u00a0\u00a0\u00a0\u00a0\u00a0\u00a0\u00a0\u00a0\u00a0\u00a0\u00a0\u00a0\u00a0\u00a0\u00a0\u00a0\u00a0\u00a0\u00a0\u00a0\u00a0\u00a0\u00a0\u00a0\u00a0\u00a0\u00a0\u00a0\u00a0\u00a0\u00a0\u00a0\u00a0\u00a0\u00a0\u00a0\u00a0\u00a0\u00a0\u00a0\u00a0\u00a0\u00a0\u00a0 &nbsp; VISTO, La presentaci\u00f3n, ante esta Defensor\u00eda, por el Centro de Estudiantes de la Escuela N\u00ba 91 Baxada del Paran\u00e1 de Bajada Grande, por las condiciones \u201cdeplorables\u201d del edificio donde funciona la escuela, &nbsp; Y CONSIDERANDO: &nbsp; Que esta Defensor\u00eda vela por [&hellip;]<\/p>\n","protected":false},"author":2,"featured_media":0,"comment_status":"closed","ping_status":"closed","sticky":false,"template":"","format":"standard","meta":{"om_disable_all_campaigns":false,"_monsterinsights_skip_tracking":false,"_monsterinsights_sitenote_active":false,"_monsterinsights_sitenote_note":"","_monsterinsights_sitenote_category":0},"categories":[23],"tags":[],"_links":{"self":[{"href":"https:\/\/defensoriaparana.com.ar\/index.php\/wp-json\/wp\/v2\/posts\/3920"}],"collection":[{"href":"https:\/\/defensoriaparana.com.ar\/index.php\/wp-json\/wp\/v2\/posts"}],"about":[{"href":"https:\/\/defensoriaparana.com.ar\/index.php\/wp-json\/wp\/v2\/types\/post"}],"author":[{"embeddable":true,"href":"https:\/\/defensoriaparana.com.ar\/index.php\/wp-json\/wp\/v2\/users\/2"}],"replies":[{"embeddable":true,"href":"https:\/\/defensoriaparana.com.ar\/index.php\/wp-json\/wp\/v2\/comments?post=3920"}],"version-history":[{"count":2,"href":"https:\/\/defensoriaparana.com.ar\/index.php\/wp-json\/wp\/v2\/posts\/3920\/revisions"}],"predecessor-version":[{"id":3967,"href":"https:\/\/defensoriaparana.com.ar\/index.php\/wp-json\/wp\/v2\/posts\/3920\/revisions\/3967"}],"wp:attachment":[{"href":"https:\/\/defensoriaparana.com.ar\/index.php\/wp-json\/wp\/v2\/media?parent=3920"}],"wp:term":[{"taxonomy":"category","embeddable":true,"href":"https:\/\/defensoriaparana.com.ar\/index.php\/wp-json\/wp\/v2\/categories?post=3920"},{"taxonomy":"post_tag","embeddable":true,"href":"https:\/\/defensoriaparana.com.ar\/index.php\/wp-json\/wp\/v2\/tags?post=3920"}],"curies":[{"name":"wp","href":"https:\/\/api.w.org\/{rel}","templated":true}]}}