{"id":4033,"date":"2022-07-08T12:16:50","date_gmt":"2022-07-08T12:16:50","guid":{"rendered":"http:\/\/defensoriaparana.com.ar\/?page_id=4033"},"modified":"2025-02-11T16:25:26","modified_gmt":"2025-02-11T16:25:26","slug":"2022-perspectiva-de-los-derechos-de-las-personas-mayores-en-acciones-y-proyectos-del-estado","status":"publish","type":"post","link":"https:\/\/defensoriaparana.com.ar\/index.php\/2022\/07\/08\/2022-perspectiva-de-los-derechos-de-las-personas-mayores-en-acciones-y-proyectos-del-estado\/","title":{"rendered":"(2022) Perspectiva de los derechos de las personas mayores en acciones y proyectos del Estado"},"content":{"rendered":"<p>Paran\u00e1, 8 de Julio 2022<\/p>\n<p>Recomendaci\u00f3n N\u00b01\/2022<br \/>\nRecomendaci\u00f3n en relaci\u00f3n a los Derechos Humanos de las Personas Mayores y la<br \/>\nCultura del Buen Trato<\/p>\n<p>Ref. Actuaci\u00f3n 224\/22 y 703\/22.<\/p>\n<p>VISTO:<br \/>\nQue la Asamblea General de las Naciones Unidas design\u00f3 el 15 de Junio como<br \/>\nel D\u00eda Mundial de Toma de Conciencia de Abuso y Maltrato en la Vejez.<br \/>\nQue Argentina adhiri\u00f3, mediante la Ley 27.360, a la Convenci\u00f3n Interamericana<br \/>\nde Derechos de Personas Mayores.<br \/>\nQue el Censo Nacional de Poblaci\u00f3n de Argentina de 2010 da cuenta del<br \/>\naumento de la poblaci\u00f3n personas mayores.<br \/>\nQue en el a\u00f1o 2012 se llev\u00f3 a cabo la Encuesta Nacional sobre Calidad de Vida<br \/>\nde Adultos Mayores.<br \/>\nQue en el orden local existen Ordenanzas como la N\u00b0 8871 de\u201d Prioridad y<br \/>\npreferencia de atenci\u00f3n en oficinas p\u00fablicas a embarazadas, personas con<br \/>\ndiscapacidad, pacientes oncol\u00f3gicos y adultos mayores de 70 a\u00f1os\u201d, y la 9404 que<br \/>\nestablece la prioridad y exclusividad en cajas de supermercados y comercios a personas<br \/>\nmayores de 70 a\u00f1os.<br \/>\nQue en esta Defensor\u00eda se tramitan las actuaciones No 224\/22 y 703\/22,<br \/>\nvinculadas a la falta de cultura del buen trato a personas mayores.<br \/>\nY CONSIDERANDO:<br \/>\nEstamos CONVENCIDAS de la necesidad de tener instrumentos y pol\u00edticas<br \/>\ncomprometidas con los derechos humanos de las personas mayores, que fomenten un<br \/>\nenvejecimiento activo y saludable en todos los \u00e1mbitos;<br \/>\nAsimismo, consideramos la importancia de reafirmar el valor de la solidaridad y<br \/>\ncomplementariedad de la cooperaci\u00f3n de todos los organismos para promover los<br \/>\nderechos humanos y las libertades fundamentales de la persona mayor;<br \/>\nRespaldamos y promocionamos activamente la incorporaci\u00f3n de la perspectiva de<br \/>\ng\u00e9nero en todas las pol\u00edticas y programas dirigidos a hacer efectivos los derechos de la<br \/>\npersona mayor, destacando la necesidad de eliminar toda forma de discriminaci\u00f3n;<br \/>\nEs de primordial importancia que se impulse y facilite la formulaci\u00f3n y el cumplimiento<br \/>\nde leyes y programas de prevenci\u00f3n de abuso, abandono, negligencia, maltrato y<\/p>\n<p>violencia contra la persona mayor, y la necesidad de contar con mecanismos nacionales,<br \/>\nprovinciales y municipales que protejan sus derechos humanos y libertades<br \/>\nfundamentales;<br \/>\nY, como lo menciona la Convenci\u00f3n Interamericana rese\u00f1ada, es necesario recordar y<br \/>\naprehender los conceptos y definiciones all\u00ed vertidos a saber:<br \/>\n\u201cAbandono: es la falta de acci\u00f3n deliberada o no para atender de manera integral las<br \/>\nnecesidades de una persona mayor que ponga en peligro su vida o su integridad f\u00edsica,<br \/>\nps\u00edquica o moral.<br \/>\nDiscriminaci\u00f3n: Cualquier distinci\u00f3n, exclusi\u00f3n, restricci\u00f3n que tenga como objetivo o<br \/>\nefecto anular o restringir el reconocimiento, goce o ejercicio en igualdad de condiciones<br \/>\nde los derechos humanos y las libertades fundamentales en la esfera pol\u00edtica,<br \/>\necon\u00f3mica, social, cultural o en cualquier otra esfera de la vida p\u00fablica y privada.<br \/>\nDiscriminaci\u00f3n m\u00faltiple: Cualquier distinci\u00f3n, exclusi\u00f3n o restricci\u00f3n hacia la persona<br \/>\nmayor fundada en dos o m\u00e1s factores de discriminaci\u00f3n.<br \/>\nDiscriminaci\u00f3n por edad en la vejez: Cualquier distinci\u00f3n, exclusi\u00f3n o restricci\u00f3n<br \/>\nbasada en la edad que tenga como objetivo o efecto anular o restringir el<br \/>\nreconocimiento, goce o ejercicio en igualdad de condiciones de los derechos humanos<br \/>\ny libertades fundamentales en la esfera pol\u00edtica, econ\u00f3mica, social, cultural o en<br \/>\ncualquier otra esfera de la vida p\u00fablica y privada.<br \/>\nEnvejecimiento: Proceso gradual que se desarrolla durante el curso de vida y que<br \/>\nconlleva cambios biol\u00f3gicos, fisiol\u00f3gicos, psico-sociales y funcionales de variadas<br \/>\nconsecuencias, las cuales se asocian con interacciones din\u00e1micas y permanentes entre<br \/>\nel sujeto y su medio.<br \/>\nEnvejecimiento activo y saludable: Proceso por el cual se optimizan las oportunidades<br \/>\nde bienestar f\u00edsico, mental y social, de participar en actividades sociales, econ\u00f3micas,<br \/>\nculturales, espirituales y c\u00edvicas, y de contar con protecci\u00f3n, seguridad y atenci\u00f3n, con<br \/>\nel objetivo de ampliar la esperanza de vida saludable y la calidad de vida de todos los<br \/>\nindividuos en la vejez, y permitirles as\u00ed seguir contribuyendo activamente a sus familias,<br \/>\namigos y comunidades y naciones. El concepto de envejecimiento activo y saludable se<br \/>\naplica tanto a individuos o grupos de poblaci\u00f3n.<br \/>\nMaltrato: Acci\u00f3n u omisi\u00f3n, \u00fanica o repetida, contra una persona mayor que produce<br \/>\nda\u00f1o a su integridad f\u00edsica, ps\u00edquica y moral y vulnera el goce o ejercicio de sus derechos<br \/>\nhumanos y libertades fundamentales, independientemente de que ocurra en una<br \/>\nrelaci\u00f3n de confianza.<br \/>\nNegligencia: Error involuntario o falta no deliberada, incluido entre otros, el descuido,<br \/>\nomisi\u00f3n, desamparo e indefensi\u00f3n que le causa da\u00f1o o sufrimiento a una persona<br \/>\nmayor, tanto en el \u00e1mbito p\u00fablico como privado, cuando no se hayan tomado las<br \/>\nprecauciones normales necesarias de conformidad con las circunstancias.<br \/>\nPersona mayor: Aquella de 60 a\u00f1os o m\u00e1s, salvo que la ley interna determine una edad<br \/>\nbase menor o mayor, siempre que esta no sea superior a los 65 a\u00f1os. Este concepto<br \/>\nincluye, entre otros el de persona adulta mayor.<br \/>\nVejez: Construcci\u00f3n social de la \u00faltima etapa del curso de la vida.\u201d<br \/>\nLa Defensor\u00eda del Pueblo, en coordinaci\u00f3n con el Departamento de Personas Mayores<br \/>\nde la Facultad de Ciencias de la Vida y la Salud de la Universidad Aut\u00f3noma de Entre<br \/>\nR\u00edos, organiz\u00f3 un ciclo de charlas destinado al personal de la Municipalidad de Paran\u00e1<br \/>\nsobre el buen trato a las personas mayores. El objetivo de la charla fue ahondar en<\/p>\n<p>conceptos de vejez y envejecimiento con la premisa de promover la \u201ccultura del buen<br \/>\ntrato\u201d desde una perspectiva de derechos. El ciclo se inici\u00f3 en abril de 2022.<br \/>\nEn ese sentido, se reconoce la tarea que realiza la Municipalidad de Paran\u00e1 en pos de<br \/>\nmejorar sus servicios a los ciudadanos. Por ejemplo, se puso en funcionamiento una<br \/>\noficina de atenci\u00f3n a aquellos vecinos que tengan dificultades para acceder a los<br \/>\nservicios propuestos en la p\u00e1gina web Mi Paran\u00e1.<\/p>\n<p>Por todo ello,<br \/>\nLA DEFENSORA DE DERECHOS DE PERSONAS MAYORES DE DEFENSOR\u00cdA DEL<br \/>\nPUEBLO DE LA CIUDAD DE PARAN\u00c1<br \/>\nRESUELVE:<\/p>\n<p>1.- Recomendar al Presidente municipal de la ciudad de Paran\u00e1 que cada proyecto de<br \/>\nobra y de inter\u00e9s ciudadano que se encare y cada acci\u00f3n que emprenda el Estado,<br \/>\ncontengan la perspectiva de los derechos de las personas mayores.<br \/>\nPara ello, se insta al Ejecutivo a que empodere, ampl\u00ede y\/o genere nuevos espacios de<br \/>\nparticipaci\u00f3n ciudadana con acciones y gestiones de coordinaci\u00f3n entre los sectores<br \/>\np\u00fablico y privado, la sociedad civil y otros actores que garanticen la voz y los derechos<br \/>\nhumanos de las personas mayores.<br \/>\n2.- Recomendar al Departamento Ejecutivo Municipal (DEM) que arbitre los medios para<br \/>\nque en cada una de las dependencias del municipio se cumpla con lo establecido en la<br \/>\nordenanza N\u00b0 8871 de\u201d Prioridad y preferencia de atenci\u00f3n en oficinas p\u00fablicas a<br \/>\nembarazadas, personas con discapacidad, pacientes oncol\u00f3gicos y adultos mayores de<br \/>\n70 a\u00f1os\u201d<br \/>\n3.- Recomendar al Honorable Concejo Deliberante (HCD) que cada una de las<br \/>\nordenanzas, resoluciones y decretos, sean elaborados teniendo en cuenta la<br \/>\nperspectiva de los derechos para las personas mayores. De ser necesario, que se<br \/>\ninstruya la modificaci\u00f3n de normativas anteriores, atendiendo a los nuevos paradigmas<br \/>\nde los derechos y buen trato.<br \/>\nRem\u00edtase y comun\u00edquese a las partes involucradas.<\/p>\n","protected":false},"excerpt":{"rendered":"<p>Paran\u00e1, 8 de Julio 2022 Recomendaci\u00f3n N\u00b01\/2022 Recomendaci\u00f3n en relaci\u00f3n a los Derechos Humanos de las Personas Mayores y la Cultura del Buen Trato Ref. Actuaci\u00f3n 224\/22 y 703\/22. VISTO: Que la Asamblea General de las Naciones Unidas design\u00f3 el 15 de Junio como el D\u00eda Mundial de Toma de Conciencia de Abuso y Maltrato [&hellip;]<\/p>\n","protected":false},"author":2,"featured_media":0,"comment_status":"closed","ping_status":"closed","sticky":false,"template":"","format":"standard","meta":{"om_disable_all_campaigns":false,"_monsterinsights_skip_tracking":false,"_monsterinsights_sitenote_active":false,"_monsterinsights_sitenote_note":"","_monsterinsights_sitenote_category":0},"categories":[24],"tags":[],"_links":{"self":[{"href":"https:\/\/defensoriaparana.com.ar\/index.php\/wp-json\/wp\/v2\/posts\/4033"}],"collection":[{"href":"https:\/\/defensoriaparana.com.ar\/index.php\/wp-json\/wp\/v2\/posts"}],"about":[{"href":"https:\/\/defensoriaparana.com.ar\/index.php\/wp-json\/wp\/v2\/types\/post"}],"author":[{"embeddable":true,"href":"https:\/\/defensoriaparana.com.ar\/index.php\/wp-json\/wp\/v2\/users\/2"}],"replies":[{"embeddable":true,"href":"https:\/\/defensoriaparana.com.ar\/index.php\/wp-json\/wp\/v2\/comments?post=4033"}],"version-history":[{"count":1,"href":"https:\/\/defensoriaparana.com.ar\/index.php\/wp-json\/wp\/v2\/posts\/4033\/revisions"}],"predecessor-version":[{"id":4034,"href":"https:\/\/defensoriaparana.com.ar\/index.php\/wp-json\/wp\/v2\/posts\/4033\/revisions\/4034"}],"wp:attachment":[{"href":"https:\/\/defensoriaparana.com.ar\/index.php\/wp-json\/wp\/v2\/media?parent=4033"}],"wp:term":[{"taxonomy":"category","embeddable":true,"href":"https:\/\/defensoriaparana.com.ar\/index.php\/wp-json\/wp\/v2\/categories?post=4033"},{"taxonomy":"post_tag","embeddable":true,"href":"https:\/\/defensoriaparana.com.ar\/index.php\/wp-json\/wp\/v2\/tags?post=4033"}],"curies":[{"name":"wp","href":"https:\/\/api.w.org\/{rel}","templated":true}]}}