{"id":4494,"date":"2023-02-06T16:06:31","date_gmt":"2023-02-06T16:06:31","guid":{"rendered":"http:\/\/defensoriaparana.com.ar\/?page_id=4494"},"modified":"2023-05-16T00:06:22","modified_gmt":"2023-05-16T00:06:22","slug":"2014-exigencia-a-vecinalistas-de-tramitar-el-certificado-de-buena-conducta","status":"publish","type":"post","link":"https:\/\/defensoriaparana.com.ar\/index.php\/2023\/02\/06\/2014-exigencia-a-vecinalistas-de-tramitar-el-certificado-de-buena-conducta\/","title":{"rendered":"(2014) Exigencia a vecinalistas de tramitar el Certificado de Buena Conducta"},"content":{"rendered":"<p><strong>Resoluci\u00f3n del 08\/09\/2014 con RECOMENDACI\u00d3N N\u00ba 2\/14 a la Sra. Presidenta Municipal de la Ciudad de Paran\u00e1<\/strong><\/p>\n<p><u>Recomendaci\u00f3n en relaci\u00f3n a la exigencia a vecinalistas de tramitar el \u201cCertificado de Buena Conducta\u201d ante la Polic\u00eda de la Provincia de Entre R\u00edos.<\/u><\/p>\n<p>PARAN\u00c1, 9 de septiembre de 2014.<br \/>\nRef. Actuaci\u00f3n 708\/14.<br \/>\nSra. Presidente Municipal<br \/>\nde la Ciudad de Paran\u00e1<br \/>\nProfesora Blanca OSUNA<\/p>\n<p>RESOLUCI\u00d3N CON RECOMENDACI\u00d3N N\u00ba 2<\/p>\n<p>VISTO:<br \/>\nEl reclamo formulado por autoridades de una Comisi\u00f3n Vecinal\u00a0\u00a0\u201cpor obst\u00e1culos que impone el municipio para la asunci\u00f3n de nuevas autoridades (Cfr. 1er. p\u00e1rrafo de la actuaci\u00f3n supra referenciada).<br \/>\nEl diferente criterio utilizado para el cumplimiento de las exigencias por parte de la Direcci\u00f3n de Comisiones Vecinales de la Municipalidad de la Ciudad de Paran\u00e1, seg\u00fan advierten los vecinos. (Cfr. 2do. p\u00e1rrafo).<\/p>\n<p>Y CONSIDERANDO:<br \/>\nLa Ordenanza N\u00ba 8311 establece el marco normativo aplicable a las Comunidades Vecinales. El t\u00edtulo VI regula lo atinente a la elecci\u00f3n de las autoridades.<br \/>\nEl art\u00edculo 26 de la ordenanza citada establece los requisitos para ser miembros de la Comisi\u00f3n Directiva. En su \u00faltimo p\u00e1rrafo reza: \u201cAdem\u00e1s deber\u00e1 presentar certificado de buena conducta.\u201d<br \/>\nDicho certificado es emitido por la Polic\u00eda de la Provincia de Entre R\u00edos a trav\u00e9s de la Divisi\u00f3n Antecedentes Personales. Y el interrogante que surge en el marco de esta actuaci\u00f3n es sobre el sentido actual de mantener, a m\u00e1s de tres d\u00e9cadas de democracia, una exigencia que lo \u00fanico que \u201cpersigue\u201d es mantener un legajo o prontuario actualizado en manos de la instituci\u00f3n policial.<br \/>\nLa medida respond\u00eda, en otras \u00e9pocas, a un sistema donde el control e identificaci\u00f3n de los ciudadanos resultaba \u201cimprescindible\u201d para poder digitar la vida de una gran cantidad de la poblaci\u00f3n.<br \/>\nLa discusi\u00f3n sobre la conveniencia de dicha documentaci\u00f3n resulta \u00edntimamente vinculada con las facultades \u2013en estos tiempos muy cuestionadas- de la polic\u00eda, relacionadas a su intervenci\u00f3n por faltas o contravenciones que originan el registro en estas bases de datos \u2013 prontuarios.<br \/>\nDem\u00e1s est\u00e1 se\u00f1alar que quien accede al cargo de Presidente de una Comisi\u00f3n Vecinal lo hace luego de transcurrir un proceso eleccionario democr\u00e1tico, con intervenci\u00f3n y supervisi\u00f3n de entes oficiales.<br \/>\nA pesar de la vigencia formal de la norma en el \u00e1mbito municipal, no estar\u00eda\u00a0\u00a0exenta de errores e inexactitudes como todo plexo normativo, en vista de que debe respetar un ordenamiento legal superior del cual forma parte.<br \/>\nEs por ello que me permito se\u00f1alar las graves lesiones a la persona y a la honra que el aludido precepto normativo provoca, por ser contrario al esp\u00edritu que inviste al plexo normativo constitucional vigente en nuestro pa\u00eds.<br \/>\nEn el mismo sentido cuadra se\u00f1alar que dicho requisito resulta discriminatorio, pues refiere a un mero requisito administrativo -de car\u00e1cter policial-, exigencia que no la encontramos para otros cargos o empleos. En efecto, y a modo de ejemplo, para acceder a un cargo legislativo, como cualquier otro electivo no se requiere tama\u00f1a exigencia.<br \/>\nDicha certificaci\u00f3n es una traba burocr\u00e1tica y se erige como un claro designio del per\u00edodo m\u00e1s nefasto que la historia argentina recuerde y registre, propio de una cultura autoritaria que por la fuerza se impuso en nuestro pa\u00eds por sobre las instituciones republicanas, las cuales fueron avasalladas conculc\u00e1ndose los derechos y garant\u00edas individuales que nos amparan por la sencilla raz\u00f3n de ser persona.<br \/>\nAdem\u00e1s, genera la estigmatizaci\u00f3n de la persona que no lo posee, en clara violaci\u00f3n al principio constitucional de igualdad ante la ley.<br \/>\nEn virtud de lo expuesto, la interpretaci\u00f3n de las normas \u2013vigentes- debe adecuarse a los principios que iluminan las garant\u00edas y derechos del presente siglo XXI, no pudiendo exigirse v\u00e1lidamente un certificado, como en el caso de marras, relacionado a antecedentes policiales.<\/p>\n<p>Por todo ello;<\/p>\n<p>El DEFENSOR DEL PUEBLO DE LA CIUDAD DE PARAN\u00c1<br \/>\nRESUELVE:<br \/>\n1.- RECOMENDAR A LA PRESIDENTA MUNICIPAL DE LA CIUDAD DE PARAN\u00c1 instruya a la Direcci\u00f3n de Comunidades Vecinales obvie la exigencia de presentaci\u00f3n del \u201cCertificado de Buena Conducta\u201d.<br \/>\n2.- RECOMENDAR a los Sres. Concejales modificar la normativa mencionada derogando la exigencia prevista en el 2do. p\u00e1rrafo in fine del art. 26 de la Ordenanza 8311.<br \/>\n3.- Rem\u00edtase a la Sra. Presidenta Municipal y Presidentes de Bloque del Honorable Concejo Deliberante de la Ciudad de Paran\u00e1.<br \/>\n4.- Comun\u00edquese a las partes involucradas. Fecho, ARCHIVAR.<\/p>\n","protected":false},"excerpt":{"rendered":"<p>Resoluci\u00f3n del 08\/09\/2014 con RECOMENDACI\u00d3N N\u00ba 2\/14 a la Sra. Presidenta Municipal de la Ciudad de Paran\u00e1 Recomendaci\u00f3n en relaci\u00f3n a la exigencia a vecinalistas de tramitar el \u201cCertificado de Buena Conducta\u201d ante la Polic\u00eda de la Provincia de Entre R\u00edos. PARAN\u00c1, 9 de septiembre de 2014. Ref. Actuaci\u00f3n 708\/14. Sra. Presidente Municipal de la [&hellip;]<\/p>\n","protected":false},"author":2,"featured_media":0,"comment_status":"closed","ping_status":"closed","sticky":false,"template":"","format":"standard","meta":{"om_disable_all_campaigns":false,"_monsterinsights_skip_tracking":false,"_monsterinsights_sitenote_active":false,"_monsterinsights_sitenote_note":"","_monsterinsights_sitenote_category":0},"categories":[16],"tags":[],"_links":{"self":[{"href":"https:\/\/defensoriaparana.com.ar\/index.php\/wp-json\/wp\/v2\/posts\/4494"}],"collection":[{"href":"https:\/\/defensoriaparana.com.ar\/index.php\/wp-json\/wp\/v2\/posts"}],"about":[{"href":"https:\/\/defensoriaparana.com.ar\/index.php\/wp-json\/wp\/v2\/types\/post"}],"author":[{"embeddable":true,"href":"https:\/\/defensoriaparana.com.ar\/index.php\/wp-json\/wp\/v2\/users\/2"}],"replies":[{"embeddable":true,"href":"https:\/\/defensoriaparana.com.ar\/index.php\/wp-json\/wp\/v2\/comments?post=4494"}],"version-history":[{"count":1,"href":"https:\/\/defensoriaparana.com.ar\/index.php\/wp-json\/wp\/v2\/posts\/4494\/revisions"}],"predecessor-version":[{"id":4495,"href":"https:\/\/defensoriaparana.com.ar\/index.php\/wp-json\/wp\/v2\/posts\/4494\/revisions\/4495"}],"wp:attachment":[{"href":"https:\/\/defensoriaparana.com.ar\/index.php\/wp-json\/wp\/v2\/media?parent=4494"}],"wp:term":[{"taxonomy":"category","embeddable":true,"href":"https:\/\/defensoriaparana.com.ar\/index.php\/wp-json\/wp\/v2\/categories?post=4494"},{"taxonomy":"post_tag","embeddable":true,"href":"https:\/\/defensoriaparana.com.ar\/index.php\/wp-json\/wp\/v2\/tags?post=4494"}],"curies":[{"name":"wp","href":"https:\/\/api.w.org\/{rel}","templated":true}]}}