{"id":4496,"date":"2023-02-06T16:08:46","date_gmt":"2023-02-06T16:08:46","guid":{"rendered":"http:\/\/defensoriaparana.com.ar\/?page_id=4496"},"modified":"2023-05-16T00:06:18","modified_gmt":"2023-05-16T00:06:18","slug":"2013-colectivo-urbano-pedido-de-ampliacion-de-la-mesa-de-transporte","status":"publish","type":"post","link":"https:\/\/defensoriaparana.com.ar\/index.php\/2023\/02\/06\/2013-colectivo-urbano-pedido-de-ampliacion-de-la-mesa-de-transporte\/","title":{"rendered":"(2013) Colectivo urbano: pedido de ampliaci\u00f3n de la mesa de transporte"},"content":{"rendered":"<p><strong>Resoluci\u00f3n del 21\/11\/2013 con RECOMENDACI\u00d3N N\u00ba 4\/13 a la Sra. Presidenta Municipal de la Ciudad de Paran\u00e1.<\/strong><\/p>\n<p><u>\u00a0<\/u><\/p>\n<p><u>Recomendaci\u00f3n en relaci\u00f3n al \u201cTransporte Urbano de Pasajeros\u201d.<\/u><\/p>\n<p>&nbsp;<\/p>\n<p>PARANA, 21 de noviembre de 2013.<\/p>\n<p><strong>Sra. Presidenta Municipal<\/strong><\/p>\n<p><strong>Profesora Blanca OSUNA<\/strong><\/p>\n<p>&nbsp;<\/p>\n<p><strong><u>RESOLUCION CON RECOMENDACI\u00d3N N\u00ba 4<\/u><\/strong><\/p>\n<p><strong>VISTO<\/strong>:<\/p>\n<p>Los continuos reclamos presentados por parte de ciudadanos e instituciones, por la reducci\u00f3n de las frecuencias del servicio de transporte urbano de pasajeros, los que en su oportunidad fueron informados por sendas notas al Sr. Subsecretario de Transporte y Tr\u00e1nsito, en fechas 30\/11\/12, 30\/12\/12, 16\/01\/13, 27\/02\/13, 05\/06\/13 y 22\/07\/13.<\/p>\n<p>Que durante algunas franjas horarias \u2013las primeras horas de la tarde y la noche-, as\u00ed como los fines de semana y los d\u00edas feriados, se reducen\u00a0 las frecuencias en forma notoria.<\/p>\n<p>Que en las citadas notas remitidas al Subsecretario de Transporte y Tr\u00e1nsito\u00a0 se le solicit\u00f3 la realizaci\u00f3n de controles de dichas frecuencias con la finalidad de garantizar la continuidad de la prestaci\u00f3n del servicio durante todo el a\u00f1o.<\/p>\n<p>Que existen ordenanzas que establecen las frecuencias y los tiempos de tolerancia, as\u00ed como las facultades que le asisten al Ejecutivo municipal para determinar c\u00f3mo debe prestarse el servicio de colectivos en este aspecto y controlar el cumplimiento de la legislaci\u00f3n.<\/p>\n<p>Que en los \u00faltimos a\u00f1os, en coincidencia con el inicio del receso administrativo y escolar de verano y las vacaciones de invierno, se aplican cambios en las frecuencias de los colectivos, dilatando el paso de los veh\u00edculos de forma notable.<\/p>\n<p>El titular de la prensa gr\u00e1fica del mes de diciembre del a\u00f1o 2012 \u201cDILATAN FRECUENCIAS DE COLECTIVOS POR EL RECESO\u201d, en la que se informaba que \u201cdesde el d\u00eda mi\u00e9rcoles 26 de diciembre los colectivos est\u00e1n pasando con una frecuencia m\u00e1s espaciada\u201d, incluyendo un di\u00e1logo con\u00a0 el Director de Transporte, acerca de ese hecho.<\/p>\n<p>&nbsp;<\/p>\n<p>&nbsp;<\/p>\n<p><strong>Y CONSIDERANDO:<\/strong><\/p>\n<p>Que es prioritario para este organismo, la correcta prestaci\u00f3n de los servicios p\u00fablicos.<\/p>\n<p>La solicitud cursada por esta Defensor\u00eda al Municipio para que informe acerca de los fundamentos legales que dieron sustento a la decisi\u00f3n de la Direcci\u00f3n de Transporte de autorizar el distanciamiento o dilataci\u00f3n de las frecuencias horarias que rigen la prestaci\u00f3n del servicio de Transporte P\u00fablico de Pasajeros.<\/p>\n<p><strong>\u00a0<\/strong><\/p>\n<p>La contestaci\u00f3n del Municipio al requerimiento de esta instituci\u00f3n, en la que se afirma que \u201cse realizaron verificaciones de controles de frecuencias y estado de las unidades pertenecientes al Transporte Urbano de Pasajeros, labr\u00e1ndose\u00a0 y elev\u00e1ndose las actuaciones correspondientes a resoluci\u00f3n de los juzgados de faltas municipales\u201d. Asimismo, tambi\u00e9n se informa que \u201ces necesario hacer saber que no se han autorizado modificaciones en las grillas de las frecuencias del transporte urbano, siendo una facultad exclusiva del Departamento Ejecutivo la de proponer modificaciones en las grillas horarias acorde a las reales necesidades del servicio (Ord. 5342 y 6723).<\/p>\n<p>Que tales afirmaciones no coinciden con lo manifestado por ciudadanos paranaenses quienes realizaron sus reclamos ante esta Defensor\u00eda.<\/p>\n<p>Que el Departamento Ejecutivo Municipal convoc\u00f3 a la constituci\u00f3n de una Mesa de Acuerdo, mediante el decreto del Ejecutivo municipal 1.057 del 18 de julio de 2012, para abordar \u201cIntegralmente las diferentes cuestiones relacionadas al Servicio P\u00fablico de Transporte en Colectivo Urbano de Pasajeros por Automotor\u201d.<\/p>\n<p>&nbsp;<\/p>\n<p>Que la g\u00e9nesis de la Mesa del Transporte resalta claramente la importancia del mejoramiento progresivo del servicio p\u00fablico referido al transporte de pasajeros en la Ciudad de Paran\u00e1. Que su propia conformaci\u00f3n otorga protagonismo a distintos sectores involucrados en la materia, cuyas voces resultan representativas de los propios usuarios del servicio.<\/p>\n<p>Que dicha Mesa, a la que la Defensor\u00eda del Pueblo fue convocada a integrar, se reuni\u00f3 en una sola oportunidad, con motivo de tratarse el aumento del boleto de colectivo que empez\u00f3 a regir en el mes de julio del a\u00f1o 2012. Que si bien este aspecto es de suma importancia, tambi\u00e9n lo son los otros extremos relacionados al servicio, como la calidad de las unidades, la frecuencia, la higiene, el trato de los dependientes de las empresas prestatarias del servicio, la infraestructura afectada, etc.<\/p>\n<p>Que la Defensor\u00eda del Pueblo, como parte de la Mesa, ha solicitado en reiteradas oportunidades,\u00a0 por nota, a las \u00e1reas pertinentes del Ejecutivo, se convoque al \u00e1mbito para tratar, entre otros temas, el de las frecuencias y se ampl\u00ede la participaci\u00f3n a los dem\u00e1s sectores involucrados en el servicio.<\/p>\n<p>Que el Defensor del Pueblo es miembro de la Mesa de Transporte Municipal, y no ha sido notificado de ninguna reuni\u00f3n de la misma, para tratar este tema ni ning\u00fan otro, desde el d\u00eda 20 de julio de 2012, en que se realiz\u00f3 el \u00faltimo encuentro.<\/p>\n<p>Por todo ello,<\/p>\n<p>&nbsp;<\/p>\n<p><strong>El DEFENSOR DEL PUEBLO DE LA CIUDAD DE PARANA<\/strong><\/p>\n<p><strong>\u00a0\u00a0\u00a0\u00a0\u00a0\u00a0\u00a0\u00a0\u00a0\u00a0\u00a0 RESUELVE:<\/strong><\/p>\n<p>&nbsp;<\/p>\n<p>1\u00ba) RECOMENDAR AL DEPARTAMENTO EJECUTIVO MUNICIPAL que convoque a la MESA DE TRANSPORTE MUNICIPAL en el corto plazo.<\/p>\n<p>&nbsp;<\/p>\n<p>2\u00ba) SOLICITAR que se ampl\u00ede la Mesa con la participaci\u00f3n de representantes del Ejecutivo Municipal del \u00e1rea Transporte, de Defensa del Consumidor y de la Direcci\u00f3n de Comisiones Vecinales, de representantes del H.C.D., representantes de las empresas prestadoras del servicio, la Uni\u00f3n Tranviarios Automotor, los gremios estatales, \u00a0el Sindicato de Empleados de Comercio, las Federaciones de estudiantes secundarios y universitarios y representantes de las comisiones vecinales de la ciudad.<\/p>\n<p>&nbsp;<\/p>\n<p>3\u00ba) Rem\u00edtase a la Se\u00f1ora Presidenta Municipal.<\/p>\n<p>&nbsp;<\/p>\n<p>4)\u00a0 Comun\u00edquese,<\/p>\n<p><strong>\u00a0<\/strong><\/p>\n","protected":false},"excerpt":{"rendered":"<p>Resoluci\u00f3n del 21\/11\/2013 con RECOMENDACI\u00d3N N\u00ba 4\/13 a la Sra. Presidenta Municipal de la Ciudad de Paran\u00e1. \u00a0 Recomendaci\u00f3n en relaci\u00f3n al \u201cTransporte Urbano de Pasajeros\u201d. &nbsp; PARANA, 21 de noviembre de 2013. Sra. Presidenta Municipal Profesora Blanca OSUNA &nbsp; RESOLUCION CON RECOMENDACI\u00d3N N\u00ba 4 VISTO: Los continuos reclamos presentados por parte de ciudadanos e [&hellip;]<\/p>\n","protected":false},"author":2,"featured_media":0,"comment_status":"closed","ping_status":"closed","sticky":false,"template":"","format":"standard","meta":{"om_disable_all_campaigns":false,"_monsterinsights_skip_tracking":false,"_monsterinsights_sitenote_active":false,"_monsterinsights_sitenote_note":"","_monsterinsights_sitenote_category":0},"categories":[17],"tags":[],"_links":{"self":[{"href":"https:\/\/defensoriaparana.com.ar\/index.php\/wp-json\/wp\/v2\/posts\/4496"}],"collection":[{"href":"https:\/\/defensoriaparana.com.ar\/index.php\/wp-json\/wp\/v2\/posts"}],"about":[{"href":"https:\/\/defensoriaparana.com.ar\/index.php\/wp-json\/wp\/v2\/types\/post"}],"author":[{"embeddable":true,"href":"https:\/\/defensoriaparana.com.ar\/index.php\/wp-json\/wp\/v2\/users\/2"}],"replies":[{"embeddable":true,"href":"https:\/\/defensoriaparana.com.ar\/index.php\/wp-json\/wp\/v2\/comments?post=4496"}],"version-history":[{"count":1,"href":"https:\/\/defensoriaparana.com.ar\/index.php\/wp-json\/wp\/v2\/posts\/4496\/revisions"}],"predecessor-version":[{"id":4497,"href":"https:\/\/defensoriaparana.com.ar\/index.php\/wp-json\/wp\/v2\/posts\/4496\/revisions\/4497"}],"wp:attachment":[{"href":"https:\/\/defensoriaparana.com.ar\/index.php\/wp-json\/wp\/v2\/media?parent=4496"}],"wp:term":[{"taxonomy":"category","embeddable":true,"href":"https:\/\/defensoriaparana.com.ar\/index.php\/wp-json\/wp\/v2\/categories?post=4496"},{"taxonomy":"post_tag","embeddable":true,"href":"https:\/\/defensoriaparana.com.ar\/index.php\/wp-json\/wp\/v2\/tags?post=4496"}],"curies":[{"name":"wp","href":"https:\/\/api.w.org\/{rel}","templated":true}]}}