{"id":4572,"date":"2023-03-03T21:57:02","date_gmt":"2023-03-03T21:57:02","guid":{"rendered":"http:\/\/defensoriaparana.com.ar\/?p=4572"},"modified":"2023-03-03T21:57:02","modified_gmt":"2023-03-03T21:57:02","slug":"situacion-de-calle-hubo-una-reunion-ampliada-para-avanzar-en-un-protocolo-de-actuacion","status":"publish","type":"post","link":"https:\/\/defensoriaparana.com.ar\/index.php\/2023\/03\/03\/situacion-de-calle-hubo-una-reunion-ampliada-para-avanzar-en-un-protocolo-de-actuacion\/","title":{"rendered":"Situaci\u00f3n de calle: hubo una reuni\u00f3n ampliada para avanzar en un protocolo de actuaci\u00f3n"},"content":{"rendered":"<p>&nbsp;<\/p>\n<p>Representantes de \u00e1reas municipales, provinciales, nacionales y de la Red por los Derechos de las Personas en Situaci\u00f3n de Calle -integrada por instituciones y organizaciones de la ciudad- se reunieron ayer, en el sal\u00f3n Mariano Moreno del Concejo Deliberante. El objetivo de esta convocatoria ampliada fue comenzar a compilar informaci\u00f3n de las distintas reparticiones del Estado y organizaciones que trabajan en la tem\u00e1tica y delinear un protocolo de actuaci\u00f3n ante los diferentes casos.<\/p>\n<p>El encuentro estuvo encabezado por la vice intendenta y presidenta del cuerpo deliberativo, Andrea Zoff, y cont\u00f3 con la asistencia de integrantes de \u00e1reas sociales y de salud municipales, provinciales y nacionales, de la Polic\u00eda, del Ministerio P\u00fablico de la Defensa, del servicio de emergencias m\u00e9dicas 107 y del 147, l\u00ednea gratuita del Servicio de Atenci\u00f3n al Vecino de Paran\u00e1, entre otros.<\/p>\n<p>La del jueves se trata de la primera reuni\u00f3n de trabajo acordada en el marco del encuentro de la Red, concretado el 23 de febrero con el Intendente Ad\u00e1n Bhal, tras los hechos registrados en la Plaza 1\u00b0 de Mayo, cuando personal municipal y policial impidieron que contin\u00faen pernoctando en el lugar a unas 30 personas.<\/p>\n<p>Entre los objetivos del encuentro de esta semana se plante\u00f3 conocer \u201clas competencias de cada \u00e1rea municipal, provincial y nacional convocada y el trabajo de las diferentes organizaciones que conforman la Red por los Derechos de las Personas en Situaci\u00f3n de Calle\u201d.<\/p>\n<p>En base a esa informaci\u00f3n, a los medios con los que cuenta cada uno y los horarios de atenci\u00f3n, se propuso la confecci\u00f3n de un recursero y la elaboraci\u00f3n de un protocolo de actuaci\u00f3n.<\/p>\n<p>En cuanto al protocolo, se plante\u00f3 que sea una herramienta ante la emergencia y que tambi\u00e9n contemple acciones de asistencia y acompa\u00f1amiento a mediano y largo plazo.<\/p>\n<p>Luego de avanzar en la conversaci\u00f3n, se acord\u00f3 un nuevo encuentro en dos semanas.<\/p>\n<p>Participaron tambi\u00e9n los secretarios municipales Pablo Testa, (Legal y Administrativa), Eliana Ramos (Pol\u00edticas Sociales, Inclusivas y Comunitarias) y Nicol\u00e1s Parera (Secretar\u00eda General de Presidencia) y dem\u00e1s funcionarios de \u00e1reas relacionadas a la tem\u00e1tica. Estuvo el director del Hospital Escuela de Salud Mental, Mauro Gieco, e integrantes de los Ministerios de Salud y Desarrollo Social de la provincia. Por la Red, particip\u00f3 la Defensora del Pueblo de la Ciudad de Paran\u00e1, Marcia L\u00f3pez, junto a representantes de C\u00e1ritas Paran\u00e1, Red Puentes, Suma de Voluntades, Iglesia Valdense del R\u00edo de la Plata, la Facultad de Ciencias Econ\u00f3micas (Uner), y de Humanidades, Artes y Ciencias Sociales (Uader), Vientos de Libertad, Grupo Un Cielo Nuevo, Universidad Cat\u00f3lica Argentina (UCA), Sede Paran\u00e1, y Hogar de Cristo.<\/p>\n<p>El martes pasado, miembros de Red mantuvieron una reuni\u00f3n preparatoria del encuentro de este jueves. La convocatoria tuvo lugar \u00a0en la sede de la Defensor\u00eda del Pueblo, oportunidad en la que se analiz\u00f3 la situaci\u00f3n y las prioridades a tener en cuenta.<\/p>\n<p><img loading=\"lazy\" class=\"alignnone wp-image-4576 size-large\" src=\"http:\/\/defensoriaparana.com.ar\/wp-content\/uploads\/2023\/03\/reunion-1-1024x768.jpg\" alt=\"\" width=\"960\" height=\"720\" srcset=\"https:\/\/defensoriaparana.com.ar\/wp-content\/uploads\/2023\/03\/reunion-1-1024x768.jpg 1024w, https:\/\/defensoriaparana.com.ar\/wp-content\/uploads\/2023\/03\/reunion-1-300x225.jpg 300w, https:\/\/defensoriaparana.com.ar\/wp-content\/uploads\/2023\/03\/reunion-1-768x576.jpg 768w, https:\/\/defensoriaparana.com.ar\/wp-content\/uploads\/2023\/03\/reunion-1-1536x1152.jpg 1536w, https:\/\/defensoriaparana.com.ar\/wp-content\/uploads\/2023\/03\/reunion-1.jpg 1600w\" sizes=\"(max-width: 960px) 100vw, 960px\" \/><\/p>\n<p><img loading=\"lazy\" class=\"alignnone wp-image-4574 size-large\" src=\"http:\/\/defensoriaparana.com.ar\/wp-content\/uploads\/2023\/03\/reunion3-1024x768.jpg\" alt=\"\" width=\"960\" height=\"720\" srcset=\"https:\/\/defensoriaparana.com.ar\/wp-content\/uploads\/2023\/03\/reunion3-1024x768.jpg 1024w, https:\/\/defensoriaparana.com.ar\/wp-content\/uploads\/2023\/03\/reunion3-300x225.jpg 300w, https:\/\/defensoriaparana.com.ar\/wp-content\/uploads\/2023\/03\/reunion3-768x576.jpg 768w, https:\/\/defensoriaparana.com.ar\/wp-content\/uploads\/2023\/03\/reunion3-1536x1152.jpg 1536w, https:\/\/defensoriaparana.com.ar\/wp-content\/uploads\/2023\/03\/reunion3.jpg 1600w\" sizes=\"(max-width: 960px) 100vw, 960px\" \/><\/p>\n<p><img loading=\"lazy\" class=\"alignnone wp-image-4575 size-large\" src=\"http:\/\/defensoriaparana.com.ar\/wp-content\/uploads\/2023\/03\/reunion2-1024x768.jpg\" alt=\"\" width=\"960\" height=\"720\" srcset=\"https:\/\/defensoriaparana.com.ar\/wp-content\/uploads\/2023\/03\/reunion2-1024x768.jpg 1024w, https:\/\/defensoriaparana.com.ar\/wp-content\/uploads\/2023\/03\/reunion2-300x225.jpg 300w, https:\/\/defensoriaparana.com.ar\/wp-content\/uploads\/2023\/03\/reunion2-768x576.jpg 768w, https:\/\/defensoriaparana.com.ar\/wp-content\/uploads\/2023\/03\/reunion2-1536x1152.jpg 1536w, https:\/\/defensoriaparana.com.ar\/wp-content\/uploads\/2023\/03\/reunion2.jpg 1600w\" sizes=\"(max-width: 960px) 100vw, 960px\" \/><\/p>\n<p>La Red por los Derechos de las Personas en Situaci\u00f3n de Calle se constituy\u00f3 en septiembre de 2019 con el fin de visibilizar la dolorosa realidad de quienes viven en lugares p\u00fablicos y avanzar en acciones concretas y pol\u00edticas de Estado que atiendan efectivamente y de manera eficiente la problem\u00e1tica.<\/p>\n","protected":false},"excerpt":{"rendered":"<p>&nbsp; Representantes de \u00e1reas municipales, provinciales, nacionales y de la Red por los Derechos de las Personas en Situaci\u00f3n de Calle -integrada por instituciones y organizaciones de la ciudad- se reunieron ayer, en el sal\u00f3n Mariano Moreno del Concejo Deliberante. El objetivo de esta convocatoria ampliada fue comenzar a compilar informaci\u00f3n de las distintas reparticiones [&hellip;]<\/p>\n","protected":false},"author":2,"featured_media":4573,"comment_status":"open","ping_status":"open","sticky":false,"template":"","format":"standard","meta":{"om_disable_all_campaigns":false,"_monsterinsights_skip_tracking":false,"_monsterinsights_sitenote_active":false,"_monsterinsights_sitenote_note":"","_monsterinsights_sitenote_category":0},"categories":[1],"tags":[],"_links":{"self":[{"href":"https:\/\/defensoriaparana.com.ar\/index.php\/wp-json\/wp\/v2\/posts\/4572"}],"collection":[{"href":"https:\/\/defensoriaparana.com.ar\/index.php\/wp-json\/wp\/v2\/posts"}],"about":[{"href":"https:\/\/defensoriaparana.com.ar\/index.php\/wp-json\/wp\/v2\/types\/post"}],"author":[{"embeddable":true,"href":"https:\/\/defensoriaparana.com.ar\/index.php\/wp-json\/wp\/v2\/users\/2"}],"replies":[{"embeddable":true,"href":"https:\/\/defensoriaparana.com.ar\/index.php\/wp-json\/wp\/v2\/comments?post=4572"}],"version-history":[{"count":1,"href":"https:\/\/defensoriaparana.com.ar\/index.php\/wp-json\/wp\/v2\/posts\/4572\/revisions"}],"predecessor-version":[{"id":4577,"href":"https:\/\/defensoriaparana.com.ar\/index.php\/wp-json\/wp\/v2\/posts\/4572\/revisions\/4577"}],"wp:featuredmedia":[{"embeddable":true,"href":"https:\/\/defensoriaparana.com.ar\/index.php\/wp-json\/wp\/v2\/media\/4573"}],"wp:attachment":[{"href":"https:\/\/defensoriaparana.com.ar\/index.php\/wp-json\/wp\/v2\/media?parent=4572"}],"wp:term":[{"taxonomy":"category","embeddable":true,"href":"https:\/\/defensoriaparana.com.ar\/index.php\/wp-json\/wp\/v2\/categories?post=4572"},{"taxonomy":"post_tag","embeddable":true,"href":"https:\/\/defensoriaparana.com.ar\/index.php\/wp-json\/wp\/v2\/tags?post=4572"}],"curies":[{"name":"wp","href":"https:\/\/api.w.org\/{rel}","templated":true}]}}