{"id":4578,"date":"2023-03-08T17:13:38","date_gmt":"2023-03-08T17:13:38","guid":{"rendered":"http:\/\/defensoriaparana.com.ar\/?p=4578"},"modified":"2023-03-08T17:13:38","modified_gmt":"2023-03-08T17:13:38","slug":"jornada-de-reflexion-por-el-dia-de-la-mujer-en-la-defensoria-del-pueblo","status":"publish","type":"post","link":"https:\/\/defensoriaparana.com.ar\/index.php\/2023\/03\/08\/jornada-de-reflexion-por-el-dia-de-la-mujer-en-la-defensoria-del-pueblo\/","title":{"rendered":"Jornada de reflexi\u00f3n por el D\u00eda de la Mujer en la Defensor\u00eda del Pueblo"},"content":{"rendered":"<div class=\"x11i5rnm xat24cr x1mh8g0r x1vvkbs xdj266r x126k92a\">\n<div dir=\"auto\">El equipo de trabajo de la Defensor\u00eda del Pueblo abord\u00f3 diferentes tem\u00e1ticas relacionadas a la situaci\u00f3n actual y a los derechos de la mujer.<\/div>\n<\/div>\n<div dir=\"auto\"><\/div>\n<div dir=\"auto\"><img loading=\"lazy\" class=\"alignnone wp-image-4580 size-full\" src=\"http:\/\/defensoriaparana.com.ar\/wp-content\/uploads\/2023\/03\/mujer1.jpg\" alt=\"\" width=\"900\" height=\"900\" srcset=\"https:\/\/defensoriaparana.com.ar\/wp-content\/uploads\/2023\/03\/mujer1.jpg 900w, https:\/\/defensoriaparana.com.ar\/wp-content\/uploads\/2023\/03\/mujer1-300x300.jpg 300w, https:\/\/defensoriaparana.com.ar\/wp-content\/uploads\/2023\/03\/mujer1-150x150.jpg 150w, https:\/\/defensoriaparana.com.ar\/wp-content\/uploads\/2023\/03\/mujer1-768x768.jpg 768w\" sizes=\"(max-width: 900px) 100vw, 900px\" \/><\/div>\n<div class=\"x11i5rnm xat24cr x1mh8g0r x1vvkbs xtlvy1s x126k92a\">\n<div dir=\"auto\">En el marco de la conmemoraci\u00f3n del D\u00eda Internaci\u00f3n de la Mujer, el equipo de la Defensor\u00eda del Pueblo de la Ciudad de Paran\u00e1 inici\u00f3 la jornada de trabajo de este 8 de marzo con una instancia de reflexi\u00f3n. Se convers\u00f3 sobre el significado de la fecha en relaci\u00f3n a la situaci\u00f3n actual y la informaci\u00f3n acerca de los hechos de violencia de g\u00e9nero a nivel nacional y tambi\u00e9n provincial.<\/div>\n<div dir=\"auto\">.<\/div>\n<div dir=\"auto\">\u201cEste es un d\u00eda de lucha y de reflexi\u00f3n\u201d, dijo la Defensora Marcia L\u00f3pez, al iniciar el encuentro al que defini\u00f3 como \u201cun \u00e1mbito en el que podemos pensar y debatir respecto del rol de la mujer\u201d en los distintos aspectos de la sociedad y la influencia de la cultura machista.<\/div>\n<div dir=\"auto\"><img loading=\"lazy\" class=\"alignnone wp-image-4581 size-full\" src=\"http:\/\/defensoriaparana.com.ar\/wp-content\/uploads\/2023\/03\/mujer-4.jpg\" alt=\"\" width=\"900\" height=\"900\" srcset=\"https:\/\/defensoriaparana.com.ar\/wp-content\/uploads\/2023\/03\/mujer-4.jpg 900w, https:\/\/defensoriaparana.com.ar\/wp-content\/uploads\/2023\/03\/mujer-4-300x300.jpg 300w, https:\/\/defensoriaparana.com.ar\/wp-content\/uploads\/2023\/03\/mujer-4-150x150.jpg 150w, https:\/\/defensoriaparana.com.ar\/wp-content\/uploads\/2023\/03\/mujer-4-768x768.jpg 768w\" sizes=\"(max-width: 900px) 100vw, 900px\" \/><\/div>\n<div dir=\"auto\">.<\/div>\n<div dir=\"auto\">Al respecto, se plante\u00f3 la funci\u00f3n de la Defensor\u00eda del Pueblo de Paran\u00e1 y c\u00f3mo la instituci\u00f3n act\u00faa ante casos de violencia que, en la mayor\u00eda de las situaciones, aparecen en el relato de las personas que acuden a reclamar otro tipo de temas.<\/div>\n<div dir=\"auto\">.<\/div>\n<div dir=\"auto\">\u201cEn ocasiones, detr\u00e1s del reclamo de un ca\u00f1o roto ha surgido el pedido de ayuda ante hechos de violencia\u201d, ejemplific\u00f3 la Defensora Adjunta, Cecilia Pautaso, quien hizo hincapi\u00e9 en la funci\u00f3n primordial de la Defensor\u00eda en la orientaci\u00f3n y asesoramiento para que las personas accedan y ejerzan sus derechos.<\/div>\n<div dir=\"auto\"><img loading=\"lazy\" class=\"alignnone wp-image-4582 size-full\" src=\"http:\/\/defensoriaparana.com.ar\/wp-content\/uploads\/2023\/03\/mujer-5.jpg\" alt=\"\" width=\"900\" height=\"900\" srcset=\"https:\/\/defensoriaparana.com.ar\/wp-content\/uploads\/2023\/03\/mujer-5.jpg 900w, https:\/\/defensoriaparana.com.ar\/wp-content\/uploads\/2023\/03\/mujer-5-300x300.jpg 300w, https:\/\/defensoriaparana.com.ar\/wp-content\/uploads\/2023\/03\/mujer-5-150x150.jpg 150w, https:\/\/defensoriaparana.com.ar\/wp-content\/uploads\/2023\/03\/mujer-5-768x768.jpg 768w\" sizes=\"(max-width: 900px) 100vw, 900px\" \/><\/div>\n<div dir=\"auto\">.<\/div>\n<div dir=\"auto\">En ese sentido, se inform\u00f3 sobre una planilla de denuncia de g\u00e9nero online existente en la p\u00e1gina web del Poder Judicial de Entre R\u00edos, cuyo link de ingreso es <a class=\"x1i10hfl xjbqb8w x6umtig x1b1mbwd xaqea5y xav7gou x9f619 x1ypdohk xt0psk2 xe8uvvx xdj266r x11i5rnm xat24cr x1mh8g0r xexx8yu x4uap5 x18d9i69 xkhd6sd x16tdsg8 x1hl2dhg xggy1nq x1a2a7pz xt0b8zv x1fey0fg\" tabindex=\"0\" role=\"link\" href=\"https:\/\/docs.google.com\/forms\/d\/e\/1FAIpQLSc87QrWbju-hmbrg383dKIEgkjLZyYqABJpv925YG3n7IgOng\/viewform?fbclid=IwAR3KqdhkMRh_PtLMAIFmZ1IimdnvLqko4UPR9D1ctU4nuMp7jJ9iCwyLkZo\" target=\"_blank\" rel=\"nofollow noopener\">https:\/\/docs.google.com\/&#8230;\/1FAIpQLSc87QrWbju&#8230;\/viewform<\/a><\/div>\n<div dir=\"auto\">.<\/div>\n<div dir=\"auto\">Durante la reuni\u00f3n, se fueron analizando casos recibidos en la Defensor\u00eda, las distintas alternativas planteadas ante cada uno, y los datos estad\u00edsticos que no dan tregua y estremecen sobre los femicidios ocurridos en el \u00e1mbito nacional y provincial.<\/div>\n<div dir=\"auto\"><img loading=\"lazy\" class=\"alignnone wp-image-4583 size-full\" src=\"http:\/\/defensoriaparana.com.ar\/wp-content\/uploads\/2023\/03\/mujer-6.jpg\" alt=\"\" width=\"900\" height=\"900\" srcset=\"https:\/\/defensoriaparana.com.ar\/wp-content\/uploads\/2023\/03\/mujer-6.jpg 900w, https:\/\/defensoriaparana.com.ar\/wp-content\/uploads\/2023\/03\/mujer-6-300x300.jpg 300w, https:\/\/defensoriaparana.com.ar\/wp-content\/uploads\/2023\/03\/mujer-6-150x150.jpg 150w, https:\/\/defensoriaparana.com.ar\/wp-content\/uploads\/2023\/03\/mujer-6-768x768.jpg 768w\" sizes=\"(max-width: 900px) 100vw, 900px\" \/><\/div>\n<div dir=\"auto\">.<\/div>\n<div dir=\"auto\">Participaron tambi\u00e9n del encuentro la Defensora de los Derechos de la Personas Mayores, Ligia Blanco, la Coordinadora del Centro de Mediaci\u00f3n Comunitaria, Irina Chausovsky, y la Delegada de la Defensor\u00eda del Pueblo de la Naci\u00f3n en Entre R\u00edos, Nazarena Rau.<\/div>\n<\/div>\n","protected":false},"excerpt":{"rendered":"<p>El equipo de trabajo de la Defensor\u00eda del Pueblo abord\u00f3 diferentes tem\u00e1ticas relacionadas a la situaci\u00f3n actual y a los derechos de la mujer. En el marco de la conmemoraci\u00f3n del D\u00eda Internaci\u00f3n de la Mujer, el equipo de la Defensor\u00eda del Pueblo de la Ciudad de Paran\u00e1 inici\u00f3 la jornada de trabajo de este [&hellip;]<\/p>\n","protected":false},"author":2,"featured_media":4579,"comment_status":"open","ping_status":"open","sticky":false,"template":"","format":"standard","meta":{"om_disable_all_campaigns":false,"_monsterinsights_skip_tracking":false,"_monsterinsights_sitenote_active":false,"_monsterinsights_sitenote_note":"","_monsterinsights_sitenote_category":0},"categories":[1],"tags":[],"_links":{"self":[{"href":"https:\/\/defensoriaparana.com.ar\/index.php\/wp-json\/wp\/v2\/posts\/4578"}],"collection":[{"href":"https:\/\/defensoriaparana.com.ar\/index.php\/wp-json\/wp\/v2\/posts"}],"about":[{"href":"https:\/\/defensoriaparana.com.ar\/index.php\/wp-json\/wp\/v2\/types\/post"}],"author":[{"embeddable":true,"href":"https:\/\/defensoriaparana.com.ar\/index.php\/wp-json\/wp\/v2\/users\/2"}],"replies":[{"embeddable":true,"href":"https:\/\/defensoriaparana.com.ar\/index.php\/wp-json\/wp\/v2\/comments?post=4578"}],"version-history":[{"count":1,"href":"https:\/\/defensoriaparana.com.ar\/index.php\/wp-json\/wp\/v2\/posts\/4578\/revisions"}],"predecessor-version":[{"id":4584,"href":"https:\/\/defensoriaparana.com.ar\/index.php\/wp-json\/wp\/v2\/posts\/4578\/revisions\/4584"}],"wp:featuredmedia":[{"embeddable":true,"href":"https:\/\/defensoriaparana.com.ar\/index.php\/wp-json\/wp\/v2\/media\/4579"}],"wp:attachment":[{"href":"https:\/\/defensoriaparana.com.ar\/index.php\/wp-json\/wp\/v2\/media?parent=4578"}],"wp:term":[{"taxonomy":"category","embeddable":true,"href":"https:\/\/defensoriaparana.com.ar\/index.php\/wp-json\/wp\/v2\/categories?post=4578"},{"taxonomy":"post_tag","embeddable":true,"href":"https:\/\/defensoriaparana.com.ar\/index.php\/wp-json\/wp\/v2\/tags?post=4578"}],"curies":[{"name":"wp","href":"https:\/\/api.w.org\/{rel}","templated":true}]}}