{"id":4589,"date":"2023-03-17T14:33:23","date_gmt":"2023-03-17T14:33:23","guid":{"rendered":"http:\/\/defensoriaparana.com.ar\/?p=4589"},"modified":"2023-03-17T14:33:23","modified_gmt":"2023-03-17T14:33:23","slug":"la-defensora-blanco-participo-de-un-encuentro-con-personas-mayores","status":"publish","type":"post","link":"https:\/\/defensoriaparana.com.ar\/index.php\/2023\/03\/17\/la-defensora-blanco-participo-de-un-encuentro-con-personas-mayores\/","title":{"rendered":"La Defensora Blanco particip\u00f3 de un encuentro con personas mayores"},"content":{"rendered":"<p>&#8220;Im\u00e1genes y creencias en torno a la Vejez&#8221; fue el t\u00edtulo de una charla taller en la que particip\u00f3 la Defensora de los Derechos de las Personas Mayores de la Defensor\u00eda del Pueblo de Paran\u00e1, Ligia Blanco.<\/p>\n<p>La actividad contempl\u00f3 un importante intercambio de ideas, conocimientos y opiniones acerca de las vejeces en el marco de la realidad actual. Tambi\u00e9n se dialog\u00f3 sobre c\u00f3mo y d\u00f3nde realizar ciertos reclamos vinculados a la vulneraci\u00f3n de derechos.<\/p>\n<figure id=\"attachment_4590\" aria-describedby=\"caption-attachment-4590\" style=\"width: 480px\" class=\"wp-caption alignnone\"><img loading=\"lazy\" class=\"wp-image-4590 size-full\" src=\"http:\/\/defensoriaparana.com.ar\/wp-content\/uploads\/2023\/03\/charlatallerprincipal.jpg\" alt=\"\" width=\"480\" height=\"558\" srcset=\"https:\/\/defensoriaparana.com.ar\/wp-content\/uploads\/2023\/03\/charlatallerprincipal.jpg 480w, https:\/\/defensoriaparana.com.ar\/wp-content\/uploads\/2023\/03\/charlatallerprincipal-258x300.jpg 258w\" sizes=\"(max-width: 480px) 100vw, 480px\" \/><figcaption id=\"caption-attachment-4590\" class=\"wp-caption-text\">La Defensora Ligia Blanco, durante la charla taller.<\/figcaption><\/figure>\n<p>Ligia Blanco brind\u00f3 informaci\u00f3n al respecto y puso a disposici\u00f3n la Defensor\u00eda con el fin de atender y brindar asesoramiento acerca de consultas y reclamos.<\/p>\n<p>La charla estuvo destinada a personas mayores del Centro de Jubilados y Pensionados de Paran\u00e1, Entre R\u00edos y fue organizada por el INADI Delegaci\u00f3n Entre R\u00edos y parte del Equipo T\u00e9cnico del Centro de Referencia (<em><strong>CDR<\/strong><\/em>) Entre R\u00edos.<\/p>\n<p><img loading=\"lazy\" class=\"alignnone size-medium wp-image-4591\" src=\"http:\/\/defensoriaparana.com.ar\/wp-content\/uploads\/2023\/03\/charlataller1-278x300.jpg\" alt=\"\" width=\"278\" height=\"300\" srcset=\"https:\/\/defensoriaparana.com.ar\/wp-content\/uploads\/2023\/03\/charlataller1-278x300.jpg 278w, https:\/\/defensoriaparana.com.ar\/wp-content\/uploads\/2023\/03\/charlataller1.jpg 520w\" sizes=\"(max-width: 278px) 100vw, 278px\" \/><img loading=\"lazy\" class=\"alignnone size-medium wp-image-4592\" src=\"http:\/\/defensoriaparana.com.ar\/wp-content\/uploads\/2023\/03\/charlataller-294x300.jpg\" alt=\"\" width=\"294\" height=\"300\" srcset=\"https:\/\/defensoriaparana.com.ar\/wp-content\/uploads\/2023\/03\/charlataller-294x300.jpg 294w, https:\/\/defensoriaparana.com.ar\/wp-content\/uploads\/2023\/03\/charlataller.jpg 559w\" sizes=\"(max-width: 294px) 100vw, 294px\" \/><\/p>\n<p>Fotos gentileza CDR<\/p>\n","protected":false},"excerpt":{"rendered":"<p>&#8220;Im\u00e1genes y creencias en torno a la Vejez&#8221; fue el t\u00edtulo de una charla taller en la que particip\u00f3 la Defensora de los Derechos de las Personas Mayores de la Defensor\u00eda del Pueblo de Paran\u00e1, Ligia Blanco. La actividad contempl\u00f3 un importante intercambio de ideas, conocimientos y opiniones acerca de las vejeces en el marco [&hellip;]<\/p>\n","protected":false},"author":2,"featured_media":4590,"comment_status":"open","ping_status":"open","sticky":false,"template":"","format":"standard","meta":{"om_disable_all_campaigns":false,"_monsterinsights_skip_tracking":false,"_monsterinsights_sitenote_active":false,"_monsterinsights_sitenote_note":"","_monsterinsights_sitenote_category":0},"categories":[1],"tags":[],"_links":{"self":[{"href":"https:\/\/defensoriaparana.com.ar\/index.php\/wp-json\/wp\/v2\/posts\/4589"}],"collection":[{"href":"https:\/\/defensoriaparana.com.ar\/index.php\/wp-json\/wp\/v2\/posts"}],"about":[{"href":"https:\/\/defensoriaparana.com.ar\/index.php\/wp-json\/wp\/v2\/types\/post"}],"author":[{"embeddable":true,"href":"https:\/\/defensoriaparana.com.ar\/index.php\/wp-json\/wp\/v2\/users\/2"}],"replies":[{"embeddable":true,"href":"https:\/\/defensoriaparana.com.ar\/index.php\/wp-json\/wp\/v2\/comments?post=4589"}],"version-history":[{"count":1,"href":"https:\/\/defensoriaparana.com.ar\/index.php\/wp-json\/wp\/v2\/posts\/4589\/revisions"}],"predecessor-version":[{"id":4593,"href":"https:\/\/defensoriaparana.com.ar\/index.php\/wp-json\/wp\/v2\/posts\/4589\/revisions\/4593"}],"wp:featuredmedia":[{"embeddable":true,"href":"https:\/\/defensoriaparana.com.ar\/index.php\/wp-json\/wp\/v2\/media\/4590"}],"wp:attachment":[{"href":"https:\/\/defensoriaparana.com.ar\/index.php\/wp-json\/wp\/v2\/media?parent=4589"}],"wp:term":[{"taxonomy":"category","embeddable":true,"href":"https:\/\/defensoriaparana.com.ar\/index.php\/wp-json\/wp\/v2\/categories?post=4589"},{"taxonomy":"post_tag","embeddable":true,"href":"https:\/\/defensoriaparana.com.ar\/index.php\/wp-json\/wp\/v2\/tags?post=4589"}],"curies":[{"name":"wp","href":"https:\/\/api.w.org\/{rel}","templated":true}]}}