{"id":4595,"date":"2023-03-24T16:12:31","date_gmt":"2023-03-24T16:12:31","guid":{"rendered":"http:\/\/defensoriaparana.com.ar\/?p=4595"},"modified":"2023-03-24T16:12:31","modified_gmt":"2023-03-24T16:12:31","slug":"las-defensoras-de-parana-asistieron-a-distintas-actividades-en-el-iii-foro-mundial-de-los-derechos-humanos","status":"publish","type":"post","link":"https:\/\/defensoriaparana.com.ar\/index.php\/2023\/03\/24\/las-defensoras-de-parana-asistieron-a-distintas-actividades-en-el-iii-foro-mundial-de-los-derechos-humanos\/","title":{"rendered":"Las Defensoras de Paran\u00e1 asistieron a distintas actividades en el III Foro Mundial de los Derechos Humanos"},"content":{"rendered":"<p>Las Defensoras del Pueblo de la Ciudad de Paran\u00e1, Marcia L\u00f3pez, y Cecilia Pautaso (Adjunta), junto a la Defensora de los Derechos de las Personas Mayores, Ligia Blanco, participaron del III Foro Mundial de Derechos Humanos 2023, realizado en Buenos Aires entre el 20 y 24 de marzo. La actividad tiene como marco la semana de la memoria y la conmemoraci\u00f3n de cuatro d\u00e9cadas de democracia ininterrumpida en el pa\u00eds.<\/p>\n<p>Se trat\u00f3 de \u201cun \u00e1mbito muy rico para el intercambio y el aprendizaje. Hemos tenido espacios propios de Defensor\u00edas del Pueblo junto con Defensor\u00edas de otros pa\u00edses\u201d, dijo la Defensora L\u00f3pez quien, junto a sus pares, estuvo de regreso en Paran\u00e1 el jueves por la ma\u00f1ana con el fin de atender cuestiones de la instituci\u00f3n y tras haber cumplimentado una nutrida agenda de actividades en el encuentro internacional.<\/p>\n<p><img loading=\"lazy\" class=\"alignnone wp-image-4596 \" src=\"http:\/\/defensoriaparana.com.ar\/wp-content\/uploads\/2023\/03\/defensoras-foro.jpg\" alt=\"\" width=\"435\" height=\"580\" srcset=\"https:\/\/defensoriaparana.com.ar\/wp-content\/uploads\/2023\/03\/defensoras-foro.jpg 768w, https:\/\/defensoriaparana.com.ar\/wp-content\/uploads\/2023\/03\/defensoras-foro-225x300.jpg 225w\" sizes=\"(max-width: 435px) 100vw, 435px\" \/><img loading=\"lazy\" class=\"alignnone wp-image-4597 \" src=\"http:\/\/defensoriaparana.com.ar\/wp-content\/uploads\/2023\/03\/defensoras-ligia-1024x768.jpg\" alt=\"\" width=\"575\" height=\"431\" srcset=\"https:\/\/defensoriaparana.com.ar\/wp-content\/uploads\/2023\/03\/defensoras-ligia-1024x768.jpg 1024w, https:\/\/defensoriaparana.com.ar\/wp-content\/uploads\/2023\/03\/defensoras-ligia-300x225.jpg 300w, https:\/\/defensoriaparana.com.ar\/wp-content\/uploads\/2023\/03\/defensoras-ligia-768x576.jpg 768w, https:\/\/defensoriaparana.com.ar\/wp-content\/uploads\/2023\/03\/defensoras-ligia-1536x1152.jpg 1536w, https:\/\/defensoriaparana.com.ar\/wp-content\/uploads\/2023\/03\/defensoras-ligia.jpg 1600w\" sizes=\"(max-width: 575px) 100vw, 575px\" \/><\/p>\n<p>Las Defensoras asistieron a diferentes foros en los que adem\u00e1s de escuchar a destacados expositores y acceder a informaci\u00f3n actualizada, pudieron comentar la experiencia y realidad de Paran\u00e1 en los distintos temas y el rol de la Defensor\u00eda local en cada caso.<\/p>\n<p>As\u00ed, participaron de espacios en los que se abord\u00f3 la problem\u00e1tica de poblaciones vulnerables, migrantes y personas en situaci\u00f3n de calle. Tambi\u00e9n, mantuvieron reuniones con Defensores de Colombia, Ecuador y Brasil, con quienes conversaron sobre c\u00f3mo se manifiestan los principales problemas sociales en sus pa\u00edses \u2013\u201clos que son similares a los nuestros\u201d, seg\u00fan aseveraron- y c\u00f3mo son los abordajes realizados desde estas instituciones y el Estado. Seguidamente, integraron un foro sobre g\u00e9nero y la mujer y asistieron a la conferencia brindada por el Premio Nobel de la Paz y presidente honorario del III Foro Mundial de Derechos Humanos, Adolfo P\u00e9rez Esquivel. Sobre ambas actividades, la Defensora Pautaso dijo que fueron \u201cmuy enriquecedoras\u201d, al tiempo que destac\u00f3 las tem\u00e1ticas y su an\u00e1lisis.<\/p>\n<p><img loading=\"lazy\" class=\"alignnone wp-image-4600 size-full\" src=\"http:\/\/defensoriaparana.com.ar\/wp-content\/uploads\/2023\/03\/defensores-foro-1.jpg\" alt=\"\" width=\"640\" height=\"899\" srcset=\"https:\/\/defensoriaparana.com.ar\/wp-content\/uploads\/2023\/03\/defensores-foro-1.jpg 640w, https:\/\/defensoriaparana.com.ar\/wp-content\/uploads\/2023\/03\/defensores-foro-1-214x300.jpg 214w\" sizes=\"(max-width: 640px) 100vw, 640px\" \/><\/p>\n<p>&nbsp;<\/p>\n<p>Adem\u00e1s, las autoridades de Paran\u00e1 fueron parte de una reuni\u00f3n entre las Defensor\u00edas del Pueblo de Iberoam\u00e9rica y la Red Iberoamericana de Universidades comprometidas con la Educaci\u00f3n en Derechos Humanos y la Ciudadan\u00eda Inclusiva en la Sede de Secretar\u00eda de Asuntos Acad\u00e9micos de la Universidad de Buenos Aires (UBA).<\/p>\n<p>El objetivo del encuentro consisti\u00f3 en la creaci\u00f3n de una alianza de las partes para generar una retroalimentaci\u00f3n en saberes y experiencia para implementar en las c\u00e1tedras. La idea apunta, principalmente, a grupos de atenci\u00f3n prioritaria para \u201cpotenciar la eficacia de los esfuerzos en pos de la educaci\u00f3n, la defensa y la promoci\u00f3n de los Derechos Humanos en Iberoam\u00e9rica\u201d, se publica desde AGOL \u00a0(Alianza Global del Ombudsperson Local).<\/p>\n<p><img loading=\"lazy\" class=\"alignnone wp-image-4597 \" src=\"http:\/\/defensoriaparana.com.ar\/wp-content\/uploads\/2023\/03\/defensoras-ligia-1024x768.jpg\" alt=\"\" width=\"876\" height=\"657\" srcset=\"https:\/\/defensoriaparana.com.ar\/wp-content\/uploads\/2023\/03\/defensoras-ligia-1024x768.jpg 1024w, https:\/\/defensoriaparana.com.ar\/wp-content\/uploads\/2023\/03\/defensoras-ligia-300x225.jpg 300w, https:\/\/defensoriaparana.com.ar\/wp-content\/uploads\/2023\/03\/defensoras-ligia-768x576.jpg 768w, https:\/\/defensoriaparana.com.ar\/wp-content\/uploads\/2023\/03\/defensoras-ligia-1536x1152.jpg 1536w, https:\/\/defensoriaparana.com.ar\/wp-content\/uploads\/2023\/03\/defensoras-ligia.jpg 1600w\" sizes=\"(max-width: 876px) 100vw, 876px\" \/><\/p>\n<p>La red comprende a unas 50 universidades de 17 pa\u00edses y el encuentro fue considerado \u201cmuy positivo\u201d por las Defensoras de Paran\u00e1, quienes se comprometieron a seguir en comunicaci\u00f3n con esta organizaci\u00f3n y a trasladar la propuesta a las universidades locales. Al respecto, la Defensora Marcia L\u00f3pez conform\u00f3 un comit\u00e9 internacional para promover las propuestas de la incorporaci\u00f3n de la c\u00e1tedra de derechos humanos en los posgrados y programas de estudio de carreras de grado.<\/p>\n<p>Ismael Rins, Defensor del Pueblo de R\u00edo Cuarto y Co-fundador y presidente de AGOL, encabez\u00f3 la actividad, a la que asistieron integrantes de la Secretar\u00eda Acad\u00e9mica de la UBA, de la Secretar\u00eda de Extensi\u00f3n de la Universidad Nacional de C\u00f3rdoba, de la presidencia de la Federaci\u00f3n Iberoamericana de los Ombudsperson, de la Defensor\u00eda de Ni\u00f1ez y Adolescentes de la Provincia de C\u00f3rdoba y de la Red Iberoamericana de Universidades comprometidas con la Educaci\u00f3n en Derechos Humanos y Ciudadan\u00eda Inclusiva. Tambi\u00e9n estuvieron integrantes de las Defensor\u00edas del Pueblo de Ecuador y Colombia y de las Defensor\u00edas del Pueblo argentinas de San Juan, Chaco, Vecinos de la Ciudad de Corrientes,\u00a0 Posadas, Tucum\u00e1n, Escobar de Bel\u00e9n y Lan\u00fas.<\/p>\n<p><img loading=\"lazy\" class=\"alignnone wp-image-4599 \" src=\"http:\/\/defensoriaparana.com.ar\/wp-content\/uploads\/2023\/03\/defensores-foro-2.jpg\" alt=\"\" width=\"452\" height=\"640\" srcset=\"https:\/\/defensoriaparana.com.ar\/wp-content\/uploads\/2023\/03\/defensores-foro-2.jpg 640w, https:\/\/defensoriaparana.com.ar\/wp-content\/uploads\/2023\/03\/defensores-foro-2-212x300.jpg 212w\" sizes=\"(max-width: 452px) 100vw, 452px\" \/><img loading=\"lazy\" class=\"alignnone wp-image-4598 \" src=\"http:\/\/defensoriaparana.com.ar\/wp-content\/uploads\/2023\/03\/defensores-foro-3.jpg\" alt=\"\" width=\"464\" height=\"642\" srcset=\"https:\/\/defensoriaparana.com.ar\/wp-content\/uploads\/2023\/03\/defensores-foro-3.jpg 640w, https:\/\/defensoriaparana.com.ar\/wp-content\/uploads\/2023\/03\/defensores-foro-3-217x300.jpg 217w\" sizes=\"(max-width: 464px) 100vw, 464px\" \/><\/p>\n<p>Las Defensoras de Paran\u00e1 y sus pares participaron tambi\u00e9n en la actividad de la Fundaci\u00f3n COEPIO, que consisti\u00f3 en la presentaci\u00f3n en la Ex-ESMA del documental \u201cEl Camino es la Agroecolog\u00eda\u201d, con el que se busc\u00f3 reflexionar sobre la tem\u00e1tica. Se ahond\u00f3 sobre la agroecolog\u00eda, demostrando que el camino hacia un modelo agroalimentario con el foco puesto en la biodiversidad y en la salud del suelo y de las personas, es posible. Sobre este tema, la Defensora Pautaso plante\u00f3 el hecho de la existencia de enfermedades y afectaci\u00f3n del sistema inmunol\u00f3gico en personas y animales a partir del uso de las formas de producci\u00f3n convencionales, en base a agrot\u00f3xicos. Tambi\u00e9n, respecto del maltrato y alimentaci\u00f3n utilizada en la cr\u00eda de animales de granja.<\/p>\n<p>.<\/p>\n<p><strong>Sobre personas mayores<\/strong><\/p>\n<p>.<\/p>\n<p>La Defensora Ligia Blanco, por su parte, asisti\u00f3 a una serie de charlas sobre los derechos de las personas mayores vinculados a las barreras tecnol\u00f3gicas y sobre demencia. Entre las ponencias, mencion\u00f3 Estrategias para promover los derechos humanos de las personas adultas mayores, La participaci\u00f3n de las personas mayores como derecho fundamental, Promoci\u00f3n de la autonom\u00eda en la vejez. Estrategias y herramientas, y Derecho de las personas mayores a la independencia. Adem\u00e1s, fue parte de charlas sobre talleres que se brindan a personas mayores en la Universidad de Rosario.<\/p>\n<p>La Defensora valor\u00f3 la posibilidad de haber participado del encuentro internacional y, a modo de conclusi\u00f3n de la experiencia, se\u00f1al\u00f3 que \u201clas problem\u00e1ticas se repiten en los diferentes puntos del pa\u00eds y en ese contexto se ve la diferencia de los recursos de cada lugar para dar respuestas\u201d.<\/p>\n<p>&nbsp;<\/p>\n<p>&nbsp;<\/p>\n","protected":false},"excerpt":{"rendered":"<p>Las Defensoras del Pueblo de la Ciudad de Paran\u00e1, Marcia L\u00f3pez, y Cecilia Pautaso (Adjunta), junto a la Defensora de los Derechos de las Personas Mayores, Ligia Blanco, participaron del III Foro Mundial de Derechos Humanos 2023, realizado en Buenos Aires entre el 20 y 24 de marzo. La actividad tiene como marco la semana [&hellip;]<\/p>\n","protected":false},"author":2,"featured_media":4596,"comment_status":"open","ping_status":"open","sticky":false,"template":"","format":"standard","meta":{"om_disable_all_campaigns":false,"_monsterinsights_skip_tracking":false,"_monsterinsights_sitenote_active":false,"_monsterinsights_sitenote_note":"","_monsterinsights_sitenote_category":0},"categories":[1],"tags":[],"_links":{"self":[{"href":"https:\/\/defensoriaparana.com.ar\/index.php\/wp-json\/wp\/v2\/posts\/4595"}],"collection":[{"href":"https:\/\/defensoriaparana.com.ar\/index.php\/wp-json\/wp\/v2\/posts"}],"about":[{"href":"https:\/\/defensoriaparana.com.ar\/index.php\/wp-json\/wp\/v2\/types\/post"}],"author":[{"embeddable":true,"href":"https:\/\/defensoriaparana.com.ar\/index.php\/wp-json\/wp\/v2\/users\/2"}],"replies":[{"embeddable":true,"href":"https:\/\/defensoriaparana.com.ar\/index.php\/wp-json\/wp\/v2\/comments?post=4595"}],"version-history":[{"count":1,"href":"https:\/\/defensoriaparana.com.ar\/index.php\/wp-json\/wp\/v2\/posts\/4595\/revisions"}],"predecessor-version":[{"id":4601,"href":"https:\/\/defensoriaparana.com.ar\/index.php\/wp-json\/wp\/v2\/posts\/4595\/revisions\/4601"}],"wp:featuredmedia":[{"embeddable":true,"href":"https:\/\/defensoriaparana.com.ar\/index.php\/wp-json\/wp\/v2\/media\/4596"}],"wp:attachment":[{"href":"https:\/\/defensoriaparana.com.ar\/index.php\/wp-json\/wp\/v2\/media?parent=4595"}],"wp:term":[{"taxonomy":"category","embeddable":true,"href":"https:\/\/defensoriaparana.com.ar\/index.php\/wp-json\/wp\/v2\/categories?post=4595"},{"taxonomy":"post_tag","embeddable":true,"href":"https:\/\/defensoriaparana.com.ar\/index.php\/wp-json\/wp\/v2\/tags?post=4595"}],"curies":[{"name":"wp","href":"https:\/\/api.w.org\/{rel}","templated":true}]}}