{"id":4607,"date":"2023-03-28T14:47:18","date_gmt":"2023-03-28T14:47:18","guid":{"rendered":"http:\/\/defensoriaparana.com.ar\/?p=4607"},"modified":"2023-03-28T14:47:18","modified_gmt":"2023-03-28T14:47:18","slug":"integrantes-de-la-defensoria-del-pueblo-participan-de-una-capacitacion-sobre-facilitacion-del-dialogo-en-contextos-carcelarios","status":"publish","type":"post","link":"https:\/\/defensoriaparana.com.ar\/index.php\/2023\/03\/28\/integrantes-de-la-defensoria-del-pueblo-participan-de-una-capacitacion-sobre-facilitacion-del-dialogo-en-contextos-carcelarios\/","title":{"rendered":"Integrantes de la Defensor\u00eda del Pueblo participan de una capacitaci\u00f3n sobre facilitaci\u00f3n del di\u00e1logo en contextos carcelarios"},"content":{"rendered":"<p>Una decena de personas mediadoras comunitarias, la mayor\u00eda integrante del equipo de trabajo de la Defensor\u00eda del Pueblo de la Ciudad de Paran\u00e1 junto a miembros del Registro ad honorem y voluntario de la instituci\u00f3n, comenz\u00f3 una capacitaci\u00f3n sobre facilitaci\u00f3n del di\u00e1logo en \u00e1mbitos de encierro, programa que desarrolla la Procuraci\u00f3n Penitenciaria de la Naci\u00f3n (PPN) para atender contextos carcelarios de distintos puntos del pa\u00eds.<\/p>\n<p>El curso comenz\u00f3 el martes 21 de marzo y son parte del grupo la Defensora del Pueblo de la Ciudad de Paran\u00e1, Marcia L\u00f3pez, y la Coordinadora del Centro de Mediaci\u00f3n, Irina Chausovsky. La modalidad de la capacitaci\u00f3n es virtual, con encuentros programados y lecturas de material. Se extender\u00e1 a lo largo de 2023.<\/p>\n<figure id=\"attachment_4608\" aria-describedby=\"caption-attachment-4608\" style=\"width: 960px\" class=\"wp-caption alignnone\"><img loading=\"lazy\" class=\"wp-image-4608 size-large\" src=\"http:\/\/defensoriaparana.com.ar\/wp-content\/uploads\/2023\/03\/irina-y-marcia-1024x576.jpg\" alt=\"\" width=\"960\" height=\"540\" srcset=\"https:\/\/defensoriaparana.com.ar\/wp-content\/uploads\/2023\/03\/irina-y-marcia-1024x576.jpg 1024w, https:\/\/defensoriaparana.com.ar\/wp-content\/uploads\/2023\/03\/irina-y-marcia-300x169.jpg 300w, https:\/\/defensoriaparana.com.ar\/wp-content\/uploads\/2023\/03\/irina-y-marcia-768x432.jpg 768w, https:\/\/defensoriaparana.com.ar\/wp-content\/uploads\/2023\/03\/irina-y-marcia.jpg 1366w\" sizes=\"(max-width: 960px) 100vw, 960px\" \/><figcaption id=\"caption-attachment-4608\" class=\"wp-caption-text\">La Defensora Marcia L\u00f3pez y la Coordinadora del Centro de Mediaci\u00f3n, Irina Chausovsky, participando de uno de los encuentros virtuales.<\/figcaption><\/figure>\n<p>El objetivo del programa, que se replica en Paran\u00e1, consiste en contribuir a la formaci\u00f3n de un grupo de personas con el fin de \u2013a trav\u00e9s de ellas- \u201cpromover acciones de di\u00e1logo en contextos de encierro o vinculados con ellos\u201d.<\/p>\n<p>Es que el proyecto considera al di\u00e1logo como base invalorable de transformaci\u00f3n de situaciones y realidades. \u201cLa utilizaci\u00f3n del di\u00e1logo como m\u00e9todo para resolver conflictos por parte de las personas que viven y trabajan en las c\u00e1rceles es el indicador clave que permite prever transformaciones favorables a los derechos humanos\u201d, se lee en parte del material provisto por el programa del PPN, titulado Marcos de Paz (MdP), la palabra como medio.<\/p>\n<p>La propuesta parte de la certeza de que \u201cel di\u00e1logo se aprende y se desarrolla como posibilidad -en lo personal y en lo grupal- b\u00e1sicamente dialogando\u201d y que las transformaciones surgen en quienes lo protagonizan porque a trav\u00e9s de \u00e9l encuentran \u201calgunas posibilidades que antes no hab\u00edan tenido: poder pedir ayuda, vislumbrar nuevos puntos de vista, conocer mejor a ciertas personas, descubrir sus propias potencialidades, etc\u201d.<\/p>\n<p>En cuanto al rol de los facilitadores, los organizadores explican que radica en \u201cacompa\u00f1ar el di\u00e1logo durante el tiempo que sea necesario, del modo m\u00e1s adecuado a las circunstancias y a las personas de cada comunidad (\u2026) Para que el di\u00e1logo se incorpore, en lo posible, a la vida de esas personas\u201d.<\/p>\n<p>Todo ello, partiendo de la base de que la palabra es un derecho humano. Su ejercicio libre es considerado fundamental, por lo que las instancias de facilitaci\u00f3n se fundan en espacios en los que predomine la invitaci\u00f3n al di\u00e1logo, a la escucha atenta y respetuosa y a la reflexi\u00f3n.<\/p>\n<p>Programa de Formaci\u00f3n-Acci\u00f3n para la Facilitaci\u00f3n del Di\u00e1logo en Contexto de Encierro es el t\u00edtulo completo de la capacitaci\u00f3n, que transita el octavo a\u00f1o de instrumentaci\u00f3n.<\/p>\n<p>.<\/p>\n<p>De qu\u00e9 se trata<\/p>\n<p>.<\/p>\n<p>La Procuraci\u00f3n Penitenciaria de la Naci\u00f3n (PPN) es un organismo estatal que funciona en el \u00e1mbito del Poder Legislativo, con autonom\u00eda e independencia, y cuyo objetivo fundante consiste en proteger los derechos fundamentales de las personas privadas de libertad en el \u00e1mbito federal y asimismo, controlar la actuaci\u00f3n del Servicio Penitenciario, seg\u00fan informa la p\u00e1gina web institucional. En ese marco, cumple la funci\u00f3n de mecanismo de prevenci\u00f3n de la tortura y otros malos tratos.<\/p>\n<p>Desde 2015, la PPN comenz\u00f3 a desarrollar experiencias de di\u00e1logo en contextos carcelarios con la colaboraci\u00f3n de otras instituciones p\u00fablicas. Concretamente, se trat\u00f3 de ayudar a construir colaborativamente con los integrantes de cada \u201ccomunidad de encierro\u201d, un espacio \u2013\u201cdenominado \u201cProbemos Hablando\u201d- para que dialoguen entre s\u00ed las personas privadas de libertad, y otro an\u00e1logo, \u201cConcordia\u201d, para quienes se desempe\u00f1an como agentes del Servicio Penitenciario Federal (SPF). Todo ello, con la posibilidad de que se construyan espacios para el di\u00e1logo entre las personas privadas de libertad y las autoridades, en diversos formatos, se consigna.<\/p>\n<figure id=\"attachment_4610\" aria-describedby=\"caption-attachment-4610\" style=\"width: 770px\" class=\"wp-caption alignnone\"><img loading=\"lazy\" class=\"wp-image-4610 size-full\" src=\"http:\/\/defensoriaparana.com.ar\/wp-content\/uploads\/2023\/03\/probemos-hablando-1.jpg\" alt=\"\" width=\"770\" height=\"400\" srcset=\"https:\/\/defensoriaparana.com.ar\/wp-content\/uploads\/2023\/03\/probemos-hablando-1.jpg 770w, https:\/\/defensoriaparana.com.ar\/wp-content\/uploads\/2023\/03\/probemos-hablando-1-300x156.jpg 300w, https:\/\/defensoriaparana.com.ar\/wp-content\/uploads\/2023\/03\/probemos-hablando-1-768x399.jpg 768w\" sizes=\"(max-width: 770px) 100vw, 770px\" \/><figcaption id=\"caption-attachment-4610\" class=\"wp-caption-text\">&#8220;Probemos Hablando&#8221;, uno de los espacios desarrollados en contextos carcelarios.<\/figcaption><\/figure>\n<p>Desde 2017, la labor se desarrolla desde el programa espec\u00edfico Marcos de Paz (MdP) y cuenta con el aporte de un grupo de facilitadores del di\u00e1logo integrado por integrantes de la PPN, de personas que se suman como voluntarias y desde otras instituciones p\u00fablicas. En este \u00faltimo grupo se enmarcar\u00e1 la participaci\u00f3n de la Defensor\u00eda del Pueblo de Paran\u00e1, que en el futuro procurar\u00e1 iniciar un trabajo sostenido en el tiempo en unidades carcelarias locales.<\/p>\n","protected":false},"excerpt":{"rendered":"<p>Una decena de personas mediadoras comunitarias, la mayor\u00eda integrante del equipo de trabajo de la Defensor\u00eda del Pueblo de la Ciudad de Paran\u00e1 junto a miembros del Registro ad honorem y voluntario de la instituci\u00f3n, comenz\u00f3 una capacitaci\u00f3n sobre facilitaci\u00f3n del di\u00e1logo en \u00e1mbitos de encierro, programa que desarrolla la Procuraci\u00f3n Penitenciaria de la Naci\u00f3n [&hellip;]<\/p>\n","protected":false},"author":2,"featured_media":4608,"comment_status":"open","ping_status":"open","sticky":false,"template":"","format":"standard","meta":{"om_disable_all_campaigns":false,"_monsterinsights_skip_tracking":false,"_monsterinsights_sitenote_active":false,"_monsterinsights_sitenote_note":"","_monsterinsights_sitenote_category":0},"categories":[1],"tags":[],"_links":{"self":[{"href":"https:\/\/defensoriaparana.com.ar\/index.php\/wp-json\/wp\/v2\/posts\/4607"}],"collection":[{"href":"https:\/\/defensoriaparana.com.ar\/index.php\/wp-json\/wp\/v2\/posts"}],"about":[{"href":"https:\/\/defensoriaparana.com.ar\/index.php\/wp-json\/wp\/v2\/types\/post"}],"author":[{"embeddable":true,"href":"https:\/\/defensoriaparana.com.ar\/index.php\/wp-json\/wp\/v2\/users\/2"}],"replies":[{"embeddable":true,"href":"https:\/\/defensoriaparana.com.ar\/index.php\/wp-json\/wp\/v2\/comments?post=4607"}],"version-history":[{"count":1,"href":"https:\/\/defensoriaparana.com.ar\/index.php\/wp-json\/wp\/v2\/posts\/4607\/revisions"}],"predecessor-version":[{"id":4611,"href":"https:\/\/defensoriaparana.com.ar\/index.php\/wp-json\/wp\/v2\/posts\/4607\/revisions\/4611"}],"wp:featuredmedia":[{"embeddable":true,"href":"https:\/\/defensoriaparana.com.ar\/index.php\/wp-json\/wp\/v2\/media\/4608"}],"wp:attachment":[{"href":"https:\/\/defensoriaparana.com.ar\/index.php\/wp-json\/wp\/v2\/media?parent=4607"}],"wp:term":[{"taxonomy":"category","embeddable":true,"href":"https:\/\/defensoriaparana.com.ar\/index.php\/wp-json\/wp\/v2\/categories?post=4607"},{"taxonomy":"post_tag","embeddable":true,"href":"https:\/\/defensoriaparana.com.ar\/index.php\/wp-json\/wp\/v2\/tags?post=4607"}],"curies":[{"name":"wp","href":"https:\/\/api.w.org\/{rel}","templated":true}]}}