{"id":4625,"date":"2023-04-05T13:39:08","date_gmt":"2023-04-05T13:39:08","guid":{"rendered":"http:\/\/defensoriaparana.com.ar\/?p=4625"},"modified":"2023-04-05T13:39:08","modified_gmt":"2023-04-05T13:39:08","slug":"la-defensoria-del-pueblo-de-parana-parte-de-una-consulta-internacional-sobre-la-justicia-comunitaria-en-la-region","status":"publish","type":"post","link":"https:\/\/defensoriaparana.com.ar\/index.php\/2023\/04\/05\/la-defensoria-del-pueblo-de-parana-parte-de-una-consulta-internacional-sobre-la-justicia-comunitaria-en-la-region\/","title":{"rendered":"La Defensor\u00eda del Pueblo de Paran\u00e1, parte de una consulta internacional sobre la justicia comunitaria en la regi\u00f3n"},"content":{"rendered":"<p>La Defensor\u00eda del Pueblo de la Ciudad de Paran\u00e1 fue convocada a participar de una consulta internacional sobre el estado de la justicia propia, comunitaria y no-formal en Am\u00e9rica Latina.<\/p>\n<p>El martes 28, la Defensora del Pueblo, Marcia L\u00f3pez, y la Coordinadora del Centro de Mediaci\u00f3n Comunitaria, Irina Chausovsky, fueron parte de una reuni\u00f3n virtual que abarc\u00f3 a representantes de organizaciones e instituciones de distintos pa\u00edses.<\/p>\n<p>El objetivo planteado por los impulsores de la propuesta consiste en crear un espacio para pensar y dimensionar el estado de la justicia comunitaria en Latinoam\u00e9rica, a trav\u00e9s de instituciones y organizaciones de diferentes naciones, y as\u00ed obtener un panorama del tema, el que ser\u00e1 incorporado en un informe que se presentar\u00e1 en la 2\u00aa Cumbre de los ODS (Objetivos de Desarrollo Sostenible) de Naciones Unidas, en septiembre pr\u00f3ximo. En dicho documento se buscar\u00e1 mostrar el estado de la justicia, cu\u00e1les son las necesidades, los avances y experiencias.<\/p>\n<p>La iniciativa est\u00e1 a cargo del Grupo de Trabajo sobre Justicia Propia, Comunitaria y No-formal y el ODS16+ que \u201cre\u00fane a diversas partes interesadas en la justicia de todo el mundo para seguir una agenda com\u00fan que aboga por la centralidad de los sistemas de justicia propia, comunitaria y no-formal en la b\u00fasqueda de una justicia para todos\u201d, se informa.<\/p>\n<p>Sobre la tarea, se explica que el \u201cgrupo explora y trata de identificar los medios m\u00e1s eficaces para incluir estos sistemas de justicia en los esfuerzos para lograr la justicia para todos, y comparte resultados clave a trav\u00e9s de recomendaciones orientadas hacia las pol\u00edticas p\u00fablicas y la pr\u00e1ctica\u201d. En el grupo participan m\u00e1s de 70 personas y organizaciones.<\/p>\n<p>Por Argentina, participaron referentes de mediaci\u00f3n comunitaria y facilitaci\u00f3n de procesos de di\u00e1logo de Misiones, Buenos Aires, Santa Fe, C\u00f3rdoba y Neuqu\u00e9n. En cuanto a otros pa\u00edses, estuvieron representantes de Chile, Uruguay, M\u00e9xico y Colombia.<\/p>\n<p><img loading=\"lazy\" class=\"alignnone wp-image-4626 size-large\" src=\"http:\/\/defensoriaparana.com.ar\/wp-content\/uploads\/2023\/04\/Irina-y-marcia-en-consulta-1024x599.jpg\" alt=\"\" width=\"960\" height=\"562\" srcset=\"https:\/\/defensoriaparana.com.ar\/wp-content\/uploads\/2023\/04\/Irina-y-marcia-en-consulta-1024x599.jpg 1024w, https:\/\/defensoriaparana.com.ar\/wp-content\/uploads\/2023\/04\/Irina-y-marcia-en-consulta-300x175.jpg 300w, https:\/\/defensoriaparana.com.ar\/wp-content\/uploads\/2023\/04\/Irina-y-marcia-en-consulta-768x449.jpg 768w, https:\/\/defensoriaparana.com.ar\/wp-content\/uploads\/2023\/04\/Irina-y-marcia-en-consulta.jpg 1065w\" sizes=\"(max-width: 960px) 100vw, 960px\" \/><\/p>\n<p><strong>Para resolver conflictos<\/strong><\/p>\n<p>Entre los conceptos expuestos, se reconoce el rol preponderante de la justicia comunitaria (JC) en el acceso a la justicia. Se entiende por justicia comunitaria \u201cel conjunto de instancias y procedimientos mediante los cuales, para situaciones de controversia, se regulan los comportamientos leg\u00edtimos a partir de normas propias de una comunidad o contexto cultural espec\u00edfico\u201d, explica Edgar Ardila Amaya en base a la experiencia colombiana.<\/p>\n<p>As\u00ed, se considera que la JC es la manera \u201cm\u00e1s com\u00fan para resolver disputas, problemas de justicia, y conflictos personales y grupales\u201d.\u00a0 Y que \u201cel acceso a la justicia debe incluir la experiencia de muchos ciudadanos con la JC\u201d.<\/p>\n<p>Al respecto, se propone abrir el debate en la regi\u00f3n sobre JC con el fin de mejorar el acceso a la justicia con la mira, principalmente, en los derechos humanos y la equidad de g\u00e9nero.<\/p>\n","protected":false},"excerpt":{"rendered":"<p>La Defensor\u00eda del Pueblo de la Ciudad de Paran\u00e1 fue convocada a participar de una consulta internacional sobre el estado de la justicia propia, comunitaria y no-formal en Am\u00e9rica Latina. El martes 28, la Defensora del Pueblo, Marcia L\u00f3pez, y la Coordinadora del Centro de Mediaci\u00f3n Comunitaria, Irina Chausovsky, fueron parte de una reuni\u00f3n virtual [&hellip;]<\/p>\n","protected":false},"author":2,"featured_media":4626,"comment_status":"open","ping_status":"open","sticky":false,"template":"","format":"standard","meta":{"om_disable_all_campaigns":false,"_monsterinsights_skip_tracking":false,"_monsterinsights_sitenote_active":false,"_monsterinsights_sitenote_note":"","_monsterinsights_sitenote_category":0},"categories":[1],"tags":[],"_links":{"self":[{"href":"https:\/\/defensoriaparana.com.ar\/index.php\/wp-json\/wp\/v2\/posts\/4625"}],"collection":[{"href":"https:\/\/defensoriaparana.com.ar\/index.php\/wp-json\/wp\/v2\/posts"}],"about":[{"href":"https:\/\/defensoriaparana.com.ar\/index.php\/wp-json\/wp\/v2\/types\/post"}],"author":[{"embeddable":true,"href":"https:\/\/defensoriaparana.com.ar\/index.php\/wp-json\/wp\/v2\/users\/2"}],"replies":[{"embeddable":true,"href":"https:\/\/defensoriaparana.com.ar\/index.php\/wp-json\/wp\/v2\/comments?post=4625"}],"version-history":[{"count":1,"href":"https:\/\/defensoriaparana.com.ar\/index.php\/wp-json\/wp\/v2\/posts\/4625\/revisions"}],"predecessor-version":[{"id":4627,"href":"https:\/\/defensoriaparana.com.ar\/index.php\/wp-json\/wp\/v2\/posts\/4625\/revisions\/4627"}],"wp:featuredmedia":[{"embeddable":true,"href":"https:\/\/defensoriaparana.com.ar\/index.php\/wp-json\/wp\/v2\/media\/4626"}],"wp:attachment":[{"href":"https:\/\/defensoriaparana.com.ar\/index.php\/wp-json\/wp\/v2\/media?parent=4625"}],"wp:term":[{"taxonomy":"category","embeddable":true,"href":"https:\/\/defensoriaparana.com.ar\/index.php\/wp-json\/wp\/v2\/categories?post=4625"},{"taxonomy":"post_tag","embeddable":true,"href":"https:\/\/defensoriaparana.com.ar\/index.php\/wp-json\/wp\/v2\/tags?post=4625"}],"curies":[{"name":"wp","href":"https:\/\/api.w.org\/{rel}","templated":true}]}}