{"id":4635,"date":"2023-04-13T21:27:56","date_gmt":"2023-04-13T21:27:56","guid":{"rendered":"http:\/\/defensoriaparana.com.ar\/?p=4635"},"modified":"2023-04-13T21:27:56","modified_gmt":"2023-04-13T21:27:56","slug":"la-defensoria-del-pueblo-estuvo-en-la-zona-sureste-y-atendio-consultas-y-reclamos","status":"publish","type":"post","link":"https:\/\/defensoriaparana.com.ar\/index.php\/2023\/04\/13\/la-defensoria-del-pueblo-estuvo-en-la-zona-sureste-y-atendio-consultas-y-reclamos\/","title":{"rendered":"La Defensor\u00eda del Pueblo estuvo en la zona sureste y atendi\u00f3 consultas y reclamos"},"content":{"rendered":"<p>Este jueves, la Defensor\u00eda del Pueblo de Paran\u00e1 retom\u00f3 su participaci\u00f3n en la jornada de atenci\u00f3n a la comunidad en los barrios, que re\u00fane a \u00e1reas municipales, provinciales y nacionales, con el fin de acercar distintos servicios y tr\u00e1mites a la ciudadan\u00eda.<\/p>\n<p>La Defensor\u00eda viene siendo parte de las jornadas, organizadas por la Municipalidad de Paran\u00e1, desde el inicio, en 2021 y a lo largo de 2022.\u00a0 La atenci\u00f3n se realiza una vez por semana, los jueves, en distintos puntos de la ciudad.<\/p>\n<p>En esta esta oportunidad, la oficina m\u00f3vil de la Defensor\u00eda estuvo en la Plaza del barrio Nueva Esperanza, en las calles Coronel Tompson y Cabo Julio O Ben\u00edtez. All\u00ed se instalaron las mesas al aire libre hasta donde llegaron personas de sectores aleda\u00f1os a esa zona del sureste de la ciudad.<\/p>\n<p>La Defensora del Pueblo, Marcia L\u00f3pez, estuvo a cargo de la atenci\u00f3n de quienes se acercaron a la oficina m\u00f3vil de la instituci\u00f3n en busca de informaci\u00f3n y orientaci\u00f3n, para realizar una consulta o formalizar un reclamo.<\/p>\n<p><img loading=\"lazy\" class=\"alignnone wp-image-4636 \" src=\"http:\/\/defensoriaparana.com.ar\/wp-content\/uploads\/2023\/04\/Defensoria-jornada-1-768x1024.jpg\" alt=\"\" width=\"556\" height=\"741\" srcset=\"https:\/\/defensoriaparana.com.ar\/wp-content\/uploads\/2023\/04\/Defensoria-jornada-1-768x1024.jpg 768w, https:\/\/defensoriaparana.com.ar\/wp-content\/uploads\/2023\/04\/Defensoria-jornada-1-225x300.jpg 225w, https:\/\/defensoriaparana.com.ar\/wp-content\/uploads\/2023\/04\/Defensoria-jornada-1-1152x1536.jpg 1152w, https:\/\/defensoriaparana.com.ar\/wp-content\/uploads\/2023\/04\/Defensoria-jornada-1.jpg 1200w\" sizes=\"(max-width: 556px) 100vw, 556px\" \/><img loading=\"lazy\" class=\"alignnone wp-image-4638 \" src=\"http:\/\/defensoriaparana.com.ar\/wp-content\/uploads\/2023\/04\/Defensoria-jornada-2-768x1024.jpg\" alt=\"\" width=\"556\" height=\"741\" srcset=\"https:\/\/defensoriaparana.com.ar\/wp-content\/uploads\/2023\/04\/Defensoria-jornada-2-768x1024.jpg 768w, https:\/\/defensoriaparana.com.ar\/wp-content\/uploads\/2023\/04\/Defensoria-jornada-2-225x300.jpg 225w, https:\/\/defensoriaparana.com.ar\/wp-content\/uploads\/2023\/04\/Defensoria-jornada-2-1152x1536.jpg 1152w, https:\/\/defensoriaparana.com.ar\/wp-content\/uploads\/2023\/04\/Defensoria-jornada-2.jpg 1200w\" sizes=\"(max-width: 556px) 100vw, 556px\" \/><\/p>\n<p>Cabe recordar que adem\u00e1s de recepcionar consultas y reclamos sobre diversos temas, la Defensor\u00eda brinda asesoramiento e informaci\u00f3n sobre distintos temas, atiende solicitudes de mediaci\u00f3n y cuestiones referidas a derechos de la personas mayores, entre otras tem\u00e1ticas.<\/p>\n<p>Cabe recordar que la salida a los barrios es una actividad primordial de la instituci\u00f3n, enmarcada en el programa \u201cLa Defensor\u00eda al encuentro\u201d de la ciudadan\u00eda. Se trata de la posibilidad de acercar y facilitar los servicios que ofrece la instituci\u00f3n a habitantes de distintas zonas de la ciudad, como tambi\u00e9n de informar y promover los derechos ciudadanos y la importancia de conocerlos y exigir su cumplimiento. Tambi\u00e9n, es un espacio donde se informa y explica el rol de la Defensor\u00eda en la defensa de esos derechos.<\/p>\n<p><img loading=\"lazy\" class=\"alignnone wp-image-4637 size-large\" src=\"http:\/\/defensoriaparana.com.ar\/wp-content\/uploads\/2023\/04\/Defensoria-jornada-1024x768.jpg\" alt=\"\" width=\"960\" height=\"720\" srcset=\"https:\/\/defensoriaparana.com.ar\/wp-content\/uploads\/2023\/04\/Defensoria-jornada-1024x768.jpg 1024w, https:\/\/defensoriaparana.com.ar\/wp-content\/uploads\/2023\/04\/Defensoria-jornada-300x225.jpg 300w, https:\/\/defensoriaparana.com.ar\/wp-content\/uploads\/2023\/04\/Defensoria-jornada-768x576.jpg 768w, https:\/\/defensoriaparana.com.ar\/wp-content\/uploads\/2023\/04\/Defensoria-jornada-1536x1152.jpg 1536w, https:\/\/defensoriaparana.com.ar\/wp-content\/uploads\/2023\/04\/Defensoria-jornada.jpg 1600w\" sizes=\"(max-width: 960px) 100vw, 960px\" \/><\/p>\n<p>Tambi\u00e9n estuvieron en la jornada de este jueves, seg\u00fan se inform\u00f3 desde la Comuna, las oficinas de: Tarjeta Sube, Anses, DNI M\u00f3vil, Oficina de Empleo, Defensa al Consumidor, Ministerio de Salud de la Entre R\u00edos con vacunaciones, la Subsecretar\u00eda de Salud de la Municipalidad con testeos de VIH, el programa Presentes del Consejo General de Educaci\u00f3n (CGE), Pami, Inadi, y las subsecretar\u00edas que dependen de la Secretar\u00eda de Pol\u00edticas Sociales, Inclusivas y Comunitarias de la Municipalidad, entre otras.<\/p>\n","protected":false},"excerpt":{"rendered":"<p>Este jueves, la Defensor\u00eda del Pueblo de Paran\u00e1 retom\u00f3 su participaci\u00f3n en la jornada de atenci\u00f3n a la comunidad en los barrios, que re\u00fane a \u00e1reas municipales, provinciales y nacionales, con el fin de acercar distintos servicios y tr\u00e1mites a la ciudadan\u00eda. La Defensor\u00eda viene siendo parte de las jornadas, organizadas por la Municipalidad de [&hellip;]<\/p>\n","protected":false},"author":2,"featured_media":4636,"comment_status":"open","ping_status":"open","sticky":false,"template":"","format":"standard","meta":{"om_disable_all_campaigns":false,"_monsterinsights_skip_tracking":false,"_monsterinsights_sitenote_active":false,"_monsterinsights_sitenote_note":"","_monsterinsights_sitenote_category":0},"categories":[1],"tags":[],"_links":{"self":[{"href":"https:\/\/defensoriaparana.com.ar\/index.php\/wp-json\/wp\/v2\/posts\/4635"}],"collection":[{"href":"https:\/\/defensoriaparana.com.ar\/index.php\/wp-json\/wp\/v2\/posts"}],"about":[{"href":"https:\/\/defensoriaparana.com.ar\/index.php\/wp-json\/wp\/v2\/types\/post"}],"author":[{"embeddable":true,"href":"https:\/\/defensoriaparana.com.ar\/index.php\/wp-json\/wp\/v2\/users\/2"}],"replies":[{"embeddable":true,"href":"https:\/\/defensoriaparana.com.ar\/index.php\/wp-json\/wp\/v2\/comments?post=4635"}],"version-history":[{"count":1,"href":"https:\/\/defensoriaparana.com.ar\/index.php\/wp-json\/wp\/v2\/posts\/4635\/revisions"}],"predecessor-version":[{"id":4639,"href":"https:\/\/defensoriaparana.com.ar\/index.php\/wp-json\/wp\/v2\/posts\/4635\/revisions\/4639"}],"wp:featuredmedia":[{"embeddable":true,"href":"https:\/\/defensoriaparana.com.ar\/index.php\/wp-json\/wp\/v2\/media\/4636"}],"wp:attachment":[{"href":"https:\/\/defensoriaparana.com.ar\/index.php\/wp-json\/wp\/v2\/media?parent=4635"}],"wp:term":[{"taxonomy":"category","embeddable":true,"href":"https:\/\/defensoriaparana.com.ar\/index.php\/wp-json\/wp\/v2\/categories?post=4635"},{"taxonomy":"post_tag","embeddable":true,"href":"https:\/\/defensoriaparana.com.ar\/index.php\/wp-json\/wp\/v2\/tags?post=4635"}],"curies":[{"name":"wp","href":"https:\/\/api.w.org\/{rel}","templated":true}]}}