{"id":4649,"date":"2023-04-24T10:58:45","date_gmt":"2023-04-24T10:58:45","guid":{"rendered":"http:\/\/defensoriaparana.com.ar\/?p=4649"},"modified":"2023-04-24T10:58:45","modified_gmt":"2023-04-24T10:58:45","slug":"conocer-los-derechos-es-vital-para-poder-ejercerlos","status":"publish","type":"post","link":"https:\/\/defensoriaparana.com.ar\/index.php\/2023\/04\/24\/conocer-los-derechos-es-vital-para-poder-ejercerlos\/","title":{"rendered":"&#8220;Conocer los derechos es vital para poder ejercerlos&#8221;"},"content":{"rendered":"<p>Sobre la funci\u00f3n de la Defensor\u00eda del Pueblo en resguardo de los derechos ciudadanos, su alcance, y cu\u00e1ndo acudir a ella ante casos de vulneraci\u00f3n y requerimiento de asesoramiento e informaci\u00f3n, fueron algunos aspectos abordados por la directora de Relaciones Institucionales de la Defensor\u00eda del Pueblo de la Naci\u00f3n, Alicia Peressutti, junto a las Defensoras del Pueblo de Paran\u00e1.<\/p>\n<p>Los conceptos, en una nota publicada por El Diario el domingo 23 de abril:\u00a0 https:\/\/www.eldiario.com.ar\/261982-conocer-los-derechos-es-vital-para-poder-ejercerlos\/<\/p>\n<p>&nbsp;<\/p>\n<p>&nbsp;<\/p>\n","protected":false},"excerpt":{"rendered":"<p>Sobre la funci\u00f3n de la Defensor\u00eda del Pueblo en resguardo de los derechos ciudadanos, su alcance, y cu\u00e1ndo acudir a ella ante casos de vulneraci\u00f3n y requerimiento de asesoramiento e informaci\u00f3n, fueron algunos aspectos abordados por la directora de Relaciones Institucionales de la Defensor\u00eda del Pueblo de la Naci\u00f3n, Alicia Peressutti, junto a las Defensoras [&hellip;]<\/p>\n","protected":false},"author":2,"featured_media":4650,"comment_status":"open","ping_status":"open","sticky":false,"template":"","format":"standard","meta":{"om_disable_all_campaigns":false,"_monsterinsights_skip_tracking":false,"_monsterinsights_sitenote_active":false,"_monsterinsights_sitenote_note":"","_monsterinsights_sitenote_category":0},"categories":[1],"tags":[],"_links":{"self":[{"href":"https:\/\/defensoriaparana.com.ar\/index.php\/wp-json\/wp\/v2\/posts\/4649"}],"collection":[{"href":"https:\/\/defensoriaparana.com.ar\/index.php\/wp-json\/wp\/v2\/posts"}],"about":[{"href":"https:\/\/defensoriaparana.com.ar\/index.php\/wp-json\/wp\/v2\/types\/post"}],"author":[{"embeddable":true,"href":"https:\/\/defensoriaparana.com.ar\/index.php\/wp-json\/wp\/v2\/users\/2"}],"replies":[{"embeddable":true,"href":"https:\/\/defensoriaparana.com.ar\/index.php\/wp-json\/wp\/v2\/comments?post=4649"}],"version-history":[{"count":1,"href":"https:\/\/defensoriaparana.com.ar\/index.php\/wp-json\/wp\/v2\/posts\/4649\/revisions"}],"predecessor-version":[{"id":4651,"href":"https:\/\/defensoriaparana.com.ar\/index.php\/wp-json\/wp\/v2\/posts\/4649\/revisions\/4651"}],"wp:featuredmedia":[{"embeddable":true,"href":"https:\/\/defensoriaparana.com.ar\/index.php\/wp-json\/wp\/v2\/media\/4650"}],"wp:attachment":[{"href":"https:\/\/defensoriaparana.com.ar\/index.php\/wp-json\/wp\/v2\/media?parent=4649"}],"wp:term":[{"taxonomy":"category","embeddable":true,"href":"https:\/\/defensoriaparana.com.ar\/index.php\/wp-json\/wp\/v2\/categories?post=4649"},{"taxonomy":"post_tag","embeddable":true,"href":"https:\/\/defensoriaparana.com.ar\/index.php\/wp-json\/wp\/v2\/tags?post=4649"}],"curies":[{"name":"wp","href":"https:\/\/api.w.org\/{rel}","templated":true}]}}