{"id":4663,"date":"2023-04-27T19:50:06","date_gmt":"2023-04-27T19:50:06","guid":{"rendered":"http:\/\/defensoriaparana.com.ar\/?p=4663"},"modified":"2023-04-27T19:51:58","modified_gmt":"2023-04-27T19:51:58","slug":"la-defensoria-del-pueblo-estuvo-en-barrio-parana-xx","status":"publish","type":"post","link":"https:\/\/defensoriaparana.com.ar\/index.php\/2023\/04\/27\/la-defensoria-del-pueblo-estuvo-en-barrio-parana-xx\/","title":{"rendered":"La Defensor\u00eda del Pueblo estuvo en barrio Paran\u00e1 XX"},"content":{"rendered":"<p>En el marco de las jornadas de atenci\u00f3n a la comunidad que se realizan los jueves de cada semana en distintos puntos de la ciudad, la Defensor\u00eda del Pueblo de Paran\u00e1 atendi\u00f3 hoy consultas, reclamos y solicitudes de orientaci\u00f3n y acompa\u00f1amiento en la zona del barrio Paran\u00e1 XX.<\/p>\n<p>La actividad se desarroll\u00f3 en inmediaciones del Sal\u00f3n de Usos M\u00faltiples, ubicado en calle Gobernador L\u00f3pez Jord\u00e1n 181, y la Defensora del Pueblo Adjunta, Cecilia Pautaso, estuvo a cargo de la oficina m\u00f3vil de la instituci\u00f3n.<\/p>\n<p>Durante la ma\u00f1ana, atendi\u00f3 un n\u00famero importante de personas que se acerc\u00f3 con dudas y planteos acerca de diferentes temas. Entre ellos, la Defensora respondi\u00f3 consultas acerca de la reglamentaci\u00f3n nacional de la Ley de Enfermedad Cel\u00edaca, hecho que ocurri\u00f3 el mi\u00e9rcoles mediante decreto. Tambi\u00e9n atendi\u00f3 medios de comunicaci\u00f3n que se acercaron por el tema en vista de su doble rol, como autoridad de la Defensor\u00eda y Presidenta de la Asociaci\u00f3n de Cel\u00edacos de Entre R\u00edos (ACER). Adem\u00e1s recibi\u00f3 pedidos de tr\u00e1mites relacionados al derecho de identidad, reclamos por servicios de provisi\u00f3n de agua y por conflictos entre vecinos.<\/p>\n<figure id=\"attachment_4664\" aria-describedby=\"caption-attachment-4664\" style=\"width: 614px\" class=\"wp-caption alignnone\"><img loading=\"lazy\" class=\"wp-image-4664 \" src=\"http:\/\/defensoriaparana.com.ar\/wp-content\/uploads\/2023\/04\/CECILIA-PARANA-XX-1024x899.jpg\" alt=\"\" width=\"614\" height=\"539\" srcset=\"https:\/\/defensoriaparana.com.ar\/wp-content\/uploads\/2023\/04\/CECILIA-PARANA-XX-1024x899.jpg 1024w, https:\/\/defensoriaparana.com.ar\/wp-content\/uploads\/2023\/04\/CECILIA-PARANA-XX-300x263.jpg 300w, https:\/\/defensoriaparana.com.ar\/wp-content\/uploads\/2023\/04\/CECILIA-PARANA-XX-768x674.jpg 768w, https:\/\/defensoriaparana.com.ar\/wp-content\/uploads\/2023\/04\/CECILIA-PARANA-XX.jpg 1187w\" sizes=\"(max-width: 614px) 100vw, 614px\" \/><figcaption id=\"caption-attachment-4664\" class=\"wp-caption-text\">La Defensora del Pueblo Adjunta, Cecilia Pautaso, estuvo a cargo de la oficina m\u00f3vil.<\/figcaption><\/figure>\n<p>La jornada de atenci\u00f3n incluy\u00f3 oficinas de \u00e1reas municipales, provinciales y nacionales, en las que las personas pudieron realizar distintas consultas y \u00a0tr\u00e1mites.<\/p>\n<p>Participan de las recorridas por los barrios las oficinas de la Tarjeta Sube, Anses, DNI M\u00f3vil, Oficina de Empleo, Defensa al Consumidor, Ministerio de Salud de la Entre R\u00edos con vacunaciones, la Subsecretar\u00eda de Salud de la Municipalidad con testeos de VIH, el programa Presentes del Consejo General de Educaci\u00f3n (CGE), Pami, Inadi, y las subsecretar\u00edas que dependen de la Secretar\u00eda de Pol\u00edticas Sociales, Inclusivas y Comunitarias de la Municipalidad, entre otras.<\/p>\n<p>&nbsp;<\/p>\n","protected":false},"excerpt":{"rendered":"<p>En el marco de las jornadas de atenci\u00f3n a la comunidad que se realizan los jueves de cada semana en distintos puntos de la ciudad, la Defensor\u00eda del Pueblo de Paran\u00e1 atendi\u00f3 hoy consultas, reclamos y solicitudes de orientaci\u00f3n y acompa\u00f1amiento en la zona del barrio Paran\u00e1 XX. La actividad se desarroll\u00f3 en inmediaciones del [&hellip;]<\/p>\n","protected":false},"author":2,"featured_media":4664,"comment_status":"open","ping_status":"open","sticky":false,"template":"","format":"standard","meta":{"om_disable_all_campaigns":false,"_monsterinsights_skip_tracking":false,"_monsterinsights_sitenote_active":false,"_monsterinsights_sitenote_note":"","_monsterinsights_sitenote_category":0},"categories":[1],"tags":[],"_links":{"self":[{"href":"https:\/\/defensoriaparana.com.ar\/index.php\/wp-json\/wp\/v2\/posts\/4663"}],"collection":[{"href":"https:\/\/defensoriaparana.com.ar\/index.php\/wp-json\/wp\/v2\/posts"}],"about":[{"href":"https:\/\/defensoriaparana.com.ar\/index.php\/wp-json\/wp\/v2\/types\/post"}],"author":[{"embeddable":true,"href":"https:\/\/defensoriaparana.com.ar\/index.php\/wp-json\/wp\/v2\/users\/2"}],"replies":[{"embeddable":true,"href":"https:\/\/defensoriaparana.com.ar\/index.php\/wp-json\/wp\/v2\/comments?post=4663"}],"version-history":[{"count":3,"href":"https:\/\/defensoriaparana.com.ar\/index.php\/wp-json\/wp\/v2\/posts\/4663\/revisions"}],"predecessor-version":[{"id":4667,"href":"https:\/\/defensoriaparana.com.ar\/index.php\/wp-json\/wp\/v2\/posts\/4663\/revisions\/4667"}],"wp:featuredmedia":[{"embeddable":true,"href":"https:\/\/defensoriaparana.com.ar\/index.php\/wp-json\/wp\/v2\/media\/4664"}],"wp:attachment":[{"href":"https:\/\/defensoriaparana.com.ar\/index.php\/wp-json\/wp\/v2\/media?parent=4663"}],"wp:term":[{"taxonomy":"category","embeddable":true,"href":"https:\/\/defensoriaparana.com.ar\/index.php\/wp-json\/wp\/v2\/categories?post=4663"},{"taxonomy":"post_tag","embeddable":true,"href":"https:\/\/defensoriaparana.com.ar\/index.php\/wp-json\/wp\/v2\/tags?post=4663"}],"curies":[{"name":"wp","href":"https:\/\/api.w.org\/{rel}","templated":true}]}}