{"id":4669,"date":"2023-04-28T22:50:59","date_gmt":"2023-04-28T22:50:59","guid":{"rendered":"http:\/\/defensoriaparana.com.ar\/?p=4669"},"modified":"2023-04-28T22:50:59","modified_gmt":"2023-04-28T22:50:59","slug":"la-defensora-cecilia-pautaso-considero-un-avance-la-reglamentacion-de-la-ley-nacional-de-la-enfermedad-celiaca","status":"publish","type":"post","link":"https:\/\/defensoriaparana.com.ar\/index.php\/2023\/04\/28\/la-defensora-cecilia-pautaso-considero-un-avance-la-reglamentacion-de-la-ley-nacional-de-la-enfermedad-celiaca\/","title":{"rendered":"La Defensora Cecilia Pautaso consider\u00f3 un avance la reglamentaci\u00f3n de la ley nacional de la enfermedad cel\u00edaca"},"content":{"rendered":"<p>Cecilia Pautaso, en su rol de Defensora del Pueblo Adjunta de la Ciudad de Paran\u00e1 y presidenta de la Asociaci\u00f3n de Cel\u00edacos de Entre R\u00edos (ACER), se refiri\u00f3 acerca de la reglamentaci\u00f3n, establecida por decreto el \u00faltimo mi\u00e9rcoles, de la Ley Nacional de Celiaqu\u00eda N\u00ba 26.588, sancionada en 2009.<\/p>\n<p>Dijo que era una medida que se esperaba hace a\u00f1os y coment\u00f3 que desde su rol de Defensora y titular de la ong hab\u00eda realizado gestiones ante la Defensor\u00eda del Pueblo de la Naci\u00f3n para que se actualicen los montos de cobertura que tienen que dar las obras sociales a las personas con celiaqu\u00eda. Record\u00f3 que hasta ahora eran de 2.672 pesos para una canasta b\u00e1sica libre de gluten que ronda los 110 mil pesos. Con esta reglamentaci\u00f3n se logra que ese monto ascienda a 7.806 pesos con actualizaciones cada seis meses. \u201cSigue siendo insuficiente, pero entendemos que es un avance y que tendremos que seguir trabajando\u201d, afirm\u00f3.<\/p>\n<p>Record\u00f3 que tanto la ley nacional como la provincial N\u00b0 9938, establecen la incorporaci\u00f3n de la obligatoriedad de ofrecimiento de men\u00fas libres de gluten en diferentes instituciones y establecimientos con afluencia de personas, como escuelas, clubes, institutos carcelarios, hospitales.<\/p>\n<p><img loading=\"lazy\" class=\"alignnone wp-image-4670 size-full\" src=\"http:\/\/defensoriaparana.com.ar\/wp-content\/uploads\/2023\/04\/Captura.jpg\" alt=\"\" width=\"329\" height=\"179\" srcset=\"https:\/\/defensoriaparana.com.ar\/wp-content\/uploads\/2023\/04\/Captura.jpg 329w, https:\/\/defensoriaparana.com.ar\/wp-content\/uploads\/2023\/04\/Captura-300x163.jpg 300w\" sizes=\"(max-width: 329px) 100vw, 329px\" \/><\/p>\n<p>Seguidamente, coment\u00f3 que la obra social provincial Iosper inform\u00f3 este jueves que adherir\u00e1 a las nuevas coberturas fijadas por la ley nacional.<\/p>\n<p>Recomend\u00f3 a la poblaci\u00f3n con la enfermedad cel\u00edaca que acerque a su obra social una copia del Decreto reglamentario N\u00b0 218 -informaci\u00f3n que se encuentra en p\u00e1ginas web oficiales o que puede ser proporcionada por la Defensor\u00eda del Pueblo, ubicada en calle Yrigoyen 236-, junto a una nota solicitando su urgente aplicaci\u00f3n. Todo ello, con el fin de acortar los tiempos de instrumentaci\u00f3n.<\/p>\n<p>Para las personas que no tienen obra social, inform\u00f3 que el tr\u00e1mite se realiza en Desarrollo Social de cada Municipio y el monto asignado es de 11.500 pesos.<\/p>\n<p>Por \u00faltimo, remarc\u00f3 la importancia de concretar ese tr\u00e1mite ya que \u201cde alg\u00fan modo acompa\u00f1a el tratamiento que se basa exclusivamente en una alimentaci\u00f3n libre de trigo, avena, cebada y centeno, canasta cuyo precio es bastante m\u00e1s elevado que el de los alimentos en general\u201d.<\/p>\n<p>Por m\u00e1s informaci\u00f3n, las personas interesadas pueden comunicarse con la Defensor\u00eda del Pueblo al WhatsApp 343 5346616 o al mail\u00a0 defensoriaparana@gmail.com.<\/p>\n<p>Nota completa period\u00edstica completa en\u00a0\u00a0<a href=\"https:\/\/www.facebook.com\/watch\/?extid=WA-UNK-UNK-UNK-AN_GK0T-GK1C&amp;mibextid=2Rb1fB&amp;v=162937853096001\">https:\/\/www.facebook.com\/watch\/?extid=WA-UNK-UNK-UNK-AN_GK0T-GK1C&amp;mibextid=2Rb1fB&amp;v=162937853096001<\/a><\/p>\n","protected":false},"excerpt":{"rendered":"<p>Cecilia Pautaso, en su rol de Defensora del Pueblo Adjunta de la Ciudad de Paran\u00e1 y presidenta de la Asociaci\u00f3n de Cel\u00edacos de Entre R\u00edos (ACER), se refiri\u00f3 acerca de la reglamentaci\u00f3n, establecida por decreto el \u00faltimo mi\u00e9rcoles, de la Ley Nacional de Celiaqu\u00eda N\u00ba 26.588, sancionada en 2009. Dijo que era una medida que [&hellip;]<\/p>\n","protected":false},"author":2,"featured_media":4670,"comment_status":"open","ping_status":"open","sticky":false,"template":"","format":"standard","meta":{"om_disable_all_campaigns":false,"_monsterinsights_skip_tracking":false,"_monsterinsights_sitenote_active":false,"_monsterinsights_sitenote_note":"","_monsterinsights_sitenote_category":0},"categories":[1],"tags":[],"_links":{"self":[{"href":"https:\/\/defensoriaparana.com.ar\/index.php\/wp-json\/wp\/v2\/posts\/4669"}],"collection":[{"href":"https:\/\/defensoriaparana.com.ar\/index.php\/wp-json\/wp\/v2\/posts"}],"about":[{"href":"https:\/\/defensoriaparana.com.ar\/index.php\/wp-json\/wp\/v2\/types\/post"}],"author":[{"embeddable":true,"href":"https:\/\/defensoriaparana.com.ar\/index.php\/wp-json\/wp\/v2\/users\/2"}],"replies":[{"embeddable":true,"href":"https:\/\/defensoriaparana.com.ar\/index.php\/wp-json\/wp\/v2\/comments?post=4669"}],"version-history":[{"count":1,"href":"https:\/\/defensoriaparana.com.ar\/index.php\/wp-json\/wp\/v2\/posts\/4669\/revisions"}],"predecessor-version":[{"id":4671,"href":"https:\/\/defensoriaparana.com.ar\/index.php\/wp-json\/wp\/v2\/posts\/4669\/revisions\/4671"}],"wp:featuredmedia":[{"embeddable":true,"href":"https:\/\/defensoriaparana.com.ar\/index.php\/wp-json\/wp\/v2\/media\/4670"}],"wp:attachment":[{"href":"https:\/\/defensoriaparana.com.ar\/index.php\/wp-json\/wp\/v2\/media?parent=4669"}],"wp:term":[{"taxonomy":"category","embeddable":true,"href":"https:\/\/defensoriaparana.com.ar\/index.php\/wp-json\/wp\/v2\/categories?post=4669"},{"taxonomy":"post_tag","embeddable":true,"href":"https:\/\/defensoriaparana.com.ar\/index.php\/wp-json\/wp\/v2\/tags?post=4669"}],"curies":[{"name":"wp","href":"https:\/\/api.w.org\/{rel}","templated":true}]}}