{"id":4672,"date":"2023-04-29T16:39:30","date_gmt":"2023-04-29T16:39:30","guid":{"rendered":"http:\/\/defensoriaparana.com.ar\/?p=4672"},"modified":"2023-04-29T16:39:30","modified_gmt":"2023-04-29T16:39:30","slug":"la-defensora-marcia-lopez-participo-en-actividades-por-los-derechos-de-la-ninez-y-la-adolescencia-y-contra-la-violencia-en-el-mundo-laboral","status":"publish","type":"post","link":"https:\/\/defensoriaparana.com.ar\/index.php\/2023\/04\/29\/la-defensora-marcia-lopez-participo-en-actividades-por-los-derechos-de-la-ninez-y-la-adolescencia-y-contra-la-violencia-en-el-mundo-laboral\/","title":{"rendered":"La Defensora Marcia L\u00f3pez particip\u00f3 en actividades por los derechos de la ni\u00f1ez y la adolescencia y contra la violencia en el mundo laboral"},"content":{"rendered":"<p>&nbsp;<\/p>\n<p>La Defensora del Pueblo de Paran\u00e1, Marcia L\u00f3pez, particip\u00f3 de dos actividades relacionadas a la defensa de derechos en los \u00e1mbitos laborales y de la ni\u00f1ez y adolescencia.<\/p>\n<p>.<\/p>\n<p>Derechos de Ni\u00f1as, Ni\u00f1os y Adolescentes<\/p>\n<p>.<img loading=\"lazy\" class=\"alignnone wp-image-4675 size-large\" src=\"http:\/\/defensoriaparana.com.ar\/wp-content\/uploads\/2023\/04\/JORNADA-PAPA-1024x512.jpeg\" alt=\"\" width=\"960\" height=\"480\" srcset=\"https:\/\/defensoriaparana.com.ar\/wp-content\/uploads\/2023\/04\/JORNADA-PAPA-1024x512.jpeg 1024w, https:\/\/defensoriaparana.com.ar\/wp-content\/uploads\/2023\/04\/JORNADA-PAPA-300x150.jpeg 300w, https:\/\/defensoriaparana.com.ar\/wp-content\/uploads\/2023\/04\/JORNADA-PAPA-768x384.jpeg 768w, https:\/\/defensoriaparana.com.ar\/wp-content\/uploads\/2023\/04\/JORNADA-PAPA-1536x768.jpeg 1536w, https:\/\/defensoriaparana.com.ar\/wp-content\/uploads\/2023\/04\/JORNADA-PAPA.jpeg 1600w\" sizes=\"(max-width: 960px) 100vw, 960px\" \/><\/p>\n<p>El jueves y viernes pasados asisti\u00f3, invitada especialmente, a las Jornadas Panamericanas sobre los Derechos Sociales de Ni\u00f1as, Ni\u00f1os y Adolescentes y la Doctrina Franciscana.<\/p>\n<p>La reuni\u00f3n, que cont\u00f3 con la presencia de m\u00e1s de 350 personas de Am\u00e9rica, se llev\u00f3 a cabo en el Centro Provincial de Convenciones de Paran\u00e1 y reuni\u00f3 a magistrados, funcionarios y expertos quienes debatieron sobre acciones para defender los derechos econ\u00f3micos, sociales, culturales y ambientales de la ni\u00f1ez y la adolescencia.<\/p>\n<p><img loading=\"lazy\" class=\"alignnone  wp-image-4676\" src=\"http:\/\/defensoriaparana.com.ar\/wp-content\/uploads\/2023\/04\/JORNADA-PAPA1-300x200.jpg\" alt=\"\" width=\"332\" height=\"221\" srcset=\"https:\/\/defensoriaparana.com.ar\/wp-content\/uploads\/2023\/04\/JORNADA-PAPA1-300x200.jpg 300w, https:\/\/defensoriaparana.com.ar\/wp-content\/uploads\/2023\/04\/JORNADA-PAPA1.jpg 700w\" sizes=\"(max-width: 332px) 100vw, 332px\" \/><\/p>\n<p>A trav\u00e9s de paneles y conferencias se abordaron tem\u00e1ticas como el acceso a la justicia, derechos econ\u00f3micos, sociales y culturales, justicia juvenil, pobreza, desigualdad infantil, violencia y maltrato, y trata y compraventa de ni\u00f1os.<\/p>\n<p>En el acto de apertura, se transmiti\u00f3 un video del papa Francisco en el que asegur\u00f3 que los ni\u00f1os son &#8220;las piezas m\u00e1s d\u00e9biles del sistema social, sufren las consecuencias de un orden injusto y no tiene tiempo para esperar. La respuesta debe ser tan inmediata como la necesidad, y no hay tiempo que perder&#8221;, publica la agencia Tel\u00e1m.<\/p>\n<p>.<\/p>\n<p>Sin violencia ni acoso en lo laboral<\/p>\n<p>.<\/p>\n<p>&nbsp;<\/p>\n<figure id=\"attachment_4673\" aria-describedby=\"caption-attachment-4673\" style=\"width: 960px\" class=\"wp-caption alignnone\"><img loading=\"lazy\" class=\"wp-image-4673 size-large\" src=\"http:\/\/defensoriaparana.com.ar\/wp-content\/uploads\/2023\/04\/Captura-violencia-laboral-1024x464.jpg\" alt=\"\" width=\"960\" height=\"435\" srcset=\"https:\/\/defensoriaparana.com.ar\/wp-content\/uploads\/2023\/04\/Captura-violencia-laboral-1024x464.jpg 1024w, https:\/\/defensoriaparana.com.ar\/wp-content\/uploads\/2023\/04\/Captura-violencia-laboral-300x136.jpg 300w, https:\/\/defensoriaparana.com.ar\/wp-content\/uploads\/2023\/04\/Captura-violencia-laboral-768x348.jpg 768w, https:\/\/defensoriaparana.com.ar\/wp-content\/uploads\/2023\/04\/Captura-violencia-laboral.jpg 1297w\" sizes=\"(max-width: 960px) 100vw, 960px\" \/><figcaption id=\"caption-attachment-4673\" class=\"wp-caption-text\">La Defensora Marcia L\u00f3pez durante la jornada.<\/figcaption><\/figure>\n<p>La Defensora Marcia L\u00f3pez particip\u00f3 tambi\u00e9n de una jornada sobre erradicaci\u00f3n de violencia y acoso laboral, organizada por la Secretar\u00eda de Trabajo de Entre R\u00edos y la Agencia Territorial del Ministerio de Trabajo de la Naci\u00f3n.<\/p>\n<p>El t\u00edtulo de la convocatoria fue \u201cAgenda 190, \u00bfc\u00f3mo erradicamos la violencia y el acoso laboral?\u201d. \u00a0Se realiz\u00f3 en el Centro de Convenciones La Vieja Usina de Paran\u00e1 y tuvo como disertantes a Cecilia Cross, de la subsecretaria de Pol\u00edticas de Inclusi\u00f3n en el Mundo Laboral del Ministerio de Trabajo, Empleo y Seguridad Social de la Naci\u00f3n, a la diputada provincial Estefan\u00eda Cora, al secretario de Trabajo, \u00c1ngel Zacar\u00edas, y a la jefa de la Agencia Territorial Paran\u00e1, Ivana P\u00e9rez. Tambi\u00e9n particip\u00f3 la ministra de Gobierno y Justicia, Rosario Romero.<\/p>\n<p><img loading=\"lazy\" class=\"alignnone size-medium wp-image-4674\" src=\"http:\/\/defensoriaparana.com.ar\/wp-content\/uploads\/2023\/04\/AGENDA-190-300x257.jpg\" alt=\"\" width=\"300\" height=\"257\" srcset=\"https:\/\/defensoriaparana.com.ar\/wp-content\/uploads\/2023\/04\/AGENDA-190-300x257.jpg 300w, https:\/\/defensoriaparana.com.ar\/wp-content\/uploads\/2023\/04\/AGENDA-190.jpg 720w\" sizes=\"(max-width: 300px) 100vw, 300px\" \/><\/p>\n<p>Respecto del t\u00edtulo de la jornada, se inform\u00f3 oficialmente que Argentina fue el cuarto pa\u00eds del planeta en ratificar el Convenio 190 de la Organizaci\u00f3n Internacional del Trabajo. La Agenda 190 plantea desaf\u00edos y aporta enfoques que requieren repensar el bienestar, las condiciones de trabajo y sobre todo el compromiso de trabajadores y empresas en la preservaci\u00f3n de la salud y del bienestar.<\/p>\n","protected":false},"excerpt":{"rendered":"<p>&nbsp; La Defensora del Pueblo de Paran\u00e1, Marcia L\u00f3pez, particip\u00f3 de dos actividades relacionadas a la defensa de derechos en los \u00e1mbitos laborales y de la ni\u00f1ez y adolescencia. . Derechos de Ni\u00f1as, Ni\u00f1os y Adolescentes . El jueves y viernes pasados asisti\u00f3, invitada especialmente, a las Jornadas Panamericanas sobre los Derechos Sociales de Ni\u00f1as, [&hellip;]<\/p>\n","protected":false},"author":2,"featured_media":4673,"comment_status":"open","ping_status":"open","sticky":false,"template":"","format":"standard","meta":{"om_disable_all_campaigns":false,"_monsterinsights_skip_tracking":false,"_monsterinsights_sitenote_active":false,"_monsterinsights_sitenote_note":"","_monsterinsights_sitenote_category":0},"categories":[1],"tags":[],"_links":{"self":[{"href":"https:\/\/defensoriaparana.com.ar\/index.php\/wp-json\/wp\/v2\/posts\/4672"}],"collection":[{"href":"https:\/\/defensoriaparana.com.ar\/index.php\/wp-json\/wp\/v2\/posts"}],"about":[{"href":"https:\/\/defensoriaparana.com.ar\/index.php\/wp-json\/wp\/v2\/types\/post"}],"author":[{"embeddable":true,"href":"https:\/\/defensoriaparana.com.ar\/index.php\/wp-json\/wp\/v2\/users\/2"}],"replies":[{"embeddable":true,"href":"https:\/\/defensoriaparana.com.ar\/index.php\/wp-json\/wp\/v2\/comments?post=4672"}],"version-history":[{"count":1,"href":"https:\/\/defensoriaparana.com.ar\/index.php\/wp-json\/wp\/v2\/posts\/4672\/revisions"}],"predecessor-version":[{"id":4677,"href":"https:\/\/defensoriaparana.com.ar\/index.php\/wp-json\/wp\/v2\/posts\/4672\/revisions\/4677"}],"wp:featuredmedia":[{"embeddable":true,"href":"https:\/\/defensoriaparana.com.ar\/index.php\/wp-json\/wp\/v2\/media\/4673"}],"wp:attachment":[{"href":"https:\/\/defensoriaparana.com.ar\/index.php\/wp-json\/wp\/v2\/media?parent=4672"}],"wp:term":[{"taxonomy":"category","embeddable":true,"href":"https:\/\/defensoriaparana.com.ar\/index.php\/wp-json\/wp\/v2\/categories?post=4672"},{"taxonomy":"post_tag","embeddable":true,"href":"https:\/\/defensoriaparana.com.ar\/index.php\/wp-json\/wp\/v2\/tags?post=4672"}],"curies":[{"name":"wp","href":"https:\/\/api.w.org\/{rel}","templated":true}]}}