{"id":4688,"date":"2023-05-04T15:57:05","date_gmt":"2023-05-04T15:57:05","guid":{"rendered":"http:\/\/defensoriaparana.com.ar\/?p=4688"},"modified":"2023-05-04T15:57:05","modified_gmt":"2023-05-04T15:57:05","slug":"como-mejorar-la-convivencia-la-defensoria-sigue-brindando-instancias-de-capacitacion","status":"publish","type":"post","link":"https:\/\/defensoriaparana.com.ar\/index.php\/2023\/05\/04\/como-mejorar-la-convivencia-la-defensoria-sigue-brindando-instancias-de-capacitacion\/","title":{"rendered":"C\u00f3mo mejorar la convivencia: la Defensor\u00eda sigue brindando instancias de capacitaci\u00f3n"},"content":{"rendered":"<p>Como parte del amplio trabajo que desarrolla la Defensor\u00eda del Pueblo de la Ciudad de Paran\u00e1 en la comunidad, se vienen realizando actividades relacionadas a talleres que buscan mejorar la convivencia en distintos contextos.<\/p>\n<p>En esta oportunidad, se desarrollaron capacitaciones en los \u00e1mbitos del Organismo de Defensa al Consumidor de Paran\u00e1 y de los tres Juzgados de Faltas del Municipio.<\/p>\n<figure id=\"attachment_4691\" aria-describedby=\"caption-attachment-4691\" style=\"width: 443px\" class=\"wp-caption alignnone\"><img loading=\"lazy\" class=\"wp-image-4691 \" src=\"http:\/\/defensoriaparana.com.ar\/wp-content\/uploads\/2023\/05\/IRINA-1024x691.jpg\" alt=\"\" width=\"443\" height=\"299\" srcset=\"https:\/\/defensoriaparana.com.ar\/wp-content\/uploads\/2023\/05\/IRINA-1024x691.jpg 1024w, https:\/\/defensoriaparana.com.ar\/wp-content\/uploads\/2023\/05\/IRINA-300x203.jpg 300w, https:\/\/defensoriaparana.com.ar\/wp-content\/uploads\/2023\/05\/IRINA-768x519.jpg 768w, https:\/\/defensoriaparana.com.ar\/wp-content\/uploads\/2023\/05\/IRINA.jpg 1139w\" sizes=\"(max-width: 443px) 100vw, 443px\" \/><figcaption id=\"caption-attachment-4691\" class=\"wp-caption-text\">Irina Chausovsky, Coordinadora del Centro de Mediaci\u00f3n, tuvo a cargo la capacitaci\u00f3n. La imagen corresponde a la actividad en Defensa al Consumidor.<\/figcaption><\/figure>\n<figure id=\"attachment_4689\" aria-describedby=\"caption-attachment-4689\" style=\"width: 447px\" class=\"wp-caption alignnone\"><img loading=\"lazy\" class=\"wp-image-4689 \" src=\"http:\/\/defensoriaparana.com.ar\/wp-content\/uploads\/2023\/05\/defensa-del-consumidor-que-va-1024x768.jpg\" alt=\"\" width=\"447\" height=\"336\" srcset=\"https:\/\/defensoriaparana.com.ar\/wp-content\/uploads\/2023\/05\/defensa-del-consumidor-que-va-1024x768.jpg 1024w, https:\/\/defensoriaparana.com.ar\/wp-content\/uploads\/2023\/05\/defensa-del-consumidor-que-va-300x225.jpg 300w, https:\/\/defensoriaparana.com.ar\/wp-content\/uploads\/2023\/05\/defensa-del-consumidor-que-va-768x576.jpg 768w, https:\/\/defensoriaparana.com.ar\/wp-content\/uploads\/2023\/05\/defensa-del-consumidor-que-va-1536x1152.jpg 1536w, https:\/\/defensoriaparana.com.ar\/wp-content\/uploads\/2023\/05\/defensa-del-consumidor-que-va.jpg 2048w\" sizes=\"(max-width: 447px) 100vw, 447px\" \/><figcaption id=\"caption-attachment-4689\" class=\"wp-caption-text\">Persona del organismo particip\u00f3 activamente de la propuesta.<\/figcaption><\/figure>\n<p>Los talleres estuvieron a cargo de la Coordinadora del Centro de Mediaci\u00f3n Comunitaria, Irina Chausovsky, y trataron de \u201cConversaciones saludables para mejorar la convivencia\u201d.<\/p>\n<p>En el caso de Defensa del Consumidor, se desarrollaron tres encuentros, desde febrero a abril, convocando tanto al personal que se desempe\u00f1a en tareas administrativas como de atenci\u00f3n al p\u00fablico y quienes toman las audiencias de conciliaci\u00f3n. En tanto, en los Juzgados de Faltas abarc\u00f3 a la totalidad del personal, junto a los tres jueces y los talleres tuvieron lugar los d\u00edas 26 y 27 de abril en la sede del organismo. En este caso en particular, dichas instancias de capacitaci\u00f3n y reflexi\u00f3n se enmarcan en un trabajo m\u00e1s amplio e integral de conversaciones institucionales que se vienen desarrollando desde octubre del a\u00f1o pasado, facilitados por la Coordinadora del Centro de Mediaci\u00f3n junto a la Defensora del Pueblo, con el fin de optimizar el funcionamiento.<\/p>\n<p><img loading=\"lazy\" class=\"alignnone wp-image-4692 \" src=\"http:\/\/defensoriaparana.com.ar\/wp-content\/uploads\/2023\/05\/IRINA-JUZ.jpg\" alt=\"\" width=\"397\" height=\"268\" srcset=\"https:\/\/defensoriaparana.com.ar\/wp-content\/uploads\/2023\/05\/IRINA-JUZ.jpg 852w, https:\/\/defensoriaparana.com.ar\/wp-content\/uploads\/2023\/05\/IRINA-JUZ-300x202.jpg 300w, https:\/\/defensoriaparana.com.ar\/wp-content\/uploads\/2023\/05\/IRINA-JUZ-768x518.jpg 768w\" sizes=\"(max-width: 397px) 100vw, 397px\" \/><\/p>\n<h6>La capacitaci\u00f3n en los Juzgados de Faltas incluy\u00f3 al personal y a los tres jueces.<\/h6>\n<p><img loading=\"lazy\" class=\"alignnone wp-image-4695 \" src=\"http:\/\/defensoriaparana.com.ar\/wp-content\/uploads\/2023\/05\/IRINA-JUZ1-1-1024x460.jpg\" alt=\"\" width=\"494\" height=\"222\" srcset=\"https:\/\/defensoriaparana.com.ar\/wp-content\/uploads\/2023\/05\/IRINA-JUZ1-1-1024x460.jpg 1024w, https:\/\/defensoriaparana.com.ar\/wp-content\/uploads\/2023\/05\/IRINA-JUZ1-1-300x135.jpg 300w, https:\/\/defensoriaparana.com.ar\/wp-content\/uploads\/2023\/05\/IRINA-JUZ1-1-768x345.jpg 768w, https:\/\/defensoriaparana.com.ar\/wp-content\/uploads\/2023\/05\/IRINA-JUZ1-1.jpg 1280w\" sizes=\"(max-width: 494px) 100vw, 494px\" \/><\/p>\n<p>Los talleres proponen una revisi\u00f3n sobre las miradas y las formas de reaccionar ante los conflictos cotidianos, haciendo hincapi\u00e9 en las percepciones, el manejo adecuado de emociones y herramientas de comunicaci\u00f3n eficaz.<\/p>\n<p>El Centro de Mediaci\u00f3n brinda talleres de forma gratuita y a pedido de instituciones y organizaciones de la ciudad, en el marco de uno de los ejes fundamentales de trabajo del \u00e1rea que consiste en la prevenci\u00f3n de la violencia y la promoci\u00f3n de relaciones sociales saludables.<\/p>\n<p>Para m\u00e1s informaci\u00f3n, las personas interesadas pueden dirigirse a la sede de la Defensor\u00eda, en calle H. Yrigoyen 236, llamar al (0343) 421-1029 o escribir a trav\u00e9s de la l\u00ednea de WhatsApp 343 5163712. Tambi\u00e9n, pueden comunicarse al mail mediacionparana@hotmail.com.<\/p>\n","protected":false},"excerpt":{"rendered":"<p>Como parte del amplio trabajo que desarrolla la Defensor\u00eda del Pueblo de la Ciudad de Paran\u00e1 en la comunidad, se vienen realizando actividades relacionadas a talleres que buscan mejorar la convivencia en distintos contextos. En esta oportunidad, se desarrollaron capacitaciones en los \u00e1mbitos del Organismo de Defensa al Consumidor de Paran\u00e1 y de los tres [&hellip;]<\/p>\n","protected":false},"author":2,"featured_media":4691,"comment_status":"open","ping_status":"open","sticky":false,"template":"","format":"standard","meta":{"om_disable_all_campaigns":false,"_monsterinsights_skip_tracking":false,"_monsterinsights_sitenote_active":false,"_monsterinsights_sitenote_note":"","_monsterinsights_sitenote_category":0},"categories":[1],"tags":[],"_links":{"self":[{"href":"https:\/\/defensoriaparana.com.ar\/index.php\/wp-json\/wp\/v2\/posts\/4688"}],"collection":[{"href":"https:\/\/defensoriaparana.com.ar\/index.php\/wp-json\/wp\/v2\/posts"}],"about":[{"href":"https:\/\/defensoriaparana.com.ar\/index.php\/wp-json\/wp\/v2\/types\/post"}],"author":[{"embeddable":true,"href":"https:\/\/defensoriaparana.com.ar\/index.php\/wp-json\/wp\/v2\/users\/2"}],"replies":[{"embeddable":true,"href":"https:\/\/defensoriaparana.com.ar\/index.php\/wp-json\/wp\/v2\/comments?post=4688"}],"version-history":[{"count":1,"href":"https:\/\/defensoriaparana.com.ar\/index.php\/wp-json\/wp\/v2\/posts\/4688\/revisions"}],"predecessor-version":[{"id":4696,"href":"https:\/\/defensoriaparana.com.ar\/index.php\/wp-json\/wp\/v2\/posts\/4688\/revisions\/4696"}],"wp:featuredmedia":[{"embeddable":true,"href":"https:\/\/defensoriaparana.com.ar\/index.php\/wp-json\/wp\/v2\/media\/4691"}],"wp:attachment":[{"href":"https:\/\/defensoriaparana.com.ar\/index.php\/wp-json\/wp\/v2\/media?parent=4688"}],"wp:term":[{"taxonomy":"category","embeddable":true,"href":"https:\/\/defensoriaparana.com.ar\/index.php\/wp-json\/wp\/v2\/categories?post=4688"},{"taxonomy":"post_tag","embeddable":true,"href":"https:\/\/defensoriaparana.com.ar\/index.php\/wp-json\/wp\/v2\/tags?post=4688"}],"curies":[{"name":"wp","href":"https:\/\/api.w.org\/{rel}","templated":true}]}}