{"id":4697,"date":"2023-05-04T17:15:26","date_gmt":"2023-05-04T17:15:26","guid":{"rendered":"http:\/\/defensoriaparana.com.ar\/?p=4697"},"modified":"2023-05-08T23:13:16","modified_gmt":"2023-05-08T23:13:16","slug":"la-defensoria-del-pueblo-atendio-consultas-en-el-nuevo-barrio-illia","status":"publish","type":"post","link":"https:\/\/defensoriaparana.com.ar\/index.php\/2023\/05\/04\/la-defensoria-del-pueblo-atendio-consultas-en-el-nuevo-barrio-illia\/","title":{"rendered":"La Defensor\u00eda del Pueblo atendi\u00f3 consultas en el nuevo barrio Illia"},"content":{"rendered":"<div dir=\"auto\"><\/div>\n<div dir=\"auto\">.<\/div>\n<div dir=\"auto\">La Defensor\u00eda del Pueblo de la Ciudad de Paran\u00e1 estuvo este jueves en el nuevo Barrio Illia, ubicado en las calles Gobernador Maya y Jaroslavsky, un vecindario que fue reubicado recientemente en esa zona debido al avance de la Obra de Vinculaci\u00f3n de Ruta Nacional N\u00b012 con Circunvalaci\u00f3n, en cuya traza estaba emplazado.<\/div>\n<div dir=\"auto\">.<\/div>\n<div dir=\"auto\">La Defensora del Pueblo, Marcia L\u00f3pez, junto a personal de la instituci\u00f3n, estuvo a cargo de la oficina m\u00f3vil, que atendi\u00f3 consultas relacionadas principalmente al tr\u00e1mite de cambio de domicilio y de renovaci\u00f3n u obtenci\u00f3n por primera vez del DNI. En estas gestiones, la Defensor\u00eda extiende \u2013en el marco de un convenio con el Registro Civil- un certificado de exenci\u00f3n del pago de sellados a personas carentes de recursos econ\u00f3micos.<\/div>\n<div dir=\"auto\">.<\/div>\n<div dir=\"auto\">Tambi\u00e9n, La Defensora escuch\u00f3 distintas situaciones planteadas por quienes se acercaron al lugar, la mayor\u00eda integrantes de familias que se encuentran adapt\u00e1ndose a condiciones de vida nuevas, y brind\u00f3 informaci\u00f3n y orientaci\u00f3n sobre los posibles pasos a seguir en cada caso.<\/div>\n<div dir=\"auto\"><\/div>\n<div dir=\"auto\">\n<figure id=\"attachment_4698\" aria-describedby=\"caption-attachment-4698\" style=\"width: 915px\" class=\"wp-caption alignnone\"><img loading=\"lazy\" class=\"wp-image-4698 \" src=\"http:\/\/defensoriaparana.com.ar\/wp-content\/uploads\/2023\/05\/Marcia-abordaje-1024x768.jpg\" alt=\"\" width=\"915\" height=\"686\" srcset=\"https:\/\/defensoriaparana.com.ar\/wp-content\/uploads\/2023\/05\/Marcia-abordaje-1024x768.jpg 1024w, https:\/\/defensoriaparana.com.ar\/wp-content\/uploads\/2023\/05\/Marcia-abordaje-300x225.jpg 300w, https:\/\/defensoriaparana.com.ar\/wp-content\/uploads\/2023\/05\/Marcia-abordaje-768x576.jpg 768w, https:\/\/defensoriaparana.com.ar\/wp-content\/uploads\/2023\/05\/Marcia-abordaje-1536x1152.jpg 1536w, https:\/\/defensoriaparana.com.ar\/wp-content\/uploads\/2023\/05\/Marcia-abordaje.jpg 1600w\" sizes=\"(max-width: 915px) 100vw, 915px\" \/><figcaption id=\"caption-attachment-4698\" class=\"wp-caption-text\">La Defensora Marcia L\u00f3pez, junto a personal de la instituci\u00f3n, atendi\u00f3 las consultas de las personas de la zona.<\/figcaption><\/figure>\n<p><img loading=\"lazy\" class=\"alignnone wp-image-4699 \" src=\"http:\/\/defensoriaparana.com.ar\/wp-content\/uploads\/2023\/05\/Marcia-abordaje-1-1024x768.jpg\" alt=\"\" width=\"714\" height=\"535\" srcset=\"https:\/\/defensoriaparana.com.ar\/wp-content\/uploads\/2023\/05\/Marcia-abordaje-1-1024x768.jpg 1024w, https:\/\/defensoriaparana.com.ar\/wp-content\/uploads\/2023\/05\/Marcia-abordaje-1-300x225.jpg 300w, https:\/\/defensoriaparana.com.ar\/wp-content\/uploads\/2023\/05\/Marcia-abordaje-1-768x576.jpg 768w, https:\/\/defensoriaparana.com.ar\/wp-content\/uploads\/2023\/05\/Marcia-abordaje-1-1536x1152.jpg 1536w, https:\/\/defensoriaparana.com.ar\/wp-content\/uploads\/2023\/05\/Marcia-abordaje-1.jpg 1600w\" sizes=\"(max-width: 714px) 100vw, 714px\" \/><\/p>\n<\/div>\n<div dir=\"auto\">.<\/div>\n<div dir=\"auto\">La actividad de la Defensor\u00eda se enmarca en la jornada de atenci\u00f3n a la comunidad que se realiza de manera semanal en distintos puntos de la ciudad y que re\u00fane a \u00e1reas municipales, provinciales y nacionales con el fin de acercar y facilitar a la ciudadan\u00eda la concreci\u00f3n de tr\u00e1mites, consultas y realizaci\u00f3n de reclamos.<\/div>\n<div dir=\"auto\">.<\/div>\n<div dir=\"auto\">Entre las \u00e1reas que asisten a las jornadas se encuentran: Tarjeta Sube, Anses, DNI M\u00f3vil, Oficina de Empleo, Defensa al Consumidor, Ministerio de Salud de la Entre R\u00edos con vacunaciones, Programa Presentes del Consejo General de Educaci\u00f3n (CGE), Inadi, y la Secretar\u00eda de Pol\u00edticas Sociales, Inclusivas y Comunitarias con las siguientes subsecretar\u00edas: de Pol\u00edticas de G\u00e9nero y Diversidad; de Desarrollo Humano y la de Salud.<\/div>\n<div dir=\"auto\">.<\/div>\n<div dir=\"auto\">La presencia de la Defensor\u00eda en los barrios es una de las acciones fundamentales de trabajo que la instituci\u00f3n viene instrumentado a trav\u00e9s de un programa espec\u00edfico. Se trata de \u201cLa Defensor\u00eda al encuentro\u201d de la ciudadan\u00eda, mediante el que se ofrecen los servicios que brinda, y en esa tarea, se informa y promueven los derechos ciudadanos, la importancia de conocerlos y exigir su cumplimiento. Tambi\u00e9n, es un espacio donde se brinda informaci\u00f3n sobre el rol de la Defensor\u00eda en la defensa de esos derechos.<\/div>\n","protected":false},"excerpt":{"rendered":"<p>. La Defensor\u00eda del Pueblo de la Ciudad de Paran\u00e1 estuvo este jueves en el nuevo Barrio Illia, ubicado en las calles Gobernador Maya y Jaroslavsky, un vecindario que fue reubicado recientemente en esa zona debido al avance de la Obra de Vinculaci\u00f3n de Ruta Nacional N\u00b012 con Circunvalaci\u00f3n, en cuya traza estaba emplazado. . [&hellip;]<\/p>\n","protected":false},"author":2,"featured_media":4698,"comment_status":"open","ping_status":"open","sticky":false,"template":"","format":"standard","meta":{"om_disable_all_campaigns":false,"_monsterinsights_skip_tracking":false,"_monsterinsights_sitenote_active":false,"_monsterinsights_sitenote_note":"","_monsterinsights_sitenote_category":0},"categories":[1],"tags":[],"_links":{"self":[{"href":"https:\/\/defensoriaparana.com.ar\/index.php\/wp-json\/wp\/v2\/posts\/4697"}],"collection":[{"href":"https:\/\/defensoriaparana.com.ar\/index.php\/wp-json\/wp\/v2\/posts"}],"about":[{"href":"https:\/\/defensoriaparana.com.ar\/index.php\/wp-json\/wp\/v2\/types\/post"}],"author":[{"embeddable":true,"href":"https:\/\/defensoriaparana.com.ar\/index.php\/wp-json\/wp\/v2\/users\/2"}],"replies":[{"embeddable":true,"href":"https:\/\/defensoriaparana.com.ar\/index.php\/wp-json\/wp\/v2\/comments?post=4697"}],"version-history":[{"count":2,"href":"https:\/\/defensoriaparana.com.ar\/index.php\/wp-json\/wp\/v2\/posts\/4697\/revisions"}],"predecessor-version":[{"id":4706,"href":"https:\/\/defensoriaparana.com.ar\/index.php\/wp-json\/wp\/v2\/posts\/4697\/revisions\/4706"}],"wp:featuredmedia":[{"embeddable":true,"href":"https:\/\/defensoriaparana.com.ar\/index.php\/wp-json\/wp\/v2\/media\/4698"}],"wp:attachment":[{"href":"https:\/\/defensoriaparana.com.ar\/index.php\/wp-json\/wp\/v2\/media?parent=4697"}],"wp:term":[{"taxonomy":"category","embeddable":true,"href":"https:\/\/defensoriaparana.com.ar\/index.php\/wp-json\/wp\/v2\/categories?post=4697"},{"taxonomy":"post_tag","embeddable":true,"href":"https:\/\/defensoriaparana.com.ar\/index.php\/wp-json\/wp\/v2\/tags?post=4697"}],"curies":[{"name":"wp","href":"https:\/\/api.w.org\/{rel}","templated":true}]}}