{"id":4701,"date":"2023-05-05T21:06:43","date_gmt":"2023-05-05T21:06:43","guid":{"rendered":"http:\/\/defensoriaparana.com.ar\/?p=4701"},"modified":"2023-05-05T21:06:43","modified_gmt":"2023-05-05T21:06:43","slug":"la-tematica-de-las-personas-mayores-en-programas-de-radio","status":"publish","type":"post","link":"https:\/\/defensoriaparana.com.ar\/index.php\/2023\/05\/05\/la-tematica-de-las-personas-mayores-en-programas-de-radio\/","title":{"rendered":"La tem\u00e1tica de las personas mayores en programas de radio"},"content":{"rendered":"<p>La Defensor\u00edas de los Derechos de las Personas Mayores destaca la importancia de que haya espacios espec\u00edficos en medios de comunicaci\u00f3n p\u00fablicos de Paran\u00e1 sobre la realidad de las personas mayores, sus derechos, experiencias e historias.<\/p>\n<p>Se trata de dos programas en emisoras de radio de la ciudad: \u201cNuestro mejor momento\u201d, que se emite por LT14 General Urquiza, de lunes a viernes, de 13 a 13.30, y \u201cNuestro mejor tiempo\u201d, FM Costa Paran\u00e1, los jueves de 15 a 16. En este \u00faltimo caso, la producci\u00f3n y conducci\u00f3n est\u00e1 a cargo de personas mayores que integran un grupo en la Asociaci\u00f3n El Recreo. Ellos son Mar\u00eda del Huerto Vercelli, Liliana Arce, Enrique Warle y Nelsa Tulli. En tanto, el programa de LT 14 cuenta con la conducci\u00f3n de Mirko Romero Matos, la producci\u00f3n de Claudia Mart\u00ednez y Cintia Campos y la operaci\u00f3n t\u00e9cnica de Jes\u00fas Palleiro y Andr\u00e9s Leguizam\u00f3n.<\/p>\n<figure id=\"attachment_4702\" aria-describedby=\"caption-attachment-4702\" style=\"width: 729px\" class=\"wp-caption alignnone\"><img loading=\"lazy\" class=\"wp-image-4702 \" src=\"http:\/\/defensoriaparana.com.ar\/wp-content\/uploads\/2023\/05\/FOTO-RADIO-1024x768.jpg\" alt=\"\" width=\"729\" height=\"547\" srcset=\"https:\/\/defensoriaparana.com.ar\/wp-content\/uploads\/2023\/05\/FOTO-RADIO-1024x768.jpg 1024w, https:\/\/defensoriaparana.com.ar\/wp-content\/uploads\/2023\/05\/FOTO-RADIO-300x225.jpg 300w, https:\/\/defensoriaparana.com.ar\/wp-content\/uploads\/2023\/05\/FOTO-RADIO-768x576.jpg 768w, https:\/\/defensoriaparana.com.ar\/wp-content\/uploads\/2023\/05\/FOTO-RADIO.jpg 1280w\" sizes=\"(max-width: 729px) 100vw, 729px\" \/><figcaption id=\"caption-attachment-4702\" class=\"wp-caption-text\">La Defensora Ligia Blanco durante un programa con el grupo de personas mayores de el Recreo.<\/figcaption><\/figure>\n<p>De ambos ciclos radiales participa, invitada especialmente, Ligia Blanco, Defensora de los Derechos de las Personas Mayores, quien viene remarcando la funci\u00f3n y alcance de la instituci\u00f3n, \u00fanica en su tipo en el pa\u00eds, y los temas de consulta permanente y de trabajo.<\/p>\n<p><img loading=\"lazy\" class=\"alignnone wp-image-4704 \" src=\"http:\/\/defensoriaparana.com.ar\/wp-content\/uploads\/2023\/05\/nuestro-mejor-momento.jpeg\" alt=\"\" width=\"461\" height=\"461\" srcset=\"https:\/\/defensoriaparana.com.ar\/wp-content\/uploads\/2023\/05\/nuestro-mejor-momento.jpeg 720w, https:\/\/defensoriaparana.com.ar\/wp-content\/uploads\/2023\/05\/nuestro-mejor-momento-300x300.jpeg 300w, https:\/\/defensoriaparana.com.ar\/wp-content\/uploads\/2023\/05\/nuestro-mejor-momento-150x150.jpeg 150w\" sizes=\"(max-width: 461px) 100vw, 461px\" \/><\/p>\n<p>\u201cEs muy importante que haya espacios sobre las personas mayores. Es una manera efectiva de difusi\u00f3n y visibilizaci\u00f3n de lo que les pasa y sienten, as\u00ed como tambi\u00e9n como un \u00e1mbito de informaci\u00f3n y de consulta\u201d, dijo la Defensora, al referirse con esto \u00faltimo a la posibilidad de los oyentes de tomar contacto con los programas y plantear sus dudas y experiencias.<\/p>\n<p><img loading=\"lazy\" class=\"alignnone wp-image-4703 \" src=\"http:\/\/defensoriaparana.com.ar\/wp-content\/uploads\/2023\/05\/radio-todos-576x1024.jpg\" alt=\"\" width=\"370\" height=\"658\" srcset=\"https:\/\/defensoriaparana.com.ar\/wp-content\/uploads\/2023\/05\/radio-todos-576x1024.jpg 576w, https:\/\/defensoriaparana.com.ar\/wp-content\/uploads\/2023\/05\/radio-todos-169x300.jpg 169w, https:\/\/defensoriaparana.com.ar\/wp-content\/uploads\/2023\/05\/radio-todos-768x1366.jpg 768w, https:\/\/defensoriaparana.com.ar\/wp-content\/uploads\/2023\/05\/radio-todos-864x1536.jpg 864w, https:\/\/defensoriaparana.com.ar\/wp-content\/uploads\/2023\/05\/radio-todos.jpg 899w\" sizes=\"(max-width: 370px) 100vw, 370px\" \/><\/p>\n<p>Sobre la ubicaci\u00f3n en el dial de las emisoras, LT14 en el 1260 AM y 93.1 FM y Costa Paran\u00e1 en 88.1 FM.<\/p>\n","protected":false},"excerpt":{"rendered":"<p>La Defensor\u00edas de los Derechos de las Personas Mayores destaca la importancia de que haya espacios espec\u00edficos en medios de comunicaci\u00f3n p\u00fablicos de Paran\u00e1 sobre la realidad de las personas mayores, sus derechos, experiencias e historias. Se trata de dos programas en emisoras de radio de la ciudad: \u201cNuestro mejor momento\u201d, que se emite por [&hellip;]<\/p>\n","protected":false},"author":2,"featured_media":4702,"comment_status":"open","ping_status":"open","sticky":false,"template":"","format":"standard","meta":{"om_disable_all_campaigns":false,"_monsterinsights_skip_tracking":false,"_monsterinsights_sitenote_active":false,"_monsterinsights_sitenote_note":"","_monsterinsights_sitenote_category":0},"categories":[1],"tags":[],"_links":{"self":[{"href":"https:\/\/defensoriaparana.com.ar\/index.php\/wp-json\/wp\/v2\/posts\/4701"}],"collection":[{"href":"https:\/\/defensoriaparana.com.ar\/index.php\/wp-json\/wp\/v2\/posts"}],"about":[{"href":"https:\/\/defensoriaparana.com.ar\/index.php\/wp-json\/wp\/v2\/types\/post"}],"author":[{"embeddable":true,"href":"https:\/\/defensoriaparana.com.ar\/index.php\/wp-json\/wp\/v2\/users\/2"}],"replies":[{"embeddable":true,"href":"https:\/\/defensoriaparana.com.ar\/index.php\/wp-json\/wp\/v2\/comments?post=4701"}],"version-history":[{"count":1,"href":"https:\/\/defensoriaparana.com.ar\/index.php\/wp-json\/wp\/v2\/posts\/4701\/revisions"}],"predecessor-version":[{"id":4705,"href":"https:\/\/defensoriaparana.com.ar\/index.php\/wp-json\/wp\/v2\/posts\/4701\/revisions\/4705"}],"wp:featuredmedia":[{"embeddable":true,"href":"https:\/\/defensoriaparana.com.ar\/index.php\/wp-json\/wp\/v2\/media\/4702"}],"wp:attachment":[{"href":"https:\/\/defensoriaparana.com.ar\/index.php\/wp-json\/wp\/v2\/media?parent=4701"}],"wp:term":[{"taxonomy":"category","embeddable":true,"href":"https:\/\/defensoriaparana.com.ar\/index.php\/wp-json\/wp\/v2\/categories?post=4701"},{"taxonomy":"post_tag","embeddable":true,"href":"https:\/\/defensoriaparana.com.ar\/index.php\/wp-json\/wp\/v2\/tags?post=4701"}],"curies":[{"name":"wp","href":"https:\/\/api.w.org\/{rel}","templated":true}]}}