{"id":4711,"date":"2023-05-10T21:20:29","date_gmt":"2023-05-10T21:20:29","guid":{"rendered":"http:\/\/defensoriaparana.com.ar\/?p=4711"},"modified":"2023-07-14T14:41:42","modified_gmt":"2023-07-14T14:41:42","slug":"las-defensoras-del-pueblo-participaron-de-la-celebracion-de-los-28-anos-del-cemi","status":"publish","type":"post","link":"https:\/\/defensoriaparana.com.ar\/index.php\/2023\/05\/10\/las-defensoras-del-pueblo-participaron-de-la-celebracion-de-los-28-anos-del-cemi\/","title":{"rendered":"Las Defensoras del Pueblo participaron de la celebraci\u00f3n de los 28 a\u00f1os del Cemi"},"content":{"rendered":"<p>El Centro Educativo Municipal de Integraci\u00f3n (Cemi) cumpli\u00f3 28 a\u00f1os de existencia y este mi\u00e9rcoles hubo una jornada de festejo con juegos, m\u00fasica y encuentro.<\/p>\n<figure id=\"attachment_4712\" aria-describedby=\"caption-attachment-4712\" style=\"width: 736px\" class=\"wp-caption alignnone\"><img loading=\"lazy\" class=\"wp-image-4712 \" src=\"http:\/\/defensoriaparana.com.ar\/wp-content\/uploads\/2023\/05\/foto-cemi-3-1024x768.jpg\" alt=\"\" width=\"736\" height=\"552\" srcset=\"https:\/\/defensoriaparana.com.ar\/wp-content\/uploads\/2023\/05\/foto-cemi-3-1024x768.jpg 1024w, https:\/\/defensoriaparana.com.ar\/wp-content\/uploads\/2023\/05\/foto-cemi-3-300x225.jpg 300w, https:\/\/defensoriaparana.com.ar\/wp-content\/uploads\/2023\/05\/foto-cemi-3-768x576.jpg 768w, https:\/\/defensoriaparana.com.ar\/wp-content\/uploads\/2023\/05\/foto-cemi-3.jpg 1280w\" sizes=\"(max-width: 736px) 100vw, 736px\" \/><figcaption id=\"caption-attachment-4712\" class=\"wp-caption-text\">Las Defensoras del Pueblo junto a Cristina Ripari, Directora de Pol\u00edticas de Integraci\u00f3n y Discapacidad.<\/figcaption><\/figure>\n<p>Al edificio donde funciona el Centro, en calle Juan B\u00e1ez 2200, entre Selva de Montiel y Jos\u00e9 Mar\u00eda Paz, llegaron j\u00f3venes y personas adultas que asisten normalmente a esta entidad junto a familiares y amigos. Tambi\u00e9n, estuvieron presentes integrantes de otras instituciones como la Asociaci\u00f3n Paranaense de S\u00edndrome de Down (Aspasid), Don Uva, Centro de D\u00eda San Francisco de As\u00eds, la Asociaci\u00f3n de Padres y Amigos de Ni\u00f1os y Adolescentes Aminorados (Apana) y el Centro Educativo Terap\u00e9utico de Paran\u00e1, detall\u00f3 la Directora de Pol\u00edticas de Integraci\u00f3n y Discapacidad, Cristina Ripari.<\/p>\n<p><img loading=\"lazy\" class=\"alignnone wp-image-4713 size-large\" src=\"http:\/\/defensoriaparana.com.ar\/wp-content\/uploads\/2023\/05\/foto-cemi-2-1024x768.jpg\" alt=\"\" width=\"960\" height=\"720\" srcset=\"https:\/\/defensoriaparana.com.ar\/wp-content\/uploads\/2023\/05\/foto-cemi-2-1024x768.jpg 1024w, https:\/\/defensoriaparana.com.ar\/wp-content\/uploads\/2023\/05\/foto-cemi-2-300x225.jpg 300w, https:\/\/defensoriaparana.com.ar\/wp-content\/uploads\/2023\/05\/foto-cemi-2-768x576.jpg 768w, https:\/\/defensoriaparana.com.ar\/wp-content\/uploads\/2023\/05\/foto-cemi-2.jpg 1280w\" sizes=\"(max-width: 960px) 100vw, 960px\" \/><img loading=\"lazy\" class=\"alignnone wp-image-4715 \" src=\"http:\/\/defensoriaparana.com.ar\/wp-content\/uploads\/2023\/05\/foto-cemi-1024x768.jpg\" alt=\"\" width=\"695\" height=\"521\" srcset=\"https:\/\/defensoriaparana.com.ar\/wp-content\/uploads\/2023\/05\/foto-cemi-1024x768.jpg 1024w, https:\/\/defensoriaparana.com.ar\/wp-content\/uploads\/2023\/05\/foto-cemi-300x225.jpg 300w, https:\/\/defensoriaparana.com.ar\/wp-content\/uploads\/2023\/05\/foto-cemi-768x576.jpg 768w, https:\/\/defensoriaparana.com.ar\/wp-content\/uploads\/2023\/05\/foto-cemi.jpg 1280w\" sizes=\"(max-width: 695px) 100vw, 695px\" \/><\/p>\n<p>La funcionaria recibi\u00f3 a las Defensoras del Pueblo, Marcia L\u00f3pez y Cecilia Pautaso (Adjunta), quienes remarcaron la importancia de la instituci\u00f3n y la loable tarea que realiza.<\/p>\n<p>La Defensor\u00eda del Pueblo viene manteniendo contacto con esta repartici\u00f3n en torno de la Ley de Discapacidad y la conformaci\u00f3n del Consejo Municipal para las personas con Discapacidad, creado en 1996 por ordenanza. Adem\u00e1s, mediante su Centro de Mediaci\u00f3n, trabajar\u00e1 en distintos temas.<\/p>\n<p>El CEMI fue creado en 1995, en el \u00e1mbito municipal, y la mayor parte de su historia transcurri\u00f3 sin edificio propio. Patricia Bottazzi, una de las directoras de la instituci\u00f3n, coment\u00f3 que hace dos a\u00f1os que funciona en su sede, emplazada en un amplio predio de calle J. B\u00e1ez y construida de acuerdo a las actividades que se realizan y respetando las condiciones requeridas de accesibilidad. \u00a0Actualmente, asisten 85 personas, entre j\u00f3venes y adultos, en dos turnos diarios.<\/p>\n<p>El Centro brinda talleres de capacitaci\u00f3n laboral y recreativos terap\u00e9uticos con el fin de fortalecer \u201cla inclusi\u00f3n en equidad e igualdad\u201d de las personas, se informa desde el Municipio.<\/p>\n","protected":false},"excerpt":{"rendered":"<p>El Centro Educativo Municipal de Integraci\u00f3n (Cemi) cumpli\u00f3 28 a\u00f1os de existencia y este mi\u00e9rcoles hubo una jornada de festejo con juegos, m\u00fasica y encuentro. Al edificio donde funciona el Centro, en calle Juan B\u00e1ez 2200, entre Selva de Montiel y Jos\u00e9 Mar\u00eda Paz, llegaron j\u00f3venes y personas adultas que asisten normalmente a esta entidad [&hellip;]<\/p>\n","protected":false},"author":2,"featured_media":4712,"comment_status":"open","ping_status":"open","sticky":false,"template":"","format":"standard","meta":{"om_disable_all_campaigns":false,"_monsterinsights_skip_tracking":false,"_monsterinsights_sitenote_active":false,"_monsterinsights_sitenote_note":"","_monsterinsights_sitenote_category":0},"categories":[1],"tags":[],"_links":{"self":[{"href":"https:\/\/defensoriaparana.com.ar\/index.php\/wp-json\/wp\/v2\/posts\/4711"}],"collection":[{"href":"https:\/\/defensoriaparana.com.ar\/index.php\/wp-json\/wp\/v2\/posts"}],"about":[{"href":"https:\/\/defensoriaparana.com.ar\/index.php\/wp-json\/wp\/v2\/types\/post"}],"author":[{"embeddable":true,"href":"https:\/\/defensoriaparana.com.ar\/index.php\/wp-json\/wp\/v2\/users\/2"}],"replies":[{"embeddable":true,"href":"https:\/\/defensoriaparana.com.ar\/index.php\/wp-json\/wp\/v2\/comments?post=4711"}],"version-history":[{"count":3,"href":"https:\/\/defensoriaparana.com.ar\/index.php\/wp-json\/wp\/v2\/posts\/4711\/revisions"}],"predecessor-version":[{"id":4866,"href":"https:\/\/defensoriaparana.com.ar\/index.php\/wp-json\/wp\/v2\/posts\/4711\/revisions\/4866"}],"wp:featuredmedia":[{"embeddable":true,"href":"https:\/\/defensoriaparana.com.ar\/index.php\/wp-json\/wp\/v2\/media\/4712"}],"wp:attachment":[{"href":"https:\/\/defensoriaparana.com.ar\/index.php\/wp-json\/wp\/v2\/media?parent=4711"}],"wp:term":[{"taxonomy":"category","embeddable":true,"href":"https:\/\/defensoriaparana.com.ar\/index.php\/wp-json\/wp\/v2\/categories?post=4711"},{"taxonomy":"post_tag","embeddable":true,"href":"https:\/\/defensoriaparana.com.ar\/index.php\/wp-json\/wp\/v2\/tags?post=4711"}],"curies":[{"name":"wp","href":"https:\/\/api.w.org\/{rel}","templated":true}]}}