{"id":4727,"date":"2023-05-11T14:19:37","date_gmt":"2023-05-11T14:19:37","guid":{"rendered":"http:\/\/defensoriaparana.com.ar\/?p=4727"},"modified":"2023-05-15T14:25:35","modified_gmt":"2023-05-15T14:25:35","slug":"comenzo-una-capacitacion-intensiva-para-mediadoras-y-mediadores-comunitarios","status":"publish","type":"post","link":"https:\/\/defensoriaparana.com.ar\/index.php\/2023\/05\/11\/comenzo-una-capacitacion-intensiva-para-mediadoras-y-mediadores-comunitarios\/","title":{"rendered":"Comenz\u00f3 una capacitaci\u00f3n intensiva para mediadoras y mediadores comunitarios"},"content":{"rendered":"<div class=\"xdj266r x11i5rnm xat24cr x1mh8g0r x1vvkbs x126k92a\">\n<div dir=\"auto\"><\/div>\n<\/div>\n<div class=\"x11i5rnm xat24cr x1mh8g0r x1vvkbs xtlvy1s x126k92a\">\n<div dir=\"auto\">Desde este jueves y hasta el s\u00e1bado se desarrolla una capacitaci\u00f3n intensiva que la Defensor\u00eda del Pueblo de la Ciudad de Paran\u00e1 brinda cada a\u00f1o al centenar de integrantes del Registro de Mediadoras y Mediadores Comunitarios voluntario y ad honorem de la instituci\u00f3n.<\/div>\n<div dir=\"auto\">\n<figure id=\"attachment_4728\" aria-describedby=\"caption-attachment-4728\" style=\"width: 300px\" class=\"wp-caption alignnone\"><img loading=\"lazy\" class=\"size-medium wp-image-4728\" src=\"http:\/\/defensoriaparana.com.ar\/wp-content\/uploads\/2023\/05\/curso-300x300.jpg\" alt=\"\" width=\"300\" height=\"300\" srcset=\"https:\/\/defensoriaparana.com.ar\/wp-content\/uploads\/2023\/05\/curso-300x300.jpg 300w, https:\/\/defensoriaparana.com.ar\/wp-content\/uploads\/2023\/05\/curso-1024x1024.jpg 1024w, https:\/\/defensoriaparana.com.ar\/wp-content\/uploads\/2023\/05\/curso-150x150.jpg 150w, https:\/\/defensoriaparana.com.ar\/wp-content\/uploads\/2023\/05\/curso-768x768.jpg 768w, https:\/\/defensoriaparana.com.ar\/wp-content\/uploads\/2023\/05\/curso.jpg 1440w\" sizes=\"(max-width: 300px) 100vw, 300px\" \/><figcaption id=\"caption-attachment-4728\" class=\"wp-caption-text\">La docente Mar\u00eda Gabriela Rodr\u00edguez Querejazu, en el inicio del curso.<\/figcaption><\/figure>\n<\/div>\n<div dir=\"auto\">.<\/div>\n<div dir=\"auto\">La capacitaci\u00f3n est\u00e1 a cargo de la docente Mar\u00eda Gabriela Rodr\u00edguez Querejazu, especialista de vasta trayectoria nacional e internacional.<\/div>\n<div dir=\"auto\">.<\/div>\n<div dir=\"auto\">Este a\u00f1o, la actividad tiene un significado especial en vista de que la Defensor\u00eda transita los 20 a\u00f1os de creaci\u00f3n. A esto se suma la presencia de Rodr\u00edguez Querejazu, ya que integr\u00f3 el jurado que eligi\u00f3 en 2003 a la primera coordinadora del Centro de Mediaci\u00f3n, Martha Arr\u00edas Pabon, y sigui\u00f3 en la historia de la instituci\u00f3n siendo parte, con una relaci\u00f3n muy cercana.<\/div>\n<div dir=\"auto\">\n<figure id=\"attachment_4730\" aria-describedby=\"caption-attachment-4730\" style=\"width: 300px\" class=\"wp-caption alignnone\"><img loading=\"lazy\" class=\"size-medium wp-image-4730\" src=\"http:\/\/defensoriaparana.com.ar\/wp-content\/uploads\/2023\/05\/curso-2-300x300.jpg\" alt=\"\" width=\"300\" height=\"300\" srcset=\"https:\/\/defensoriaparana.com.ar\/wp-content\/uploads\/2023\/05\/curso-2-300x300.jpg 300w, https:\/\/defensoriaparana.com.ar\/wp-content\/uploads\/2023\/05\/curso-2-1024x1024.jpg 1024w, https:\/\/defensoriaparana.com.ar\/wp-content\/uploads\/2023\/05\/curso-2-150x150.jpg 150w, https:\/\/defensoriaparana.com.ar\/wp-content\/uploads\/2023\/05\/curso-2-768x768.jpg 768w, https:\/\/defensoriaparana.com.ar\/wp-content\/uploads\/2023\/05\/curso-2.jpg 1440w\" sizes=\"(max-width: 300px) 100vw, 300px\" \/><figcaption id=\"caption-attachment-4730\" class=\"wp-caption-text\">Irina Chausovsky, Coordinadora del Centro de Mediaci\u00f3n, en la apertura de la capacitaci\u00f3n.<\/figcaption><\/figure>\n<\/div>\n<div dir=\"auto\">.<\/div>\n<div dir=\"auto\">\u201cEs una gran amiga, una maestra y madrina de la instituci\u00f3n porque est\u00e1 con nosotros desde el minuto cero\u201d, dijo la Coordinadora del Centro de Mediaci\u00f3n, Irina Chausovsky, en referencia a la docente.<\/div>\n<div dir=\"auto\">.<\/div>\n<div dir=\"auto\">\u201cLos espacios vinculares y la conexi\u00f3n en los espacios de la mediaci\u00f3n comunitaria\u201d es el t\u00edtulo de la capacitaci\u00f3n, que se desarrolla en la Sala Antequeda, ubicada en calle Alameda de la Federaci\u00f3n 557.<\/div>\n<div dir=\"auto\"><img loading=\"lazy\" class=\"alignnone size-medium wp-image-4731\" src=\"http:\/\/defensoriaparana.com.ar\/wp-content\/uploads\/2023\/05\/curso3-300x300.jpg\" alt=\"\" width=\"300\" height=\"300\" srcset=\"https:\/\/defensoriaparana.com.ar\/wp-content\/uploads\/2023\/05\/curso3-300x300.jpg 300w, https:\/\/defensoriaparana.com.ar\/wp-content\/uploads\/2023\/05\/curso3-1024x1024.jpg 1024w, https:\/\/defensoriaparana.com.ar\/wp-content\/uploads\/2023\/05\/curso3-150x150.jpg 150w, https:\/\/defensoriaparana.com.ar\/wp-content\/uploads\/2023\/05\/curso3-768x768.jpg 768w, https:\/\/defensoriaparana.com.ar\/wp-content\/uploads\/2023\/05\/curso3.jpg 1440w\" sizes=\"(max-width: 300px) 100vw, 300px\" \/><img loading=\"lazy\" class=\"alignnone size-medium wp-image-4732\" src=\"http:\/\/defensoriaparana.com.ar\/wp-content\/uploads\/2023\/05\/curso4-300x300.jpg\" alt=\"\" width=\"300\" height=\"300\" srcset=\"https:\/\/defensoriaparana.com.ar\/wp-content\/uploads\/2023\/05\/curso4-300x300.jpg 300w, https:\/\/defensoriaparana.com.ar\/wp-content\/uploads\/2023\/05\/curso4-1024x1024.jpg 1024w, https:\/\/defensoriaparana.com.ar\/wp-content\/uploads\/2023\/05\/curso4-150x150.jpg 150w, https:\/\/defensoriaparana.com.ar\/wp-content\/uploads\/2023\/05\/curso4-768x768.jpg 768w, https:\/\/defensoriaparana.com.ar\/wp-content\/uploads\/2023\/05\/curso4.jpg 1440w\" sizes=\"(max-width: 300px) 100vw, 300px\" \/><img loading=\"lazy\" class=\"alignnone size-medium wp-image-4729\" src=\"http:\/\/defensoriaparana.com.ar\/wp-content\/uploads\/2023\/05\/curso1-300x300.jpg\" alt=\"\" width=\"300\" height=\"300\" srcset=\"https:\/\/defensoriaparana.com.ar\/wp-content\/uploads\/2023\/05\/curso1-300x300.jpg 300w, https:\/\/defensoriaparana.com.ar\/wp-content\/uploads\/2023\/05\/curso1-1024x1024.jpg 1024w, https:\/\/defensoriaparana.com.ar\/wp-content\/uploads\/2023\/05\/curso1-150x150.jpg 150w, https:\/\/defensoriaparana.com.ar\/wp-content\/uploads\/2023\/05\/curso1-768x768.jpg 768w, https:\/\/defensoriaparana.com.ar\/wp-content\/uploads\/2023\/05\/curso1.jpg 1440w\" sizes=\"(max-width: 300px) 100vw, 300px\" \/><\/div>\n<div dir=\"auto\">.<\/div>\n<div dir=\"auto\">La Defensor\u00eda del Pueblo atiende por a\u00f1o unos 500 casos, originados en conflictos entre vecinos. Lo hace a trav\u00e9s del Centro de Mediaci\u00f3n y el Registro de Mediadores y Mediadoras, quienes ofrecen su tiempo y experiencia con enorme compromiso y responsabilidad, con el fin de proponer espacios de conversaci\u00f3n y encuentro a los vecinos que transitan conflictos que afectan la convivencia.<\/div>\n<\/div>\n","protected":false},"excerpt":{"rendered":"<p>Desde este jueves y hasta el s\u00e1bado se desarrolla una capacitaci\u00f3n intensiva que la Defensor\u00eda del Pueblo de la Ciudad de Paran\u00e1 brinda cada a\u00f1o al centenar de integrantes del Registro de Mediadoras y Mediadores Comunitarios voluntario y ad honorem de la instituci\u00f3n. . La capacitaci\u00f3n est\u00e1 a cargo de la docente Mar\u00eda Gabriela Rodr\u00edguez [&hellip;]<\/p>\n","protected":false},"author":2,"featured_media":4728,"comment_status":"open","ping_status":"open","sticky":false,"template":"","format":"standard","meta":{"om_disable_all_campaigns":false,"_monsterinsights_skip_tracking":false,"_monsterinsights_sitenote_active":false,"_monsterinsights_sitenote_note":"","_monsterinsights_sitenote_category":0},"categories":[1],"tags":[],"_links":{"self":[{"href":"https:\/\/defensoriaparana.com.ar\/index.php\/wp-json\/wp\/v2\/posts\/4727"}],"collection":[{"href":"https:\/\/defensoriaparana.com.ar\/index.php\/wp-json\/wp\/v2\/posts"}],"about":[{"href":"https:\/\/defensoriaparana.com.ar\/index.php\/wp-json\/wp\/v2\/types\/post"}],"author":[{"embeddable":true,"href":"https:\/\/defensoriaparana.com.ar\/index.php\/wp-json\/wp\/v2\/users\/2"}],"replies":[{"embeddable":true,"href":"https:\/\/defensoriaparana.com.ar\/index.php\/wp-json\/wp\/v2\/comments?post=4727"}],"version-history":[{"count":1,"href":"https:\/\/defensoriaparana.com.ar\/index.php\/wp-json\/wp\/v2\/posts\/4727\/revisions"}],"predecessor-version":[{"id":4733,"href":"https:\/\/defensoriaparana.com.ar\/index.php\/wp-json\/wp\/v2\/posts\/4727\/revisions\/4733"}],"wp:featuredmedia":[{"embeddable":true,"href":"https:\/\/defensoriaparana.com.ar\/index.php\/wp-json\/wp\/v2\/media\/4728"}],"wp:attachment":[{"href":"https:\/\/defensoriaparana.com.ar\/index.php\/wp-json\/wp\/v2\/media?parent=4727"}],"wp:term":[{"taxonomy":"category","embeddable":true,"href":"https:\/\/defensoriaparana.com.ar\/index.php\/wp-json\/wp\/v2\/categories?post=4727"},{"taxonomy":"post_tag","embeddable":true,"href":"https:\/\/defensoriaparana.com.ar\/index.php\/wp-json\/wp\/v2\/tags?post=4727"}],"curies":[{"name":"wp","href":"https:\/\/api.w.org\/{rel}","templated":true}]}}