{"id":4734,"date":"2023-05-12T14:25:51","date_gmt":"2023-05-12T14:25:51","guid":{"rendered":"http:\/\/defensoriaparana.com.ar\/?p=4734"},"modified":"2023-05-15T14:39:19","modified_gmt":"2023-05-15T14:39:19","slug":"4734","status":"publish","type":"post","link":"https:\/\/defensoriaparana.com.ar\/index.php\/2023\/05\/12\/4734\/","title":{"rendered":"Sobre la importancia de la mediaci\u00f3n y la capacitaci\u00f3n anual, en notas period\u00edsticas"},"content":{"rendered":"<p>&nbsp;<\/p>\n<div dir=\"auto\">Este viernes se realiza la segunda jornada de la capacitaci\u00f3n destinada a mediadoras y mediadores comunitarios, integrantes del Registro voluntario ad honorem de la Defensor\u00eda del Pueblo de la Ciudad de Paran\u00e1. La actividad, que este a\u00f1o tiene como marco la celebraci\u00f3n de los 20 a\u00f1os de la creaci\u00f3n de la Defensor\u00eda y cuenta con la presencia de Mar\u00eda Gabriela Rodr\u00edguez Querejazu, una especialista referente de la tem\u00e1tica a nivel nacional e internacional, fue reflejada por medios de comunicaci\u00f3n de la ciudad.<\/div>\n<div dir=\"auto\"><\/div>\n<div dir=\"auto\">Sobre la actividad, y el significado especial que adquiere este a\u00f1o aniversario de la instituci\u00f3n, y el rol de la mediaci\u00f3n en la resoluci\u00f3n de conflictos entre vecinos, son algunos de los temas abordados en estas notas de Canal 6 ERTV (Entre R\u00edos TeleVisi\u00f3n),\u00a0 Somos Paran\u00e1 y El Diario de Paran\u00e1.<\/div>\n<div dir=\"auto\"><\/div>\n<div dir=\"auto\"><a href=\"https:\/\/www.eldiario.com.ar\/266256-la-mediacion-una-instancia-crucial-para-vincularse-con-otros\/\">https:\/\/www.eldiario.com.ar\/266256-la-mediacion-una-instancia-crucial-para-vincularse-con-otros\/<\/a><\/div>\n<div dir=\"auto\"><a href=\"https:\/\/youtu.be\/aVh1PamamcI\">https:\/\/youtu.be\/aVh1PamamcI<\/a><\/div>\n<div dir=\"auto\"><a href=\"https:\/\/www.facebook.com\/CanalSomosParana\/videos\/25https:\/\/www.eldiario.com.ar\/266256-la-mediacion-una-instancia-crucial-para-vincularse-con-otros\/5423520314655\">https:\/\/www.facebook.com\/CanalSomosParana\/videos\/255423520314655<\/a><\/div>\n","protected":false},"excerpt":{"rendered":"<p>&nbsp; Este viernes se realiza la segunda jornada de la capacitaci\u00f3n destinada a mediadoras y mediadores comunitarios, integrantes del Registro voluntario ad honorem de la Defensor\u00eda del Pueblo de la Ciudad de Paran\u00e1. La actividad, que este a\u00f1o tiene como marco la celebraci\u00f3n de los 20 a\u00f1os de la creaci\u00f3n de la Defensor\u00eda y cuenta [&hellip;]<\/p>\n","protected":false},"author":2,"featured_media":4735,"comment_status":"open","ping_status":"open","sticky":false,"template":"","format":"standard","meta":{"om_disable_all_campaigns":false,"_monsterinsights_skip_tracking":false,"_monsterinsights_sitenote_active":false,"_monsterinsights_sitenote_note":"","_monsterinsights_sitenote_category":0},"categories":[1],"tags":[],"_links":{"self":[{"href":"https:\/\/defensoriaparana.com.ar\/index.php\/wp-json\/wp\/v2\/posts\/4734"}],"collection":[{"href":"https:\/\/defensoriaparana.com.ar\/index.php\/wp-json\/wp\/v2\/posts"}],"about":[{"href":"https:\/\/defensoriaparana.com.ar\/index.php\/wp-json\/wp\/v2\/types\/post"}],"author":[{"embeddable":true,"href":"https:\/\/defensoriaparana.com.ar\/index.php\/wp-json\/wp\/v2\/users\/2"}],"replies":[{"embeddable":true,"href":"https:\/\/defensoriaparana.com.ar\/index.php\/wp-json\/wp\/v2\/comments?post=4734"}],"version-history":[{"count":4,"href":"https:\/\/defensoriaparana.com.ar\/index.php\/wp-json\/wp\/v2\/posts\/4734\/revisions"}],"predecessor-version":[{"id":4739,"href":"https:\/\/defensoriaparana.com.ar\/index.php\/wp-json\/wp\/v2\/posts\/4734\/revisions\/4739"}],"wp:featuredmedia":[{"embeddable":true,"href":"https:\/\/defensoriaparana.com.ar\/index.php\/wp-json\/wp\/v2\/media\/4735"}],"wp:attachment":[{"href":"https:\/\/defensoriaparana.com.ar\/index.php\/wp-json\/wp\/v2\/media?parent=4734"}],"wp:term":[{"taxonomy":"category","embeddable":true,"href":"https:\/\/defensoriaparana.com.ar\/index.php\/wp-json\/wp\/v2\/categories?post=4734"},{"taxonomy":"post_tag","embeddable":true,"href":"https:\/\/defensoriaparana.com.ar\/index.php\/wp-json\/wp\/v2\/tags?post=4734"}],"curies":[{"name":"wp","href":"https:\/\/api.w.org\/{rel}","templated":true}]}}