{"id":4768,"date":"2023-05-18T10:43:38","date_gmt":"2023-05-18T10:43:38","guid":{"rendered":"http:\/\/defensoriaparana.com.ar\/?p=4768"},"modified":"2023-05-18T12:31:12","modified_gmt":"2023-05-18T12:31:12","slug":"la-defensora-ligia-blanco-participo-de-una-radio-abierta-en-el-hospital-de-dia-del-pascual-palma","status":"publish","type":"post","link":"https:\/\/defensoriaparana.com.ar\/index.php\/2023\/05\/18\/la-defensora-ligia-blanco-participo-de-una-radio-abierta-en-el-hospital-de-dia-del-pascual-palma\/","title":{"rendered":"La Defensora Ligia Blanco particip\u00f3 de una radio abierta en el Hospital de D\u00eda Mario Bossi"},"content":{"rendered":"<p>La Defensora de los Derechos de las Personas Mayores, Ligia Blanco, mantuvo un encuentro con trabajadores y pacientes del Hospital de D\u00eda Mario A. Bossi, servicio de rehabilitaci\u00f3n integral perteneciente al Hospital Geri\u00e1trico Pascual Palma, que funciona en la Escuela Hogar de Paran\u00e1. \u00a0Concretamente, particip\u00f3 de la radio abierta que funciona los jueves y que re\u00fane a una veintena de personas que realizan la rehabilitaci\u00f3n en el nosocomio.<\/p>\n<p>&nbsp;<\/p>\n<p>El Resorte se denomina la propuesta, que a trav\u00e9s de un parlante colocado en el centro de una ronda de asistentes\u00a0 y un micr\u00f3fono, se comparte informaci\u00f3n y diferentes temas que van surgiendo mediante la participaci\u00f3n de los presentes.<\/p>\n<p>&nbsp;<\/p>\n<figure id=\"attachment_4769\" aria-describedby=\"caption-attachment-4769\" style=\"width: 960px\" class=\"wp-caption alignnone\"><img loading=\"lazy\" class=\"wp-image-4769 size-large\" src=\"http:\/\/defensoriaparana.com.ar\/wp-content\/uploads\/2023\/05\/ligia-hosiptal-1024x768.jpg\" alt=\"\" width=\"960\" height=\"720\" srcset=\"https:\/\/defensoriaparana.com.ar\/wp-content\/uploads\/2023\/05\/ligia-hosiptal-1024x768.jpg 1024w, https:\/\/defensoriaparana.com.ar\/wp-content\/uploads\/2023\/05\/ligia-hosiptal-300x225.jpg 300w, https:\/\/defensoriaparana.com.ar\/wp-content\/uploads\/2023\/05\/ligia-hosiptal-768x576.jpg 768w, https:\/\/defensoriaparana.com.ar\/wp-content\/uploads\/2023\/05\/ligia-hosiptal.jpg 1280w\" sizes=\"(max-width: 960px) 100vw, 960px\" \/><figcaption id=\"caption-attachment-4769\" class=\"wp-caption-text\">La Defensora Ligia Blanco particip\u00f3 de la radio abierta y coment\u00f3 la funci\u00f3n y alcance de su \u00e1rea.<\/figcaption><\/figure>\n<p>La Defensora Blanco fue invitada a concurrir a este espacio, creado en 2022, en el que coment\u00f3 sobre el funcionamiento y alcance de la Defensor\u00eda del Pueblo de Paran\u00e1, y particularmente respecto de su funci\u00f3n, dedicada a la defensa de los derechos de las personas mayores.<\/p>\n<p>Seguidamente, se convers\u00f3 sobre los reclamos que viene atendiendo la Defensor\u00eda y los que surgieron de la charla en grupo. Uno de los planteos fue la accesibilidad digital, ya que la mayor\u00eda de los canales de comunicaci\u00f3n de empresas de servicios y del sector p\u00fablico se basa en medios virtuales y \u201chay muchas personas que no pueden manejarse con ese sistema\u201d, explic\u00f3. Tambi\u00e9n, se trat\u00f3 la situaci\u00f3n de personas con discapacidad y las dificultades para trasladarse por las veredas en mal estado y para tomar el colectivo.<\/p>\n<figure id=\"attachment_4770\" aria-describedby=\"caption-attachment-4770\" style=\"width: 960px\" class=\"wp-caption alignnone\"><img loading=\"lazy\" class=\"wp-image-4770 size-large\" src=\"http:\/\/defensoriaparana.com.ar\/wp-content\/uploads\/2023\/05\/ligia-hospi2-1024x768.jpg\" alt=\"\" width=\"960\" height=\"720\" srcset=\"https:\/\/defensoriaparana.com.ar\/wp-content\/uploads\/2023\/05\/ligia-hospi2-1024x768.jpg 1024w, https:\/\/defensoriaparana.com.ar\/wp-content\/uploads\/2023\/05\/ligia-hospi2-300x225.jpg 300w, https:\/\/defensoriaparana.com.ar\/wp-content\/uploads\/2023\/05\/ligia-hospi2-768x576.jpg 768w, https:\/\/defensoriaparana.com.ar\/wp-content\/uploads\/2023\/05\/ligia-hospi2.jpg 1280w\" sizes=\"(max-width: 960px) 100vw, 960px\" \/><figcaption id=\"caption-attachment-4770\" class=\"wp-caption-text\">Loa asistentes fueron planteando consultas y reclamos.<\/figcaption><\/figure>\n<p>Otro tema fue el acceso a certificados de discapacidad y al manejo de la tarjeta Sube en los pasos de compra y carga virtual.<\/p>\n<p>\u201cHay muchas barreras de accesibilidad porque como es todo virtual, por ejemplo no pueden acceder a los recorridos del colectivo y no saben por d\u00f3nde pasa. Adem\u00e1s, en la zona faltan lugares de venta y carga de la tarjeta Sube. Tambi\u00e9n, sucede que hay barrios, de donde vienen, que no son accesibles y entonces les resulta dif\u00edcil salir\u201d, enumer\u00f3 la Defensora, quien remarc\u00f3 que estas dificultades hacen que la persona dependa de otras, cuesti\u00f3n justamente que se intenta erradicar en los tratamientos m\u00e9dicos que buscan la mayor independencia y autonom\u00eda posible.<\/p>\n<p>La Defensora, por \u00faltimo, dijo que registr\u00f3 los reclamos planteados con el fin de buscar informaci\u00f3n y realizar un seguimiento, al tiempo que qued\u00f3 a disposici\u00f3n de nuevas consultas y para participar en pr\u00f3ximas reuniones.<\/p>\n<p>En abril, Ligia Blanco mantuvo una reuni\u00f3n con representantes del hospital e integrante de \u00e1reas municipales con el fin de coordinar trabajo en conjunto.<\/p>\n<p>&nbsp;<\/p>\n<p><span class=\"x1xsqp64 xiy17q3 x1o6pynw x19co3pv xdj266r xcwd3tp xat24cr x39eecv x2b8uid\" data-testid=\"emoji\"><span class=\"xexx8yu xn5pp95 x18d9i69 x2fxd7x x1yqt14a x1bhl96m\">\ud83d\udccc<\/span><\/span><span class=\"x1xsqp64 xiy17q3 x1o6pynw x19co3pv xdj266r xcwd3tp xat24cr x39eecv x2b8uid\" data-testid=\"emoji\"><span class=\"xexx8yu xn5pp95 x18d9i69 x2fxd7x x1yqt14a x1bhl96m\">\ud83d\udccc<\/span><\/span>La propuesta de la radio<\/p>\n<p>El hospital de d\u00eda cuenta con un equipo interdisciplinario que lleva a cabo diferentes herramientas terap\u00e9uticas. Integrantes del grupo informaron que la radio abierta es parte de un taller y constituye &#8220;un espacio en continua construcci\u00f3n colectiva donde se habilita la circulaci\u00f3n de la palabra tanto a los usuarios, terapeutas, como a la comunidad en general&#8221;.<br \/>\nAdem\u00e1s, funciona como marco de encuentro con otras instituciones y personal del hospital, dando lugar a diferentes eventos y festividades, principalmente teniendo en cuenta el calendario gerontol\u00f3gico.<\/p>\n","protected":false},"excerpt":{"rendered":"<p>La Defensora de los Derechos de las Personas Mayores, Ligia Blanco, mantuvo un encuentro con trabajadores y pacientes del Hospital de D\u00eda Mario A. Bossi, servicio de rehabilitaci\u00f3n integral perteneciente al Hospital Geri\u00e1trico Pascual Palma, que funciona en la Escuela Hogar de Paran\u00e1. \u00a0Concretamente, particip\u00f3 de la radio abierta que funciona los jueves y que [&hellip;]<\/p>\n","protected":false},"author":2,"featured_media":4769,"comment_status":"open","ping_status":"open","sticky":false,"template":"","format":"standard","meta":{"om_disable_all_campaigns":false,"_monsterinsights_skip_tracking":false,"_monsterinsights_sitenote_active":false,"_monsterinsights_sitenote_note":"","_monsterinsights_sitenote_category":0},"categories":[1],"tags":[],"_links":{"self":[{"href":"https:\/\/defensoriaparana.com.ar\/index.php\/wp-json\/wp\/v2\/posts\/4768"}],"collection":[{"href":"https:\/\/defensoriaparana.com.ar\/index.php\/wp-json\/wp\/v2\/posts"}],"about":[{"href":"https:\/\/defensoriaparana.com.ar\/index.php\/wp-json\/wp\/v2\/types\/post"}],"author":[{"embeddable":true,"href":"https:\/\/defensoriaparana.com.ar\/index.php\/wp-json\/wp\/v2\/users\/2"}],"replies":[{"embeddable":true,"href":"https:\/\/defensoriaparana.com.ar\/index.php\/wp-json\/wp\/v2\/comments?post=4768"}],"version-history":[{"count":5,"href":"https:\/\/defensoriaparana.com.ar\/index.php\/wp-json\/wp\/v2\/posts\/4768\/revisions"}],"predecessor-version":[{"id":4776,"href":"https:\/\/defensoriaparana.com.ar\/index.php\/wp-json\/wp\/v2\/posts\/4768\/revisions\/4776"}],"wp:featuredmedia":[{"embeddable":true,"href":"https:\/\/defensoriaparana.com.ar\/index.php\/wp-json\/wp\/v2\/media\/4769"}],"wp:attachment":[{"href":"https:\/\/defensoriaparana.com.ar\/index.php\/wp-json\/wp\/v2\/media?parent=4768"}],"wp:term":[{"taxonomy":"category","embeddable":true,"href":"https:\/\/defensoriaparana.com.ar\/index.php\/wp-json\/wp\/v2\/categories?post=4768"},{"taxonomy":"post_tag","embeddable":true,"href":"https:\/\/defensoriaparana.com.ar\/index.php\/wp-json\/wp\/v2\/tags?post=4768"}],"curies":[{"name":"wp","href":"https:\/\/api.w.org\/{rel}","templated":true}]}}