{"id":4777,"date":"2023-05-19T22:41:14","date_gmt":"2023-05-19T22:41:14","guid":{"rendered":"http:\/\/defensoriaparana.com.ar\/?p=4777"},"modified":"2023-05-19T22:41:14","modified_gmt":"2023-05-19T22:41:14","slug":"ronda-de-escucha-en-el-barrio-anacleto-medina-por-el-aniversario-de-la-fundacion-presencia-presente","status":"publish","type":"post","link":"https:\/\/defensoriaparana.com.ar\/index.php\/2023\/05\/19\/ronda-de-escucha-en-el-barrio-anacleto-medina-por-el-aniversario-de-la-fundacion-presencia-presente\/","title":{"rendered":"Ronda de escucha en el barrio Anacleto Medina por el aniversario de la Fundaci\u00f3n Presencia Presente"},"content":{"rendered":"<p>La Defensor\u00eda del Pueblo de la Ciudad de Paran\u00e1 particip\u00f3 de las actividades programadas en conmemoraci\u00f3n de la d\u00e9cada de permanencia y compromiso de la Fundaci\u00f3n Presencia Presente en la zona sureste de la ciudad.\u00a0 \u201c10 a\u00f1os de Gesti\u00f3n Social en la provincia\u201d fue el t\u00edtulo de las jornadas desarrolladas entre el 15 y 18 de mayo. Esta \u00faltima fecha, 18 de mayo, pero de 2013, es considerada &#8220;el d\u00eda de la inspiraci\u00f3n&#8221;, por el inicio de la fundaci\u00f3n y del proyecto que se plasm\u00f3 en la existencia de dos escuelas de gesti\u00f3n social: la secundaria Pablo de Tarso y la recientemente inaugurada de oficios Enrique Angelelli, ubicadas en el Barrio Anacleto Medina de Paran\u00e1.<\/p>\n<p><img loading=\"lazy\" class=\"alignnone wp-image-4781 size-large\" src=\"http:\/\/defensoriaparana.com.ar\/wp-content\/uploads\/2023\/05\/ronda-escucha-1024x576.jpg\" alt=\"\" width=\"960\" height=\"540\" srcset=\"https:\/\/defensoriaparana.com.ar\/wp-content\/uploads\/2023\/05\/ronda-escucha-1024x576.jpg 1024w, https:\/\/defensoriaparana.com.ar\/wp-content\/uploads\/2023\/05\/ronda-escucha-300x169.jpg 300w, https:\/\/defensoriaparana.com.ar\/wp-content\/uploads\/2023\/05\/ronda-escucha-768x432.jpg 768w, https:\/\/defensoriaparana.com.ar\/wp-content\/uploads\/2023\/05\/ronda-escucha-1536x864.jpg 1536w, https:\/\/defensoriaparana.com.ar\/wp-content\/uploads\/2023\/05\/ronda-escucha.jpg 1600w\" sizes=\"(max-width: 960px) 100vw, 960px\" \/><\/p>\n<p>En el marco de la celebraci\u00f3n, que incluy\u00f3 la propuesta de Reflexi\u00f3n en Comunidad &#8211; La Gesti\u00f3n Social en Clave de Derechos, la Coordinadora del Centro de Mediaci\u00f3n de la Defensor\u00eda del Pueblo, Irina Chausovsky, facilit\u00f3 una ronda de escucha de la que participaron representantes de instituciones escolares, centros de salud, organizaciones sociales, movimientos, vecinales y sedes de organismos gubernamentales de los barrios Anacleto Medina, Gaucho Rivero, Padre Kolbe, San Jorge y Santa Rita.\u00a0 El encuentro fue el mi\u00e9rcoles 17 en el sal\u00f3n de la Capilla San Mart\u00edn de Porres.<\/p>\n<p><img loading=\"lazy\" class=\"alignnone wp-image-4779 \" src=\"http:\/\/defensoriaparana.com.ar\/wp-content\/uploads\/2023\/05\/ronda-escucha-2-1024x768.jpg\" alt=\"\" width=\"680\" height=\"510\" srcset=\"https:\/\/defensoriaparana.com.ar\/wp-content\/uploads\/2023\/05\/ronda-escucha-2-1024x768.jpg 1024w, https:\/\/defensoriaparana.com.ar\/wp-content\/uploads\/2023\/05\/ronda-escucha-2-300x225.jpg 300w, https:\/\/defensoriaparana.com.ar\/wp-content\/uploads\/2023\/05\/ronda-escucha-2-768x576.jpg 768w, https:\/\/defensoriaparana.com.ar\/wp-content\/uploads\/2023\/05\/ronda-escucha-2-1536x1152.jpg 1536w, https:\/\/defensoriaparana.com.ar\/wp-content\/uploads\/2023\/05\/ronda-escucha-2.jpg 1600w\" sizes=\"(max-width: 680px) 100vw, 680px\" \/><img loading=\"lazy\" class=\"alignnone wp-image-4780 \" src=\"http:\/\/defensoriaparana.com.ar\/wp-content\/uploads\/2023\/05\/ronda-escucha-1-1024x576.jpg\" alt=\"\" width=\"678\" height=\"381\" srcset=\"https:\/\/defensoriaparana.com.ar\/wp-content\/uploads\/2023\/05\/ronda-escucha-1-1024x576.jpg 1024w, https:\/\/defensoriaparana.com.ar\/wp-content\/uploads\/2023\/05\/ronda-escucha-1-300x169.jpg 300w, https:\/\/defensoriaparana.com.ar\/wp-content\/uploads\/2023\/05\/ronda-escucha-1-768x432.jpg 768w, https:\/\/defensoriaparana.com.ar\/wp-content\/uploads\/2023\/05\/ronda-escucha-1-1536x864.jpg 1536w, https:\/\/defensoriaparana.com.ar\/wp-content\/uploads\/2023\/05\/ronda-escucha-1.jpg 1600w\" sizes=\"(max-width: 678px) 100vw, 678px\" \/><\/p>\n<p>Tambi\u00e9n se abordaron distintas tem\u00e1ticas referidas a, por ejemplo, los j\u00f3venes y el derecho a la salud y a la justicia, y cuestiones de relevancia para pensar y discernir entre quienes forman parte del proyecto educativo. La actividad cont\u00f3 con la participaci\u00f3n de invitados especiales y personas de destacada trayectoria.<\/p>\n<p><img loading=\"lazy\" class=\"alignnone wp-image-4778 \" src=\"http:\/\/defensoriaparana.com.ar\/wp-content\/uploads\/2023\/05\/ronda-escucha-3-1024x718.jpg\" alt=\"\" width=\"692\" height=\"485\" srcset=\"https:\/\/defensoriaparana.com.ar\/wp-content\/uploads\/2023\/05\/ronda-escucha-3-1024x718.jpg 1024w, https:\/\/defensoriaparana.com.ar\/wp-content\/uploads\/2023\/05\/ronda-escucha-3-300x210.jpg 300w, https:\/\/defensoriaparana.com.ar\/wp-content\/uploads\/2023\/05\/ronda-escucha-3-768x539.jpg 768w, https:\/\/defensoriaparana.com.ar\/wp-content\/uploads\/2023\/05\/ronda-escucha-3-1536x1077.jpg 1536w, https:\/\/defensoriaparana.com.ar\/wp-content\/uploads\/2023\/05\/ronda-escucha-3.jpg 1600w\" sizes=\"(max-width: 692px) 100vw, 692px\" \/><\/p>\n","protected":false},"excerpt":{"rendered":"<p>La Defensor\u00eda del Pueblo de la Ciudad de Paran\u00e1 particip\u00f3 de las actividades programadas en conmemoraci\u00f3n de la d\u00e9cada de permanencia y compromiso de la Fundaci\u00f3n Presencia Presente en la zona sureste de la ciudad.\u00a0 \u201c10 a\u00f1os de Gesti\u00f3n Social en la provincia\u201d fue el t\u00edtulo de las jornadas desarrolladas entre el 15 y 18 [&hellip;]<\/p>\n","protected":false},"author":2,"featured_media":4781,"comment_status":"open","ping_status":"open","sticky":false,"template":"","format":"standard","meta":{"om_disable_all_campaigns":false,"_monsterinsights_skip_tracking":false,"_monsterinsights_sitenote_active":false,"_monsterinsights_sitenote_note":"","_monsterinsights_sitenote_category":0},"categories":[1],"tags":[],"_links":{"self":[{"href":"https:\/\/defensoriaparana.com.ar\/index.php\/wp-json\/wp\/v2\/posts\/4777"}],"collection":[{"href":"https:\/\/defensoriaparana.com.ar\/index.php\/wp-json\/wp\/v2\/posts"}],"about":[{"href":"https:\/\/defensoriaparana.com.ar\/index.php\/wp-json\/wp\/v2\/types\/post"}],"author":[{"embeddable":true,"href":"https:\/\/defensoriaparana.com.ar\/index.php\/wp-json\/wp\/v2\/users\/2"}],"replies":[{"embeddable":true,"href":"https:\/\/defensoriaparana.com.ar\/index.php\/wp-json\/wp\/v2\/comments?post=4777"}],"version-history":[{"count":1,"href":"https:\/\/defensoriaparana.com.ar\/index.php\/wp-json\/wp\/v2\/posts\/4777\/revisions"}],"predecessor-version":[{"id":4782,"href":"https:\/\/defensoriaparana.com.ar\/index.php\/wp-json\/wp\/v2\/posts\/4777\/revisions\/4782"}],"wp:featuredmedia":[{"embeddable":true,"href":"https:\/\/defensoriaparana.com.ar\/index.php\/wp-json\/wp\/v2\/media\/4781"}],"wp:attachment":[{"href":"https:\/\/defensoriaparana.com.ar\/index.php\/wp-json\/wp\/v2\/media?parent=4777"}],"wp:term":[{"taxonomy":"category","embeddable":true,"href":"https:\/\/defensoriaparana.com.ar\/index.php\/wp-json\/wp\/v2\/categories?post=4777"},{"taxonomy":"post_tag","embeddable":true,"href":"https:\/\/defensoriaparana.com.ar\/index.php\/wp-json\/wp\/v2\/tags?post=4777"}],"curies":[{"name":"wp","href":"https:\/\/api.w.org\/{rel}","templated":true}]}}