{"id":4787,"date":"2023-06-10T14:36:19","date_gmt":"2023-06-10T14:36:19","guid":{"rendered":"http:\/\/defensoriaparana.com.ar\/?p=4787"},"modified":"2023-06-10T14:36:19","modified_gmt":"2023-06-10T14:36:19","slug":"la-defensoria-brinda-capacitacion-parar-mejorar-la-convivencia-en-ambitos-laborales-educativos-y-comunitarios","status":"publish","type":"post","link":"https:\/\/defensoriaparana.com.ar\/index.php\/2023\/06\/10\/la-defensoria-brinda-capacitacion-parar-mejorar-la-convivencia-en-ambitos-laborales-educativos-y-comunitarios\/","title":{"rendered":"La Defensor\u00eda brinda capacitaci\u00f3n parar mejorar la convivencia en \u00e1mbitos laborales, educativos y comunitarios"},"content":{"rendered":"<p>&nbsp;<\/p>\n<p>El Centro de Mediaci\u00f3n de la Defensor\u00eda del Pueblo de la Ciudad de Paran\u00e1 contin\u00faa con las instancias de capacitaci\u00f3n relacionadas a la b\u00fasqueda de una mejor convivencia en distintos \u00e1mbitos: en el barrio, el lugar de trabajo, la atenci\u00f3n al p\u00fablico, la escuela, en espacios de salud p\u00fablica, entre otros.<\/p>\n<p>En esta oportunidad, durante la ma\u00f1ana del jueves 8, personal de la Direcci\u00f3n General de Habilitaciones de la Municipalidad de Paran\u00e1 particip\u00f3 del taller &#8220;Conversaciones saludables para mejorar la convivencia&#8221;, a cargo de Irina Chausovsky, Coordinadora del Centro de Mediaci\u00f3n.<\/p>\n<p>En mayo se desarroll\u00f3 la capacitaci\u00f3n con personal de Control Urbano de la Municipalidad y en abril, se hizo lo propio con la totalidad de empleados y jueces de los tres Juzgados de Faltas. Tambi\u00e9n, en ese mes se finalizaron talleres iniciados en febrero con el personal del Organismo de Defensa al Consumidor.<\/p>\n<p>La propuesta abarca las miradas de los conflictos cotidianos y las formas de reaccionar ante ellos, percepciones, emociones y herramientas de comunicaci\u00f3n eficaz. Se plantea como un espacio participativo, de intercambio y reflexi\u00f3n personal y grupal.<\/p>\n<p><img loading=\"lazy\" class=\"alignnone wp-image-4788 size-full\" src=\"http:\/\/defensoriaparana.com.ar\/wp-content\/uploads\/2023\/06\/Irina-curso.jpg\" alt=\"\" width=\"989\" height=\"563\" srcset=\"https:\/\/defensoriaparana.com.ar\/wp-content\/uploads\/2023\/06\/Irina-curso.jpg 989w, https:\/\/defensoriaparana.com.ar\/wp-content\/uploads\/2023\/06\/Irina-curso-300x171.jpg 300w, https:\/\/defensoriaparana.com.ar\/wp-content\/uploads\/2023\/06\/Irina-curso-768x437.jpg 768w\" sizes=\"(max-width: 989px) 100vw, 989px\" \/><\/p>\n<p>-Para recordar<\/p>\n<p>&nbsp;<\/p>\n<p>Los talleres son instancias de capacitaci\u00f3n que la Defensor\u00eda del Pueblo brinda en forma gratuita y a pedido de distintas instituciones y organizaciones de la ciudad, con el prop\u00f3sito de promover una convivencia saludable en \u00e1mbitos educativos, laborales y de la comunidad en general.<\/p>\n<p>Las personas interesadas en obtener m\u00e1s informaci\u00f3n pueden dirigirse a calle Hip\u00f3lito Yrigoyen 236, sede de la Defensor\u00eda, o comunicarse con\u00a0 el tel\u00e9fono 4211029, por\u00a0 WhatsApp al 343 5163712 o al\u00a0 mail mediacionparana@hotmail.com. El horario de atenci\u00f3n es de 8 a 13, de lunes a viernes.<\/p>\n<p>&nbsp;<\/p>\n<p><img loading=\"lazy\" class=\"alignnone  wp-image-4791\" src=\"http:\/\/defensoriaparana.com.ar\/wp-content\/uploads\/2023\/06\/irina-2-300x171.jpg\" alt=\"\" width=\"376\" height=\"214\" srcset=\"https:\/\/defensoriaparana.com.ar\/wp-content\/uploads\/2023\/06\/irina-2-300x171.jpg 300w, https:\/\/defensoriaparana.com.ar\/wp-content\/uploads\/2023\/06\/irina-2-1024x582.jpg 1024w, https:\/\/defensoriaparana.com.ar\/wp-content\/uploads\/2023\/06\/irina-2-768x437.jpg 768w, https:\/\/defensoriaparana.com.ar\/wp-content\/uploads\/2023\/06\/irina-2.jpg 1145w\" sizes=\"(max-width: 376px) 100vw, 376px\" \/><img loading=\"lazy\" class=\"alignnone  wp-image-4790\" src=\"http:\/\/defensoriaparana.com.ar\/wp-content\/uploads\/2023\/06\/irina-3-300x171.jpg\" alt=\"\" width=\"367\" height=\"209\" srcset=\"https:\/\/defensoriaparana.com.ar\/wp-content\/uploads\/2023\/06\/irina-3-300x171.jpg 300w, https:\/\/defensoriaparana.com.ar\/wp-content\/uploads\/2023\/06\/irina-3-768x437.jpg 768w, https:\/\/defensoriaparana.com.ar\/wp-content\/uploads\/2023\/06\/irina-3.jpg 995w\" sizes=\"(max-width: 367px) 100vw, 367px\" \/><img loading=\"lazy\" class=\"alignnone  wp-image-4789\" src=\"http:\/\/defensoriaparana.com.ar\/wp-content\/uploads\/2023\/06\/irina-4-300x170.jpg\" alt=\"\" width=\"411\" height=\"233\" srcset=\"https:\/\/defensoriaparana.com.ar\/wp-content\/uploads\/2023\/06\/irina-4-300x170.jpg 300w, https:\/\/defensoriaparana.com.ar\/wp-content\/uploads\/2023\/06\/irina-4-768x436.jpg 768w, https:\/\/defensoriaparana.com.ar\/wp-content\/uploads\/2023\/06\/irina-4.jpg 919w\" sizes=\"(max-width: 411px) 100vw, 411px\" \/><\/p>\n","protected":false},"excerpt":{"rendered":"<p>&nbsp; El Centro de Mediaci\u00f3n de la Defensor\u00eda del Pueblo de la Ciudad de Paran\u00e1 contin\u00faa con las instancias de capacitaci\u00f3n relacionadas a la b\u00fasqueda de una mejor convivencia en distintos \u00e1mbitos: en el barrio, el lugar de trabajo, la atenci\u00f3n al p\u00fablico, la escuela, en espacios de salud p\u00fablica, entre otros. En esta oportunidad, [&hellip;]<\/p>\n","protected":false},"author":2,"featured_media":4788,"comment_status":"open","ping_status":"open","sticky":false,"template":"","format":"standard","meta":{"om_disable_all_campaigns":false,"_monsterinsights_skip_tracking":false,"_monsterinsights_sitenote_active":false,"_monsterinsights_sitenote_note":"","_monsterinsights_sitenote_category":0},"categories":[1],"tags":[],"_links":{"self":[{"href":"https:\/\/defensoriaparana.com.ar\/index.php\/wp-json\/wp\/v2\/posts\/4787"}],"collection":[{"href":"https:\/\/defensoriaparana.com.ar\/index.php\/wp-json\/wp\/v2\/posts"}],"about":[{"href":"https:\/\/defensoriaparana.com.ar\/index.php\/wp-json\/wp\/v2\/types\/post"}],"author":[{"embeddable":true,"href":"https:\/\/defensoriaparana.com.ar\/index.php\/wp-json\/wp\/v2\/users\/2"}],"replies":[{"embeddable":true,"href":"https:\/\/defensoriaparana.com.ar\/index.php\/wp-json\/wp\/v2\/comments?post=4787"}],"version-history":[{"count":1,"href":"https:\/\/defensoriaparana.com.ar\/index.php\/wp-json\/wp\/v2\/posts\/4787\/revisions"}],"predecessor-version":[{"id":4792,"href":"https:\/\/defensoriaparana.com.ar\/index.php\/wp-json\/wp\/v2\/posts\/4787\/revisions\/4792"}],"wp:featuredmedia":[{"embeddable":true,"href":"https:\/\/defensoriaparana.com.ar\/index.php\/wp-json\/wp\/v2\/media\/4788"}],"wp:attachment":[{"href":"https:\/\/defensoriaparana.com.ar\/index.php\/wp-json\/wp\/v2\/media?parent=4787"}],"wp:term":[{"taxonomy":"category","embeddable":true,"href":"https:\/\/defensoriaparana.com.ar\/index.php\/wp-json\/wp\/v2\/categories?post=4787"},{"taxonomy":"post_tag","embeddable":true,"href":"https:\/\/defensoriaparana.com.ar\/index.php\/wp-json\/wp\/v2\/tags?post=4787"}],"curies":[{"name":"wp","href":"https:\/\/api.w.org\/{rel}","templated":true}]}}