{"id":4793,"date":"2023-06-15T00:38:52","date_gmt":"2023-06-15T00:38:52","guid":{"rendered":"http:\/\/defensoriaparana.com.ar\/?p=4793"},"modified":"2023-06-15T00:38:52","modified_gmt":"2023-06-15T00:38:52","slug":"la-mediacion-es-un-recurso-accesible-para-toda-la-ciudadania","status":"publish","type":"post","link":"https:\/\/defensoriaparana.com.ar\/index.php\/2023\/06\/15\/la-mediacion-es-un-recurso-accesible-para-toda-la-ciudadania\/","title":{"rendered":"&#8220;La mediaci\u00f3n es un recurso accesible para toda la ciudadan\u00eda&#8221;"},"content":{"rendered":"<header>\n<div class=\"xdj266r x11i5rnm xat24cr x1mh8g0r x1vvkbs x126k92a\">\n<div dir=\"auto\">&#8220;La mediaci\u00f3n es un recurso accesible para toda la ciudadan\u00eda&#8221;, dijo la Coordinadora del Centro de Mediaci\u00f3n de la Defensor\u00eda del Pueblo de Paran\u00e1, Irina Chusovsky, ante una consulta period\u00edstica.<\/div>\n<\/div>\n<div class=\"x11i5rnm xat24cr x1mh8g0r x1vvkbs xtlvy1s x126k92a\">\n<div dir=\"auto\"><\/div>\n<div dir=\"auto\">Explic\u00f3 que las &#8220;filtraciones de humedad, los perros y las construcciones\u201d son los problemas de convivencia m\u00e1s habituales en las mediaciones y enmarc\u00f3 el trabajo realizado en el recorrido de la Defensor\u00eda del Pueblo de Paran\u00e1, que transita los 20 a\u00f1os de existencia.<\/div>\n<\/div>\n<div class=\"x11i5rnm xat24cr x1mh8g0r x1vvkbs xtlvy1s x126k92a\">\n<div dir=\"auto\"><\/div>\n<div dir=\"auto\">Record\u00f3 que el 25 de junio de 2003 se eligieron los primeros Defensores del Pueblo &#8220;y esa es la fecha fundante&#8221; de la instituci\u00f3n. Durante estas dos d\u00e9cadas, se ha dado &#8220;un proceso de afianzamiento en la comunidad&#8221; muy importante.<\/div>\n<\/div>\n<div class=\"x11i5rnm xat24cr x1mh8g0r x1vvkbs xtlvy1s x126k92a\">\n<div dir=\"auto\"><\/div>\n<div dir=\"auto\">La nota completa de Canal Once<span class=\"x3nfvp2 x1j61x8r x1fcty0u xdj266r xhhsvwb xat24cr xgzva0m xxymvpz xlup9mm x1kky2od\"><img loading=\"lazy\" src=\"https:\/\/static.xx.fbcdn.net\/images\/emoji.php\/v9\/t4f\/1\/16\/1f447.png\" alt=\"\ud83d\udc47\" width=\"16\" height=\"16\" \/><\/span><span class=\"x3nfvp2 x1j61x8r x1fcty0u xdj266r xhhsvwb xat24cr xgzva0m xxymvpz xlup9mm x1kky2od\"><img loading=\"lazy\" src=\"https:\/\/static.xx.fbcdn.net\/images\/emoji.php\/v9\/t4f\/1\/16\/1f447.png\" alt=\"\ud83d\udc47\" width=\"16\" height=\"16\" \/><\/span><\/div>\n<\/div>\n<h2 id=\"nota-title\">\u201cLos conflictos por la convivencia son los m\u00e1s habituales en las mediaciones\u201d<\/h2>\n<section class=\"bajada\">\u201cLos problemas de filtraciones de humedad, los perros y las construcciones\u201d son los problemas de convivencia m\u00e1s habituales en las mediaciones, as\u00ed lo confirm\u00f3 a\u00a0<b>Elonce\u00a0<\/b>la mediadora Irina Chausovsky.<\/section>\n<\/header>\n<div class=\"cont-nota\">\n<article class=\"cont-cuerpo\">\n<div class=\"herramientas\">\n<div class=\"advthis\">\n<div class=\"redes\"><\/div>\n<\/div>\n<\/div>\n<figure class=\"nota-foto\"><img title=\"\" src=\"https:\/\/elonce-media.elonce.com\/fotos-nuevo\/2023\/06\/14\/o_1686761248.jpg\" alt=\"\" width=\"100%\" \/><\/figure>\n<section class=\"texto\">La coordinadora del\u00a0<b>Centro de Mediaci\u00f3n\u00a0<\/b>de la Defensor\u00eda del Pueblo de Paran\u00e1,\u00a0<b>Irina Chausovsky<\/b>, dio cuenta a\u00a0<i>Elonce\u00a0<\/i>de los 20 a\u00f1os de vida institucional de la entidad. \u201cEl 25 de junio fue la primera vez que se designaron los defensores del Pueblo y esa es la fecha fundante de la Defensor\u00eda. Ha sido un proceso de afianzamiento en la comunidad porque en los primeros tiempos llam\u00e1bamos a las instituciones para ofrecer nuestros talleres y\u00a0<b>ahora la demanda llega sola y en cantidad importante<\/b>\u00a0porque con el correr de los a\u00f1os se fue incrementando\u201d.<\/p>\n<figure class=\"embed\"><img title=\"\" src=\"https:\/\/elonce-media.elonce.com\/fotos-nuevo\/2023\/06\/14\/o_1686761247.jpg\" alt=\"\" width=\"640\" \/><\/figure>\n<p>De acuerdo a lo que remarc\u00f3 Chausovsky,\u00a0<b>la mediaci\u00f3n \u201ces un recurso accesible para toda la ciudadan\u00eda y expandi\u00f3 sus posibilidades gracias a la pandemia al incorporar la mediaci\u00f3n a trav\u00e9s de medios tecnol\u00f3gicos\u201d<\/b>. En ese sentido, repas\u00f3 c\u00f3mo fueron los inicios de esta nueva modalidad: \u201cLos mediadores ten\u00edamos temores respecto de si \u00edbamos a poder manejar las situaciones a distancia, si \u00edbamos a poder conectar y ver las emociones como las sentimos de cuerpo entero y otras de las situaciones que nos generaban temor era que los mediadores \u00edbamos a estar en nuestras casas y los participantes de la mediaci\u00f3n en la suya y, si se enojaban, ellos iban a estar muy cerquita, pero nosotros no\u201d. De igual manera, remarc\u00f3 que ninguno de los temores de los mediadores se efectiviz\u00f3 y<b>\u00a0la mediaci\u00f3n virtual \u201cse transform\u00f3 en un recurso muy \u00fatil porque pudimos ver c\u00f3mo a trav\u00e9s de las pantallas se conectan emociones y se generan los climas adecuados\u201d.<\/b><\/p>\n<h5>Los conflictos m\u00e1s habituales<\/h5>\n<p><b>\u201cLa mediaci\u00f3n sigue siendo un recurso posible\u201d,<\/b>\u00a0sentenci\u00f3 la mediadora. Y en esa l\u00ednea, diferenci\u00f3: \u201cLa mediaci\u00f3n del Centro de Mediaci\u00f3n de la Defensor\u00eda del Pueblo de Paran\u00e1 es una instancia que\u00a0<b>se ofrece a los vecinos de manera gratuita y voluntaria<\/b>, y los vecinos invitados pueden aceptar o no; pero en la mediaci\u00f3n pre-judicial, la convocatoria es de car\u00e1cter obligatoria cada vez que se inicia un juicio en ciertas tem\u00e1ticas tipificadas y si se resuelve en esa instancia, el tema se da por concluido\u201d.<\/p>\n<figure class=\"embed\"><img title=\"\" src=\"https:\/\/elonce-media.elonce.com\/fotos-nuevo\/2023\/06\/14\/o_1686761247_1.jpg\" alt=\"\" width=\"640\" \/><\/figure>\n<p><b>\u201cLos conflictos vinculados a la convivencia son los m\u00e1s habituales<\/b>, aquellos con los que nos encontramos y nos desencontramos, como la medianera, las filtraciones de humedad, los \u00e1rboles, la basura, la m\u00fasica, los chicos que juegan a la pelota, el humo del domingo o de otros momentos, como cuando la chimenea est\u00e1 pegada a la medianera y el calor pasa al vecino, lo cual es un problema en el verano\u201d, especific\u00f3 Chausovsky al remarcar: \u201cLos conflictos tienen que ver con situaciones particulares\u201d. \u201cSi uno escucha m\u00fasica a las 10, pero su vecino trabaja de noche y llega a su casa a las 6 o 7, despu\u00e9s quiere descansar. Entonces, todo depende de las situaciones particulares de quienes la viven y de la intensidad del conflicto\u201d, remarc\u00f3.<\/p>\n<p><b>\u201cLos conflictos en los que podemos interceder son los vinculados a la convivencia entre vecinos y respecto de las cuestiones familiares, solo los aspectos econ\u00f3micos\u201d<\/b>, aclar\u00f3 al subrayar uno de los temas a los que suelen atender: \u201cCuando diferentes ramas de una misma familia viven en un mismo terreno\u201d.<\/p>\n<p>De acuerdo a lo que coment\u00f3, &#8220;los problemas de filtraciones de humedad, los perros y las construcciones\u201d son los problemas de convivencia m\u00e1s habituales en las mediaciones.<\/p>\n<p>En el caso de los acuerdos por cuota alimentaria entre padres separados, refiri\u00f3 que \u201cel convenio entre partes vale porque se pone la firma, pero no tiene ejecutabilidad; aunque s\u00ed puede servir para un reclamo judicial\u201d.<\/p>\n<figure class=\"embed\"><img title=\"\" src=\"https:\/\/elonce-media.elonce.com\/fotos-nuevo\/2016\/11\/11\/o_1478884047.jpg\" alt=\"\" width=\"640\" \/><\/figure>\n<p>Seg\u00fan recalc\u00f3 Chausovsky,\u00a0<b>la tarea de los mediadores es la de \u201cinvitar a las partes a conversar, a encontrarse, a mejorar una conversaci\u00f3n que ven\u00eda complicada o a tener una conversaci\u00f3n que no exist\u00eda\u201d<\/b>. \u201cLa invitaci\u00f3n al encuentro es para que cada uno explique qu\u00e9 le afecta y c\u00f3mo se siente, qu\u00e9 valor tiene cada situaci\u00f3n\u201d, destac\u00f3 al revelar que<b>\u00a0\u201cde 500 casos que atienden por a\u00f1o, existe entre un 85 y 90% de resoluci\u00f3n\u201d.<\/b><\/p>\n<p>Los interesados en mayor informaci\u00f3n deben dirigirse a calle Irigoyen 236, de lunes a viernes de 8 a 13; o comunic\u00e1ndose al 4211029 o v\u00eda WhatsApp al 343 5163712.\u00a0<i>(Elonce)<\/i><\/section>\n<\/article>\n<\/div>\n","protected":false},"excerpt":{"rendered":"<p>&#8220;La mediaci\u00f3n es un recurso accesible para toda la ciudadan\u00eda&#8221;, dijo la Coordinadora del Centro de Mediaci\u00f3n de la Defensor\u00eda del Pueblo de Paran\u00e1, Irina Chusovsky, ante una consulta period\u00edstica. Explic\u00f3 que las &#8220;filtraciones de humedad, los perros y las construcciones\u201d son los problemas de convivencia m\u00e1s habituales en las mediaciones y enmarc\u00f3 el trabajo [&hellip;]<\/p>\n","protected":false},"author":2,"featured_media":4794,"comment_status":"open","ping_status":"open","sticky":false,"template":"","format":"standard","meta":{"om_disable_all_campaigns":false,"_monsterinsights_skip_tracking":false,"_monsterinsights_sitenote_active":false,"_monsterinsights_sitenote_note":"","_monsterinsights_sitenote_category":0},"categories":[1],"tags":[],"_links":{"self":[{"href":"https:\/\/defensoriaparana.com.ar\/index.php\/wp-json\/wp\/v2\/posts\/4793"}],"collection":[{"href":"https:\/\/defensoriaparana.com.ar\/index.php\/wp-json\/wp\/v2\/posts"}],"about":[{"href":"https:\/\/defensoriaparana.com.ar\/index.php\/wp-json\/wp\/v2\/types\/post"}],"author":[{"embeddable":true,"href":"https:\/\/defensoriaparana.com.ar\/index.php\/wp-json\/wp\/v2\/users\/2"}],"replies":[{"embeddable":true,"href":"https:\/\/defensoriaparana.com.ar\/index.php\/wp-json\/wp\/v2\/comments?post=4793"}],"version-history":[{"count":1,"href":"https:\/\/defensoriaparana.com.ar\/index.php\/wp-json\/wp\/v2\/posts\/4793\/revisions"}],"predecessor-version":[{"id":4795,"href":"https:\/\/defensoriaparana.com.ar\/index.php\/wp-json\/wp\/v2\/posts\/4793\/revisions\/4795"}],"wp:featuredmedia":[{"embeddable":true,"href":"https:\/\/defensoriaparana.com.ar\/index.php\/wp-json\/wp\/v2\/media\/4794"}],"wp:attachment":[{"href":"https:\/\/defensoriaparana.com.ar\/index.php\/wp-json\/wp\/v2\/media?parent=4793"}],"wp:term":[{"taxonomy":"category","embeddable":true,"href":"https:\/\/defensoriaparana.com.ar\/index.php\/wp-json\/wp\/v2\/categories?post=4793"},{"taxonomy":"post_tag","embeddable":true,"href":"https:\/\/defensoriaparana.com.ar\/index.php\/wp-json\/wp\/v2\/tags?post=4793"}],"curies":[{"name":"wp","href":"https:\/\/api.w.org\/{rel}","templated":true}]}}