{"id":4804,"date":"2023-06-25T16:06:37","date_gmt":"2023-06-25T16:06:37","guid":{"rendered":"http:\/\/defensoriaparana.com.ar\/?p=4804"},"modified":"2023-06-25T16:10:40","modified_gmt":"2023-06-25T16:10:40","slug":"en-el-dia-de-la-ciudad-y-del-vecino-la-defensoria-del-pueblo-cumple-20-anos","status":"publish","type":"post","link":"https:\/\/defensoriaparana.com.ar\/index.php\/2023\/06\/25\/en-el-dia-de-la-ciudad-y-del-vecino-la-defensoria-del-pueblo-cumple-20-anos\/","title":{"rendered":"En el D\u00eda de la Ciudad y del Vecino, la Defensor\u00eda del Pueblo cumple 20 a\u00f1os"},"content":{"rendered":"<p>En este d\u00eda, en el que la ciudad festeja sus 210 de historia, la Defensor\u00eda del Pueblo conmemora esta fecha y celebra un acontecimiento fundamental de su trayectoria: los 20 a\u00f1os de la elecci\u00f3n de los primeros Defensores de Paran\u00e1.<\/p>\n<p>El 25 de junio de 2003, el Concejo Deliberante design\u00f3 a Jorge Kerz como Defensor del Pueblo titular y a Martha Benedetto, en la funci\u00f3n de adjunta, y fue el paso fundamental para que comenzara a funcionar esta instituci\u00f3n que robustece la democracia y la ciudadan\u00eda. \u00a0Por ello, esta fecha es considerada fundacional para la Defensor\u00eda del Pueblo, por lo que hoy se evoca el inicio de dos d\u00e9cadas de trabajo comprometido con la defensa de los derechos ciudadanos. Este aniversario tiene como marco la celebraci\u00f3n de los 40 a\u00f1os de democracia, los que resignifica el valor y sentido de la instituci\u00f3n.<\/p>\n<p>Casi 40.000 actuaciones computadas, m\u00e1s otro volumen significativo de intervenciones fuera de registro, son reflejo de lo realizado por la instituci\u00f3n, primera -y hasta ahora \u00fanica- de su tipo en la provincia de Entre R\u00edos.<\/p>\n<p>La Defensor\u00eda del Pueblo tambi\u00e9n recuerda otra importante celebraci\u00f3n en este 25 de junio, que es un reconocimiento y revalorizaci\u00f3n de los habitantes de la ciudad: el D\u00eda Municipal del Vecino, instaurado en 2000 por la ordenanza 8193.<\/p>\n<p>En esta fecha, que rememora estos acontecimientos trascendentales de la ciudad, la Defensor\u00eda del Pueblo saluda a los paranaenses y recuerda que este lunes comenzar\u00e1 una agenda de actividades abiertas a la comunidad por el vig\u00e9simo aniversario de la instituci\u00f3n. Se invita a la ciudadan\u00eda a participar de las diferentes propuestas. Ver info <a href=\"http:\/\/defensoriaparana.com.ar\/index.php\/2023\/06\/22\/la-defensoria-del-pueblo-cumple-20-anos-habra-una-semana-de-actividades-y-una-reunion-de-defensores-del-pais\/\">http:\/\/defensoriaparana.com.ar\/index.php\/2023\/06\/22\/la-defensoria-del-pueblo-cumple-20-anos-habra-una-semana-de-actividades-y-una-reunion-de-defensores-del-pais\/<\/a><\/p>\n","protected":false},"excerpt":{"rendered":"<p>En este d\u00eda, en el que la ciudad festeja sus 210 de historia, la Defensor\u00eda del Pueblo conmemora esta fecha y celebra un acontecimiento fundamental de su trayectoria: los 20 a\u00f1os de la elecci\u00f3n de los primeros Defensores de Paran\u00e1. El 25 de junio de 2003, el Concejo Deliberante design\u00f3 a Jorge Kerz como Defensor [&hellip;]<\/p>\n","protected":false},"author":2,"featured_media":4805,"comment_status":"open","ping_status":"open","sticky":false,"template":"","format":"standard","meta":{"om_disable_all_campaigns":false,"_monsterinsights_skip_tracking":false,"_monsterinsights_sitenote_active":false,"_monsterinsights_sitenote_note":"","_monsterinsights_sitenote_category":0},"categories":[1],"tags":[],"_links":{"self":[{"href":"https:\/\/defensoriaparana.com.ar\/index.php\/wp-json\/wp\/v2\/posts\/4804"}],"collection":[{"href":"https:\/\/defensoriaparana.com.ar\/index.php\/wp-json\/wp\/v2\/posts"}],"about":[{"href":"https:\/\/defensoriaparana.com.ar\/index.php\/wp-json\/wp\/v2\/types\/post"}],"author":[{"embeddable":true,"href":"https:\/\/defensoriaparana.com.ar\/index.php\/wp-json\/wp\/v2\/users\/2"}],"replies":[{"embeddable":true,"href":"https:\/\/defensoriaparana.com.ar\/index.php\/wp-json\/wp\/v2\/comments?post=4804"}],"version-history":[{"count":1,"href":"https:\/\/defensoriaparana.com.ar\/index.php\/wp-json\/wp\/v2\/posts\/4804\/revisions"}],"predecessor-version":[{"id":4806,"href":"https:\/\/defensoriaparana.com.ar\/index.php\/wp-json\/wp\/v2\/posts\/4804\/revisions\/4806"}],"wp:featuredmedia":[{"embeddable":true,"href":"https:\/\/defensoriaparana.com.ar\/index.php\/wp-json\/wp\/v2\/media\/4805"}],"wp:attachment":[{"href":"https:\/\/defensoriaparana.com.ar\/index.php\/wp-json\/wp\/v2\/media?parent=4804"}],"wp:term":[{"taxonomy":"category","embeddable":true,"href":"https:\/\/defensoriaparana.com.ar\/index.php\/wp-json\/wp\/v2\/categories?post=4804"},{"taxonomy":"post_tag","embeddable":true,"href":"https:\/\/defensoriaparana.com.ar\/index.php\/wp-json\/wp\/v2\/tags?post=4804"}],"curies":[{"name":"wp","href":"https:\/\/api.w.org\/{rel}","templated":true}]}}